{"id":141581,"date":"2022-02-23T14:49:24","date_gmt":"2022-02-23T19:49:24","guid":{"rendered":"https:\/\/linitiative.ca\/International\/crise-au-sein-de-la-fbf-il-faut-sauver-le-football-burkinabe\/"},"modified":"2022-02-23T14:49:24","modified_gmt":"2022-02-23T19:49:24","slug":"crise-au-sein-de-la-fbf-il-faut-sauver-le-football-burkinabe","status":"publish","type":"post","link":"https:\/\/linitiative.ca\/International\/crise-au-sein-de-la-fbf-il-faut-sauver-le-football-burkinabe\/","title":{"rendered":"CRISE AU SEIN DE LA FBF  \u00a0: Il faut sauver le football burkinab\u00e8  \u00a0"},"content":{"rendered":"<div>\n<p><img decoding=\"async\" width=\"297\" height=\"300\" src=\"https:\/\/linitiative.ca\/International\/wp-content\/uploads\/sites\/23\/2022\/02\/RAMDE.jpg\" class=\"attachment- size- wp-post-image\" alt=\"\" loading=\"lazy\" style=\"float:left; margin:0 15px 15px 0;\">C\u2019est loin d\u2019\u00eatre l\u2019atmosph\u00e8re bon enfant au sein de la F\u00e9d\u00e9ration burkinab\u00e8 de football (FBF).\u00a0 A couteaux tir\u00e9s, les membres de son Comit\u00e9 ex\u00e9cutif divis\u00e9s en deux camps, n\u2019ont pas la m\u00eame position quant au sort qui doit \u00eatre r\u00e9serv\u00e9 au s\u00e9lectionneur national, Kamou Malo, [\u2026]<\/p>\n<p>L\u2019article <a rel=\"nofollow\" href=\"https:\/\/lepays.bf\/crise-au-sein-de-la-fbf-il-faut-sauver-le-football-burkinabe\/\">CRISE AU SEIN DE LA FBF  \u00a0: Il faut sauver le football burkinab\u00e8  \u00a0<\/a> est apparu en premier sur <a rel=\"nofollow\" href=\"https:\/\/lepays.bf\/\">Editions Le Pays<\/a>.<\/p>\n<\/div>\n<p>Auteur: Editions LEPAYS<br \/>\n<a href=\"https:\/\/lepays.bf\/crise-au-sein-de-la-fbf-il-faut-sauver-le-football-burkinabe\/\">Cliquez ici pour lire l&rsquo;article depuis sa source.<\/a><\/p>\n","protected":false},"excerpt":{"rendered":"<p>C\u2019est loin d\u2019\u00eatre l\u2019atmosph\u00e8re bon enfant au sein de la F\u00e9d\u00e9ration burkinab\u00e8 de football (FBF).\u00a0 A couteaux tir\u00e9s, les membres de son Comit\u00e9 ex\u00e9cutif divis\u00e9s en deux camps, n\u2019ont pas la m\u00eame position quant au sort qui doit \u00eatre r\u00e9serv\u00e9 au s\u00e9lectionneur national, Kamou Malo, [\u2026] L\u2019article CRISE AU SEIN DE LA FBF \u00a0: Il [&hellip;]<\/p>\n","protected":false},"author":1813,"featured_media":0,"comment_status":"closed","ping_status":"closed","sticky":false,"template":"","format":"standard","meta":{"fifu_image_url":"https:\/\/lepays.bf\/wp-content\/uploads\/2022\/02\/RAMDE.jpg","fifu_image_alt":"CRISE AU SEIN DE LA FBF  \u00a0: Il faut sauver le football burkinab\u00e8  \u00a0","footnotes":""},"categories":[73,81],"tags":[],"class_list":["post-141581","post","type-post","status-publish","format-standard","hentry","category-actualite","category-burkina-faso"],"_links":{"self":[{"href":"https:\/\/linitiative.ca\/International\/wp-json\/wp\/v2\/posts\/141581","targetHints":{"allow":["GET"]}}],"collection":[{"href":"https:\/\/linitiative.ca\/International\/wp-json\/wp\/v2\/posts"}],"about":[{"href":"https:\/\/linitiative.ca\/International\/wp-json\/wp\/v2\/types\/post"}],"author":[{"embeddable":true,"href":"https:\/\/linitiative.ca\/International\/wp-json\/wp\/v2\/users\/1813"}],"replies":[{"embeddable":true,"href":"https:\/\/linitiative.ca\/International\/wp-json\/wp\/v2\/comments?post=141581"}],"version-history":[{"count":0,"href":"https:\/\/linitiative.ca\/International\/wp-json\/wp\/v2\/posts\/141581\/revisions"}],"wp:attachment":[{"href":"https:\/\/linitiative.ca\/International\/wp-json\/wp\/v2\/media?parent=141581"}],"wp:term":[{"taxonomy":"category","embeddable":true,"href":"https:\/\/linitiative.ca\/International\/wp-json\/wp\/v2\/categories?post=141581"},{"taxonomy":"post_tag","embeddable":true,"href":"https:\/\/linitiative.ca\/International\/wp-json\/wp\/v2\/tags?post=141581"}],"curies":[{"name":"wp","href":"https:\/\/api.w.org\/{rel}","templated":true}]}}