{"id":141585,"date":"2022-02-23T07:53:20","date_gmt":"2022-02-23T12:53:20","guid":{"rendered":"https:\/\/linitiative.ca\/International\/diplomatie-burkinabe-des-ambassadeurs-recoivent-les-orientations-du-president-du-faso\/"},"modified":"2022-02-23T07:53:20","modified_gmt":"2022-02-23T12:53:20","slug":"diplomatie-burkinabe-des-ambassadeurs-recoivent-les-orientations-du-president-du-faso","status":"publish","type":"post","link":"https:\/\/linitiative.ca\/International\/diplomatie-burkinabe-des-ambassadeurs-recoivent-les-orientations-du-president-du-faso\/","title":{"rendered":"Diplomatie burkinab\u00e8 : des ambassadeurs re\u00e7oivent les orientations du pr\u00e9sident du Faso"},"content":{"rendered":"<div>\n<div class=\"kvgmc6g5 cxmmr5t8 oygrvhab hcukyx3x c1et5uql ii04i59q\">\n<div dir=\"auto\">Le pr\u00e9sident du Faso le Lieutenant-Colonel Paul-Henri Sandaogo Damiba a re\u00e7u hier mardi 22 f\u00e9vrier en fin de matin\u00e9e en audience, une d\u00e9l\u00e9gation d\u2019ambassadeurs couvrant plusieurs juridictions et repr\u00e9sentations permanents du Burkina Faso au sein d\u2019organisations sous-r\u00e9gionales ou internationales. Il s\u2019agit des ambassadeurs en poste \u00e0 Bamako, Accra, Bruxelles, Washington, Gen\u00e8ve, New York, Addis-Abeba et Paris. Les diplomates burkinab\u00e8 ont \u00e9chang\u00e9 avec le chef de l\u2019Etat sur la situation actuelle du pays, l\u2019\u00e9tat de la coop\u00e9ration avec leurs pays d\u2019accr\u00e9ditation ainsi que les initiatives prises au regard de la situation nationale.<\/div>\n<\/div>\n<div class=\"cxmmr5t8 oygrvhab hcukyx3x c1et5uql o9v6fnle ii04i59q\">\n<div dir=\"auto\">\u00ab Le chef de l\u2019Etat nous a donn\u00e9 des cadrages et des orientations afin de nous permettre de continuer notre mission dans la s\u00e9r\u00e9nit\u00e9 \u00bb, a d\u00e9clar\u00e9 l\u2019ambassadeur du Burkina au Mali, le G\u00e9n\u00e9ral Kodjo Lougu\u00e9 \u00e0 l\u2019issue de l\u2019entrevue avec le pr\u00e9sident du Faso. Les diplomates burkinab\u00e8 vont aussi poursuivre \u00ab les \u00e9changes bilat\u00e9raux et multilat\u00e9raux avec nos partenaires et amis du Burkina Faso \u00bb, a-t-il poursuivi.<\/div>\n<div dir=\"auto\"><img decoding=\"async\" loading=\"lazy\" class=\"alignnone wp-image-45997 size-full\" src=\"https:\/\/linitiative.ca\/International\/wp-content\/uploads\/sites\/23\/2022\/02\/Ph-SANDAOGO.jpg\" alt=\"\" width=\"960\" height=\"640\" srcset=\"https:\/\/linitiative.ca\/International\/wp-content\/uploads\/sites\/23\/2022\/02\/Ph-SANDAOGO.jpg 960w, https:\/\/www.sidwaya.info\/wp-content\/uploads\/2022\/02\/Ph-SANDAOGO-300x200.jpg 300w, https:\/\/www.sidwaya.info\/wp-content\/uploads\/2022\/02\/Ph-SANDAOGO-768x512.jpg 768w, https:\/\/www.sidwaya.info\/wp-content\/uploads\/2022\/02\/Ph-SANDAOGO-150x100.jpg 150w, https:\/\/www.sidwaya.info\/wp-content\/uploads\/2022\/02\/Ph-SANDAOGO-696x464.jpg 696w, https:\/\/www.sidwaya.info\/wp-content\/uploads\/2022\/02\/Ph-SANDAOGO-630x420.jpg 630w\" sizes=\"auto, (max-width: 960px) 100vw, 960px\"><\/div>\n<div dir=\"auto\">Selon l\u2019ambassadeur du Burkina Faso en Ethiopie, Repr\u00e9sentant permanent aupr\u00e8s de l\u2019Union africaine et de la Commission \u00e9conomique des Nations unies pour l\u2019Afrique, Olivia Rouamba, les relations avec les pays d\u2019accr\u00e9ditation sont toujours excellentes notamment dans le volet coop\u00e9ration bilat\u00e9rale. Cette rencontre avec le pr\u00e9sident Damiba est donc une occasion de \u00ab mener une r\u00e9flexion pour voir comment on pourrait rassurer nos diff\u00e9rents partenaires et aussi consolider les aspects qui le n\u00e9cessitent au regard des priorit\u00e9s que l\u2019Etat burkinab\u00e8 se donne, notamment la restauration de l\u2019integrit\u00e9 territoriale et la lutte contre le terrorisme \u00bb a conclu l\u2019ambassadeur Olivia Rouamba.<\/div>\n<\/div>\n<div class=\"cxmmr5t8 oygrvhab hcukyx3x c1et5uql o9v6fnle ii04i59q\">\n<div dir=\"auto\"><strong>Direction de la communication de la pr\u00e9sidence du Faso<\/strong><\/div>\n<\/div>\n<p>L\u2019article <a rel=\"nofollow\" href=\"https:\/\/www.sidwaya.info\/blog\/2022\/02\/23\/diplomatie-burkinabe-des-ambassadeurs-recoivent-les-orientations-du-president-du-faso\/\">Diplomatie burkinab\u00e8 : des ambassadeurs re\u00e7oivent les orientations du pr\u00e9sident du Faso<\/a> est apparu en premier sur <a rel=\"nofollow\" href=\"https:\/\/www.sidwaya.info\/\">Quotidien Sidwaya<\/a>.<\/p>\n<\/div>\n<p>Auteur: Wamini SIDWAYA<br \/>\n<a href=\"https:\/\/www.sidwaya.info\/blog\/2022\/02\/23\/diplomatie-burkinabe-des-ambassadeurs-recoivent-les-orientations-du-president-du-faso\/?utm_source=rss&#038;utm_medium=rss&#038;utm_campaign=diplomatie-burkinabe-des-ambassadeurs-recoivent-les-orientations-du-president-du-faso\">Cliquez ici pour lire l&rsquo;article depuis sa source.<\/a><\/p>\n","protected":false},"excerpt":{"rendered":"<p>Le pr\u00e9sident du Faso le Lieutenant-Colonel Paul-Henri Sandaogo Damiba a re\u00e7u hier mardi 22 f\u00e9vrier en fin de matin\u00e9e en audience, une d\u00e9l\u00e9gation d\u2019ambassadeurs couvrant plusieurs juridictions et repr\u00e9sentations permanents du Burkina Faso au sein d\u2019organisations sous-r\u00e9gionales ou internationales. Il s\u2019agit des ambassadeurs en poste \u00e0 Bamako, Accra, Bruxelles, Washington, Gen\u00e8ve, New York, Addis-Abeba et [&hellip;]<\/p>\n","protected":false},"author":1816,"featured_media":0,"comment_status":"closed","ping_status":"closed","sticky":false,"template":"","format":"standard","meta":{"fifu_image_url":"https:\/\/www.sidwaya.info\/wp-content\/uploads\/2022\/02\/Ph-SANDAOGO.jpg","fifu_image_alt":"Diplomatie burkinab\u00e8 : des ambassadeurs re\u00e7oivent les orientations du pr\u00e9sident du Faso","footnotes":""},"categories":[73,81],"tags":[],"class_list":["post-141585","post","type-post","status-publish","format-standard","hentry","category-actualite","category-burkina-faso"],"_links":{"self":[{"href":"https:\/\/linitiative.ca\/International\/wp-json\/wp\/v2\/posts\/141585","targetHints":{"allow":["GET"]}}],"collection":[{"href":"https:\/\/linitiative.ca\/International\/wp-json\/wp\/v2\/posts"}],"about":[{"href":"https:\/\/linitiative.ca\/International\/wp-json\/wp\/v2\/types\/post"}],"author":[{"embeddable":true,"href":"https:\/\/linitiative.ca\/International\/wp-json\/wp\/v2\/users\/1816"}],"replies":[{"embeddable":true,"href":"https:\/\/linitiative.ca\/International\/wp-json\/wp\/v2\/comments?post=141585"}],"version-history":[{"count":0,"href":"https:\/\/linitiative.ca\/International\/wp-json\/wp\/v2\/posts\/141585\/revisions"}],"wp:attachment":[{"href":"https:\/\/linitiative.ca\/International\/wp-json\/wp\/v2\/media?parent=141585"}],"wp:term":[{"taxonomy":"category","embeddable":true,"href":"https:\/\/linitiative.ca\/International\/wp-json\/wp\/v2\/categories?post=141585"},{"taxonomy":"post_tag","embeddable":true,"href":"https:\/\/linitiative.ca\/International\/wp-json\/wp\/v2\/tags?post=141585"}],"curies":[{"name":"wp","href":"https:\/\/api.w.org\/{rel}","templated":true}]}}