{"id":141587,"date":"2022-02-23T10:05:00","date_gmt":"2022-02-23T15:05:00","guid":{"rendered":"https:\/\/linitiative.ca\/International\/burkina-paul-henri-damiba-recoit-le-rapport-de-la-commission-technique-delaboration-du-projet-de-textes-et-agenda-de-la-transition\/"},"modified":"2022-02-23T10:05:00","modified_gmt":"2022-02-23T15:05:00","slug":"burkina-paul-henri-damiba-recoit-le-rapport-de-la-commission-technique-delaboration-du-projet-de-textes-et-agenda-de-la-transition","status":"publish","type":"post","link":"https:\/\/linitiative.ca\/International\/burkina-paul-henri-damiba-recoit-le-rapport-de-la-commission-technique-delaboration-du-projet-de-textes-et-agenda-de-la-transition\/","title":{"rendered":"Burkina : Paul-Henri Damiba re\u00e7oit le rapport de la commission technique d\u2019\u00e9laboration du Projet de textes et agenda de la Transition"},"content":{"rendered":"<div>\n<p>\u00a0<\/p>\n<p>Le pr\u00e9sident du Faso, le lieutenant-colonel Paul-Henri Sandaogo Damiba, pr\u00e9sident du Mouvement Patriotique pour la Sauvegarde et la Restauration (MPSR) a re\u00e7u ce mercredi 23 f\u00e9vrier 2022 \u00e0 Ouagadougou, le rapport de la Commission technique d\u2019\u00e9laboration de projets de textes et de l\u2019agenda de la Transition. Ce rapport compos\u00e9 du projet de charte constitutionnelle pour la Transition, de l\u2019agenda de la Transition et d\u2019une charte des valeurs pour soutenir la refondation annonc\u00e9e par le pr\u00e9sident du Faso.<br \/>\nInstall\u00e9e le 8 f\u00e9vrier dernier par le chef de l\u2019Etat, la Commission technique d\u2019\u00e9laboration de projets de textes et de l\u2019agenda de la Transition avait un d\u00e9lai de deux semaines pour d\u00e9poser son rapport.<br \/>\nLa R\u00e9daction<\/p>\n<p>L\u2019article <a rel=\"nofollow\" href=\"https:\/\/www.sidwaya.info\/blog\/2022\/02\/23\/burkina-paul-henri-damiba-recoit-le-rapport-de-la-commission-technique-delaboration-du-projet-de-textes-et-agenda-de-la-transition\/\">Burkina : Paul-Henri Damiba re\u00e7oit le rapport de la commission technique d\u2019\u00e9laboration du Projet de textes et agenda de la Transition<\/a> est apparu en premier sur <a rel=\"nofollow\" href=\"https:\/\/www.sidwaya.info\/\">Quotidien Sidwaya<\/a>.<\/p>\n<\/div>\n<p>Auteur: BS. Sidwaya<br \/>\n<a href=\"https:\/\/www.sidwaya.info\/blog\/2022\/02\/23\/burkina-paul-henri-damiba-recoit-le-rapport-de-la-commission-technique-delaboration-du-projet-de-textes-et-agenda-de-la-transition\/?utm_source=rss&#038;utm_medium=rss&#038;utm_campaign=burkina-paul-henri-damiba-recoit-le-rapport-de-la-commission-technique-delaboration-du-projet-de-textes-et-agenda-de-la-transition\">Cliquez ici pour lire l&rsquo;article depuis sa source.<\/a><\/p>\n","protected":false},"excerpt":{"rendered":"<p>\u00a0 Le pr\u00e9sident du Faso, le lieutenant-colonel Paul-Henri Sandaogo Damiba, pr\u00e9sident du Mouvement Patriotique pour la Sauvegarde et la Restauration (MPSR) a re\u00e7u ce mercredi 23 f\u00e9vrier 2022 \u00e0 Ouagadougou, le rapport de la Commission technique d\u2019\u00e9laboration de projets de textes et de l\u2019agenda de la Transition. Ce rapport compos\u00e9 du projet de charte constitutionnelle [&hellip;]<\/p>\n","protected":false},"author":1816,"featured_media":0,"comment_status":"closed","ping_status":"closed","sticky":false,"template":"","format":"standard","meta":{"fifu_image_url":"","fifu_image_alt":"","footnotes":""},"categories":[73,81],"tags":[],"class_list":["post-141587","post","type-post","status-publish","format-standard","hentry","category-actualite","category-burkina-faso"],"_links":{"self":[{"href":"https:\/\/linitiative.ca\/International\/wp-json\/wp\/v2\/posts\/141587","targetHints":{"allow":["GET"]}}],"collection":[{"href":"https:\/\/linitiative.ca\/International\/wp-json\/wp\/v2\/posts"}],"about":[{"href":"https:\/\/linitiative.ca\/International\/wp-json\/wp\/v2\/types\/post"}],"author":[{"embeddable":true,"href":"https:\/\/linitiative.ca\/International\/wp-json\/wp\/v2\/users\/1816"}],"replies":[{"embeddable":true,"href":"https:\/\/linitiative.ca\/International\/wp-json\/wp\/v2\/comments?post=141587"}],"version-history":[{"count":0,"href":"https:\/\/linitiative.ca\/International\/wp-json\/wp\/v2\/posts\/141587\/revisions"}],"wp:attachment":[{"href":"https:\/\/linitiative.ca\/International\/wp-json\/wp\/v2\/media?parent=141587"}],"wp:term":[{"taxonomy":"category","embeddable":true,"href":"https:\/\/linitiative.ca\/International\/wp-json\/wp\/v2\/categories?post=141587"},{"taxonomy":"post_tag","embeddable":true,"href":"https:\/\/linitiative.ca\/International\/wp-json\/wp\/v2\/tags?post=141587"}],"curies":[{"name":"wp","href":"https:\/\/api.w.org\/{rel}","templated":true}]}}