{"id":141588,"date":"2022-02-23T10:12:32","date_gmt":"2022-02-23T15:12:32","guid":{"rendered":"https:\/\/linitiative.ca\/International\/football-oscar-barro-pour-assurer-linterim-a-la-tete-des-etalons\/"},"modified":"2022-02-23T10:12:32","modified_gmt":"2022-02-23T15:12:32","slug":"football-oscar-barro-pour-assurer-linterim-a-la-tete-des-etalons","status":"publish","type":"post","link":"https:\/\/linitiative.ca\/International\/football-oscar-barro-pour-assurer-linterim-a-la-tete-des-etalons\/","title":{"rendered":"Football : Oscar Barro pour assurer l\u2019int\u00e9rim \u00e0 la t\u00eate des Etalons"},"content":{"rendered":"<div>\n<p>L\u2019entraineur des Etalons locaux, Oscar Barro va assurer l\u2019int\u00e9rim \u00e0 la t\u00eate des \u00e9talons du Burkina en attendant le recrutement d\u2019un s\u00e9lectionneur officiel.\u00a0Il sera accompagn\u00e9 de Amadou Sampo et de l\u2019entraineur des Juniors U20, Boureima Zongo.\u00a0Daouda Diakit\u00e9, l\u2019ex gardien de but des Etalons assurera le poste de l\u2019entra\u00eeneur des gardiens.<\/p>\n<p>Ce staff technique int\u00e9rimaire aura pour mission de conduire les Etalons pour les deux matchs amicaux \u00e0 venir contre le Kossovo le 26 mars et la Belgique 29 du m\u00eame mois.<\/p>\n<p>En rappel, la F\u00e9d\u00e9ration burkinab\u00e8 de football n\u2019a pas souhait\u00e9 renouveler les contrats du staff technique sortant conduit par Kamou Malo et ses adjoints.<\/p>\n<p><strong>La R\u00e9daction<\/strong><\/p>\n<p>L\u2019article <a rel=\"nofollow\" href=\"https:\/\/www.sidwaya.info\/blog\/2022\/02\/23\/football-oscar-barro-pour-assurer-linterim-a-la-tete-des-etalons\/\">Football : Oscar Barro pour assurer l\u2019int\u00e9rim \u00e0 la t\u00eate des Etalons<\/a> est apparu en premier sur <a rel=\"nofollow\" href=\"https:\/\/www.sidwaya.info\/\">Quotidien Sidwaya<\/a>.<\/p>\n<\/div>\n<p>Auteur: Wamini SIDWAYA<br \/>\n<a href=\"https:\/\/www.sidwaya.info\/blog\/2022\/02\/23\/football-oscar-barro-pour-assurer-linterim-a-la-tete-des-etalons\/?utm_source=rss&#038;utm_medium=rss&#038;utm_campaign=football-oscar-barro-pour-assurer-linterim-a-la-tete-des-etalons\">Cliquez ici pour lire l&rsquo;article depuis sa source.<\/a><\/p>\n","protected":false},"excerpt":{"rendered":"<p>L\u2019entraineur des Etalons locaux, Oscar Barro va assurer l\u2019int\u00e9rim \u00e0 la t\u00eate des \u00e9talons du Burkina en attendant le recrutement d\u2019un s\u00e9lectionneur officiel.\u00a0Il sera accompagn\u00e9 de Amadou Sampo et de l\u2019entraineur des Juniors U20, Boureima Zongo.\u00a0Daouda Diakit\u00e9, l\u2019ex gardien de but des Etalons assurera le poste de l\u2019entra\u00eeneur des gardiens. Ce staff technique int\u00e9rimaire aura [&hellip;]<\/p>\n","protected":false},"author":1816,"featured_media":0,"comment_status":"closed","ping_status":"closed","sticky":false,"template":"","format":"standard","meta":{"fifu_image_url":"","fifu_image_alt":"","footnotes":""},"categories":[73,81],"tags":[],"class_list":["post-141588","post","type-post","status-publish","format-standard","hentry","category-actualite","category-burkina-faso"],"_links":{"self":[{"href":"https:\/\/linitiative.ca\/International\/wp-json\/wp\/v2\/posts\/141588","targetHints":{"allow":["GET"]}}],"collection":[{"href":"https:\/\/linitiative.ca\/International\/wp-json\/wp\/v2\/posts"}],"about":[{"href":"https:\/\/linitiative.ca\/International\/wp-json\/wp\/v2\/types\/post"}],"author":[{"embeddable":true,"href":"https:\/\/linitiative.ca\/International\/wp-json\/wp\/v2\/users\/1816"}],"replies":[{"embeddable":true,"href":"https:\/\/linitiative.ca\/International\/wp-json\/wp\/v2\/comments?post=141588"}],"version-history":[{"count":0,"href":"https:\/\/linitiative.ca\/International\/wp-json\/wp\/v2\/posts\/141588\/revisions"}],"wp:attachment":[{"href":"https:\/\/linitiative.ca\/International\/wp-json\/wp\/v2\/media?parent=141588"}],"wp:term":[{"taxonomy":"category","embeddable":true,"href":"https:\/\/linitiative.ca\/International\/wp-json\/wp\/v2\/categories?post=141588"},{"taxonomy":"post_tag","embeddable":true,"href":"https:\/\/linitiative.ca\/International\/wp-json\/wp\/v2\/tags?post=141588"}],"curies":[{"name":"wp","href":"https:\/\/api.w.org\/{rel}","templated":true}]}}