{"id":141589,"date":"2022-02-23T10:19:38","date_gmt":"2022-02-23T15:19:38","guid":{"rendered":"https:\/\/linitiative.ca\/International\/mali-goodluck-jonathan-conseille-une-transition-courte-aux-autorites\/"},"modified":"2022-02-23T10:19:38","modified_gmt":"2022-02-23T15:19:38","slug":"mali-goodluck-jonathan-conseille-une-transition-courte-aux-autorites","status":"publish","type":"post","link":"https:\/\/linitiative.ca\/International\/mali-goodluck-jonathan-conseille-une-transition-courte-aux-autorites\/","title":{"rendered":"Mali\u00a0: Goodluck Jonathan conseille une transition courte aux autorit\u00e9s"},"content":{"rendered":"<div>\n<p>Avant son d\u00e9placement au Mali, pr\u00e9vu le jeudi 23 f\u00e9vrier 2022, le m\u00e9diateur de l\u2019Afrique de l\u2019Ouest dans la crise malienne, l\u2019ancien pr\u00e9sident nig\u00e9rian, Goodluck Jonathan, a d\u00e9clar\u00e9, selon nos confr\u00e8res d\u2019Africanews, qu\u2019il \u00e9tait imp\u00e9ratif que le pays retrouve un r\u00e9gime d\u00e9mocratique le plus rapidement possible. Pour lui, l\u2019adoption d\u2019une nouvelle charte qui permet \u00e0 la junte militaire de rester au pouvoir \u00a0pendant cinq ann\u00e9es suppl\u00e9mentaires, pose probl\u00e8me.<\/p>\n<p><em>\u00ab\u00a0Je ne peux pas dire avec autorit\u00e9 parce que je ne suis pas le pr\u00e9sident\u2026 mais parce que je suis le m\u00e9diateur, nous pensons que cinq ans, c\u2019est trop long pour un gouvernement de transition\u00a0\u00bb,<\/em> a-t-il fait savoir, en pr\u00e9venant le pouvoir malien\u00a0<em>\u00ab\u00a0Je pense que la CEDEAO pourrait ne pas l\u2019accepter\u2026 Nous allons poursuivre les n\u00e9gociations avec eux et faire en sorte qu\u2019ils r\u00e9duisent cette dur\u00e9e\u00a0\u00bb.<\/em><\/p>\n<p>L\u2019article <a rel=\"nofollow\" href=\"https:\/\/www.sidwaya.info\/blog\/2022\/02\/23\/mali-goodluck-jonathan-conseille-une-transition-courte-aux-autorites\/\">Mali\u00a0: Goodluck Jonathan conseille une transition courte aux autorit\u00e9s<\/a> est apparu en premier sur <a rel=\"nofollow\" href=\"https:\/\/www.sidwaya.info\/\">Quotidien Sidwaya<\/a>.<\/p>\n<\/div>\n<p>Auteur: BS. Sidwaya<br \/>\n<a href=\"https:\/\/www.sidwaya.info\/blog\/2022\/02\/23\/mali-goodluck-jonathan-conseille-une-transition-courte-aux-autorites\/?utm_source=rss&#038;utm_medium=rss&#038;utm_campaign=mali-goodluck-jonathan-conseille-une-transition-courte-aux-autorites\">Cliquez ici pour lire l&rsquo;article depuis sa source.<\/a><\/p>\n","protected":false},"excerpt":{"rendered":"<p>Avant son d\u00e9placement au Mali, pr\u00e9vu le jeudi 23 f\u00e9vrier 2022, le m\u00e9diateur de l\u2019Afrique de l\u2019Ouest dans la crise malienne, l\u2019ancien pr\u00e9sident nig\u00e9rian, Goodluck Jonathan, a d\u00e9clar\u00e9, selon nos confr\u00e8res d\u2019Africanews, qu\u2019il \u00e9tait imp\u00e9ratif que le pays retrouve un r\u00e9gime d\u00e9mocratique le plus rapidement possible. Pour lui, l\u2019adoption d\u2019une nouvelle charte qui permet \u00e0 [&hellip;]<\/p>\n","protected":false},"author":1816,"featured_media":0,"comment_status":"closed","ping_status":"closed","sticky":false,"template":"","format":"standard","meta":{"fifu_image_url":"","fifu_image_alt":"","footnotes":""},"categories":[73,81],"tags":[],"class_list":["post-141589","post","type-post","status-publish","format-standard","hentry","category-actualite","category-burkina-faso"],"_links":{"self":[{"href":"https:\/\/linitiative.ca\/International\/wp-json\/wp\/v2\/posts\/141589","targetHints":{"allow":["GET"]}}],"collection":[{"href":"https:\/\/linitiative.ca\/International\/wp-json\/wp\/v2\/posts"}],"about":[{"href":"https:\/\/linitiative.ca\/International\/wp-json\/wp\/v2\/types\/post"}],"author":[{"embeddable":true,"href":"https:\/\/linitiative.ca\/International\/wp-json\/wp\/v2\/users\/1816"}],"replies":[{"embeddable":true,"href":"https:\/\/linitiative.ca\/International\/wp-json\/wp\/v2\/comments?post=141589"}],"version-history":[{"count":0,"href":"https:\/\/linitiative.ca\/International\/wp-json\/wp\/v2\/posts\/141589\/revisions"}],"wp:attachment":[{"href":"https:\/\/linitiative.ca\/International\/wp-json\/wp\/v2\/media?parent=141589"}],"wp:term":[{"taxonomy":"category","embeddable":true,"href":"https:\/\/linitiative.ca\/International\/wp-json\/wp\/v2\/categories?post=141589"},{"taxonomy":"post_tag","embeddable":true,"href":"https:\/\/linitiative.ca\/International\/wp-json\/wp\/v2\/tags?post=141589"}],"curies":[{"name":"wp","href":"https:\/\/api.w.org\/{rel}","templated":true}]}}