{"id":141590,"date":"2022-02-23T10:25:14","date_gmt":"2022-02-23T15:25:14","guid":{"rendered":"https:\/\/linitiative.ca\/International\/centrafrique-des-soldats-de-la-minusca-arretes-pour-tentative-dassassinat-du-president-touadera\/"},"modified":"2022-02-23T10:25:14","modified_gmt":"2022-02-23T15:25:14","slug":"centrafrique-des-soldats-de-la-minusca-arretes-pour-tentative-dassassinat-du-president-touadera","status":"publish","type":"post","link":"https:\/\/linitiative.ca\/International\/centrafrique-des-soldats-de-la-minusca-arretes-pour-tentative-dassassinat-du-president-touadera\/","title":{"rendered":"Centrafrique\u00a0: Des soldats de la \u00a0Minusca arr\u00eat\u00e9s pour tentative d\u2019assassinat du pr\u00e9sident Touad\u00e9ra"},"content":{"rendered":"<div>\n<p>Des \u00a0tensions minent actuellement les relations entre le gouvernement centrafricain et la Minusca, la mission onusienne de maintien de la paix en Centrafrique, suite \u00e0 l\u2019arrestation de quatre soldats fran\u00e7ais \u00e0 l\u2019a\u00e9roport de Bangui\u00a0 qui escortaient le chef de la Minusca qui devait prendre un vol.<\/p>\n<p>Selon DW, certains \u00a0m\u00e9dias centrafricains affirment que les soldats fran\u00e7ais qui se trouvaient \u00e0 l\u2019a\u00e9roport de Bangui, \u00e0 l\u2019heure o\u00f9 l\u2019avion de Faustin Archange Touad\u00e9ra atterrissait, voulaient assassiner le pr\u00e9sident centrafricain. Une accusation que la Minusca rejette cat\u00e9goriquement.<\/p>\n<p>L\u2019article <a rel=\"nofollow\" href=\"https:\/\/www.sidwaya.info\/blog\/2022\/02\/23\/centrafrique-des-soldats-de-la-minusca-arretes-pour-tentative-dassassinat-du-president-touadera\/\">Centrafrique\u00a0: Des soldats de la \u00a0Minusca arr\u00eat\u00e9s pour tentative d\u2019assassinat du pr\u00e9sident Touad\u00e9ra<\/a> est apparu en premier sur <a rel=\"nofollow\" href=\"https:\/\/www.sidwaya.info\/\">Quotidien Sidwaya<\/a>.<\/p>\n<\/div>\n<p>Auteur: BS. Sidwaya<br \/>\n<a href=\"https:\/\/www.sidwaya.info\/blog\/2022\/02\/23\/centrafrique-des-soldats-de-la-minusca-arretes-pour-tentative-dassassinat-du-president-touadera\/?utm_source=rss&#038;utm_medium=rss&#038;utm_campaign=centrafrique-des-soldats-de-la-minusca-arretes-pour-tentative-dassassinat-du-president-touadera\">Cliquez ici pour lire l&rsquo;article depuis sa source.<\/a><\/p>\n","protected":false},"excerpt":{"rendered":"<p>Des \u00a0tensions minent actuellement les relations entre le gouvernement centrafricain et la Minusca, la mission onusienne de maintien de la paix en Centrafrique, suite \u00e0 l\u2019arrestation de quatre soldats fran\u00e7ais \u00e0 l\u2019a\u00e9roport de Bangui\u00a0 qui escortaient le chef de la Minusca qui devait prendre un vol. Selon DW, certains \u00a0m\u00e9dias centrafricains affirment que les soldats [&hellip;]<\/p>\n","protected":false},"author":1816,"featured_media":0,"comment_status":"closed","ping_status":"closed","sticky":false,"template":"","format":"standard","meta":{"fifu_image_url":"","fifu_image_alt":"","footnotes":""},"categories":[73,81],"tags":[],"class_list":["post-141590","post","type-post","status-publish","format-standard","hentry","category-actualite","category-burkina-faso"],"_links":{"self":[{"href":"https:\/\/linitiative.ca\/International\/wp-json\/wp\/v2\/posts\/141590","targetHints":{"allow":["GET"]}}],"collection":[{"href":"https:\/\/linitiative.ca\/International\/wp-json\/wp\/v2\/posts"}],"about":[{"href":"https:\/\/linitiative.ca\/International\/wp-json\/wp\/v2\/types\/post"}],"author":[{"embeddable":true,"href":"https:\/\/linitiative.ca\/International\/wp-json\/wp\/v2\/users\/1816"}],"replies":[{"embeddable":true,"href":"https:\/\/linitiative.ca\/International\/wp-json\/wp\/v2\/comments?post=141590"}],"version-history":[{"count":0,"href":"https:\/\/linitiative.ca\/International\/wp-json\/wp\/v2\/posts\/141590\/revisions"}],"wp:attachment":[{"href":"https:\/\/linitiative.ca\/International\/wp-json\/wp\/v2\/media?parent=141590"}],"wp:term":[{"taxonomy":"category","embeddable":true,"href":"https:\/\/linitiative.ca\/International\/wp-json\/wp\/v2\/categories?post=141590"},{"taxonomy":"post_tag","embeddable":true,"href":"https:\/\/linitiative.ca\/International\/wp-json\/wp\/v2\/tags?post=141590"}],"curies":[{"name":"wp","href":"https:\/\/api.w.org\/{rel}","templated":true}]}}