{"id":141595,"date":"2022-02-23T14:18:03","date_gmt":"2022-02-23T19:18:03","guid":{"rendered":"https:\/\/linitiative.ca\/International\/bientot-des-agropoles-au-nigeria\/"},"modified":"2022-02-23T14:18:03","modified_gmt":"2022-02-23T19:18:03","slug":"bientot-des-agropoles-au-nigeria","status":"publish","type":"post","link":"https:\/\/linitiative.ca\/International\/bientot-des-agropoles-au-nigeria\/","title":{"rendered":"Bient\u00f4t des agropoles au Nig\u00e9ria"},"content":{"rendered":"<div>\n<p><img decoding=\"async\" width=\"200\" height=\"200\" src=\"https:\/\/linitiative.ca\/International\/wp-content\/uploads\/sites\/23\/2022\/02\/16456438847093.jpg\" class=\"attachment-post-thumbnail size-post-thumbnail wp-post-image\" alt=\"\" loading=\"lazy\" srcset=\"https:\/\/linitiative.ca\/International\/wp-content\/uploads\/sites\/23\/2022\/02\/16456438847093.jpg 200w, https:\/\/www.journalducameroun.com\/wp-content\/uploads\/2022\/02\/16456438847093-150x150.jpg 150w, https:\/\/www.journalducameroun.com\/wp-content\/uploads\/2022\/02\/16456438847093-60x60.jpg 60w, https:\/\/www.journalducameroun.com\/wp-content\/uploads\/2022\/02\/16456438847093-100x100.jpg 100w\" sizes=\"auto, (max-width: 200px) 100vw, 200px\"><\/p>\n<p>Sept \u00c9tats f\u00e9d\u00e9r\u00e9s du pays vont lancer les travaux de construction des Zones sp\u00e9ciales de transformation agro-industrielle.Le Nigeria, premier producteur de c\u00e9r\u00e9ales en Afrique de l&rsquo;ouest, avec 45% de la production, selon l&rsquo;Organisation des Nations unies pour l&rsquo;alimentation et l&rsquo;agriculture (FAO, sigle anglais), peine \u00e0 transformer ses r\u00e9coltes. Gr\u00e2ce au programme \u00ab zones sp\u00e9ciales \u00bb de la Banque africaine de d\u00e9veloppement (Bad), cette difficult\u00e9 devrait \u00eatre r\u00e9solue.<\/p>\n<p>\u00ab\u2009Les zones sp\u00e9ciales de transformation agro-industrielle vont changer la donne pour le secteur agricole au Nigeria. Elles fourniront des infrastructures de classe mondiale pour aider les entreprises agroalimentaires \u00e0 s&rsquo;installer \u00e0 proximit\u00e9 des zones de production, \u00e0 d\u00e9velopper des cha\u00eenes de valeur comp\u00e9titives soutenues par des syst\u00e8mes logistiques qui favoriseront la transformation des denr\u00e9es alimentaires et la cr\u00e9ation de valeur ajout\u00e9e \u00bb, a d\u00e9clar\u00e9 le pr\u00e9sident de la Bad, Akinwumi Adesina, cit\u00e9 par un communiqu\u00e9 re\u00e7u ce mercredi \u00e0 APA.<\/p>\n<p>Par ailleurs, a fait savoir l&rsquo;ancien ministre nig\u00e9rian de l&rsquo;Agriculture, ces usines contribueront \u00e0 la cr\u00e9ation de richesse et d&#8217;emplois massifs dans les r\u00e9gions rurales. A l&rsquo;en croire, ces derni\u00e8res passeront, gr\u00e2ce \u00e0 ces projets, du statut de zones de mis\u00e8re \u00e9conomique \u00e0 celui de zones de prosp\u00e9rit\u00e9.<\/p>\n<p>Le Conseil d&rsquo;administration de la Bad a approuv\u00e9 en d\u00e9cembre 2021 un pr\u00eat de 160 millions de dollars pour lancer le programme dans les sept \u00c9tats et dans le territoire de la capitale f\u00e9d\u00e9rale, informe le document.<\/p>\n<p>Le Fonds international de d\u00e9veloppement agricole et la Banque islamique de d\u00e9veloppement apporteront un cofinancement de 150 millions de dollars suppl\u00e9mentaires pour la premi\u00e8re phase du programme. Le gouvernement nig\u00e9rian fournira environ 18,05 millions de dollars pour le d\u00e9ploiement et la mise en \u0153uvre du programme.<\/p>\n<p>Cette initiative s&rsquo;inscrit dans le cadre de la priorit\u00e9 \u00ab nourrir l&rsquo;Afrique \u00bb de l&rsquo;institution financi\u00e8re r\u00e9gionale. Elle adoptera une approche soutenue par le gouvernement et pilot\u00e9e par le secteur priv\u00e9 pour stimuler l&rsquo;agro-industrie.<\/p>\n<p>Le succ\u00e8s du programme au Nigeria devrait avoir un impact \u00e0 l&rsquo;\u00e9chelle continentale o\u00f9 la Banque africaine de d\u00e9veloppement a d\u00e9j\u00e0 engag\u00e9 plus de 750 millions de dollars de financement pour la cr\u00e9ation de 23 p\u00f4les agro-industriels dans 11 pays africains.<\/p>\n<p>Cet article <a rel=\"nofollow\" href=\"https:\/\/www.journalducameroun.com\/bientot-des-agropoles-au-nigeria\/\">Bient\u00f4t des agropoles au Nig\u00e9ria<\/a> est apparu en premier sur <a rel=\"nofollow\" href=\"https:\/\/www.journalducameroun.com\/\">Journal du Cameroun<\/a>.<\/p>\n<\/div>\n<p>Auteur: APA News<br \/>\n<a href=\"https:\/\/www.journalducameroun.com\/bientot-des-agropoles-au-nigeria\/\">Cliquez ici pour lire l&rsquo;article depuis sa source.<\/a><\/p>\n","protected":false},"excerpt":{"rendered":"<p>Sept \u00c9tats f\u00e9d\u00e9r\u00e9s du pays vont lancer les travaux de construction des Zones sp\u00e9ciales de transformation agro-industrielle.Le Nigeria, premier producteur de c\u00e9r\u00e9ales en Afrique de l&rsquo;ouest, avec 45% de la production, selon l&rsquo;Organisation des Nations unies pour l&rsquo;alimentation et l&rsquo;agriculture (FAO, sigle anglais), peine \u00e0 transformer ses r\u00e9coltes. Gr\u00e2ce au programme \u00ab zones sp\u00e9ciales \u00bb [&hellip;]<\/p>\n","protected":false},"author":1965,"featured_media":0,"comment_status":"closed","ping_status":"closed","sticky":false,"template":"","format":"standard","meta":{"fifu_image_url":"https:\/\/www.journalducameroun.com\/wp-content\/uploads\/2022\/02\/16456438847093.jpg","fifu_image_alt":"Bient\u00f4t des agropoles au Nig\u00e9ria","footnotes":""},"categories":[73,82],"tags":[],"class_list":["post-141595","post","type-post","status-publish","format-standard","hentry","category-actualite","category-cameroun"],"_links":{"self":[{"href":"https:\/\/linitiative.ca\/International\/wp-json\/wp\/v2\/posts\/141595","targetHints":{"allow":["GET"]}}],"collection":[{"href":"https:\/\/linitiative.ca\/International\/wp-json\/wp\/v2\/posts"}],"about":[{"href":"https:\/\/linitiative.ca\/International\/wp-json\/wp\/v2\/types\/post"}],"author":[{"embeddable":true,"href":"https:\/\/linitiative.ca\/International\/wp-json\/wp\/v2\/users\/1965"}],"replies":[{"embeddable":true,"href":"https:\/\/linitiative.ca\/International\/wp-json\/wp\/v2\/comments?post=141595"}],"version-history":[{"count":0,"href":"https:\/\/linitiative.ca\/International\/wp-json\/wp\/v2\/posts\/141595\/revisions"}],"wp:attachment":[{"href":"https:\/\/linitiative.ca\/International\/wp-json\/wp\/v2\/media?parent=141595"}],"wp:term":[{"taxonomy":"category","embeddable":true,"href":"https:\/\/linitiative.ca\/International\/wp-json\/wp\/v2\/categories?post=141595"},{"taxonomy":"post_tag","embeddable":true,"href":"https:\/\/linitiative.ca\/International\/wp-json\/wp\/v2\/tags?post=141595"}],"curies":[{"name":"wp","href":"https:\/\/api.w.org\/{rel}","templated":true}]}}