{"id":141597,"date":"2022-02-23T16:18:03","date_gmt":"2022-02-23T21:18:03","guid":{"rendered":"https:\/\/linitiative.ca\/International\/le-cres-a-lorigine-de-la-directive-de-la-cedeao-sur-le-tabac-officiel\/"},"modified":"2022-02-23T16:18:03","modified_gmt":"2022-02-23T21:18:03","slug":"le-cres-a-lorigine-de-la-directive-de-la-cedeao-sur-le-tabac-officiel","status":"publish","type":"post","link":"https:\/\/linitiative.ca\/International\/le-cres-a-lorigine-de-la-directive-de-la-cedeao-sur-le-tabac-officiel\/","title":{"rendered":"Le Cres \u00ab\u00e0 l\u2019origine de la directive de la Cedeao\u00bb sur le tabac (officiel)"},"content":{"rendered":"<div>\n<p><img decoding=\"async\" width=\"232\" height=\"182\" src=\"https:\/\/linitiative.ca\/International\/wp-content\/uploads\/sites\/23\/2022\/02\/16456510838764.jpg\" class=\"attachment-post-thumbnail size-post-thumbnail wp-post-image\" alt=\"\" loading=\"lazy\"><\/p>\n<p>Le Consortium pour la recherche \u00e9conomique et sociale (Cres) a jou\u00e9 un r\u00f4le majeur dans la taxation du tabagisme par la Communaut\u00e9 \u00e9conomique des \u00c9tats de l&rsquo;Afrique de l&rsquo;ouest (Cedeao), a r\u00e9v\u00e9l\u00e9 mercredi 23 f\u00e9vrier un officiel s\u00e9n\u00e9galais.La directive de l&rsquo;organisation sous-r\u00e9gionale, adopt\u00e9e en d\u00e9cembre 2017, fixe un \u00ab un taux minimum de taxe ad valorem de 50% et une taxe sp\u00e9cifique de deux centimes de dollar am\u00e9ricain par tige \u00bb.<\/p>\n<p>Selon Abdoulaye Gningue, agent au minist\u00e8re s\u00e9n\u00e9galais des Finances et du Budget, \u00ab le Cres a \u00e9t\u00e9 \u00e0 l&rsquo;origine \u00bb de la cr\u00e9ation de cette directive. Rendant hommage au directeur ex\u00e9cutif de ce consortium, Abdoulaye Diagne, il note que ce dernier s&rsquo;est beaucoup investi pour mat\u00e9rialiser cette orientation en d\u00e9pit des \u00ab obstacles \u00bb.<\/p>\n<p>M. Gningue repr\u00e9sentait son ministre de tutelle, Abdoulaye Daouda Diallo, \u00e0 la c\u00e9r\u00e9monie de cl\u00f4ture d&rsquo;un atelier de deux jours organis\u00e9 \u00e0 Saly, \u00e0 80 km de Dakar, par le Cres pour lever les contraintes de la mise en \u0153uvre des directives sur la fiscalit\u00e9 du tabac en Afrique de l&rsquo;Ouest.<\/p>\n<p>Plusieurs acteurs, notamment les repr\u00e9sentants des r\u00e9gies financi\u00e8res s\u00e9n\u00e9galaises, la soci\u00e9t\u00e9 civile nationale et internationale, ont assist\u00e9 \u00e0 cette r\u00e9union didactique. L&rsquo;objectif du Cres \u00e9tait de cr\u00e9er une synergie d&rsquo;action pour appuyer l&rsquo;application des directives de la Cedeao et de l&rsquo;Uemoa.<\/p>\n<p>Aujourd&rsquo;hui, a relev\u00e9 M. Gningue, \u00ab le grand combat qu&rsquo;il faut mener est de faire en sorte que les deux directives soient en ad\u00e9quation \u00bb. Il signale que l&rsquo;effort doit \u00eatre fait au niveau de l&rsquo;Uemoa pour une migration de sa directive, a-t-il pr\u00e9cis\u00e9. Il d\u00e9plore le fait que certains pays aient un niveau de taxation du tabagisme \u00ab inf\u00e9rieur \u00e0 50 % \u00bb m\u00eame s&rsquo;il promet de s&rsquo;impliquer, en sa qualit\u00e9 d&rsquo;expert de l&rsquo;union mon\u00e9taire, pour une harmonisation des l\u00e9gislations des pays de la r\u00e9gion sur cette question.<\/p>\n<p>\u00ab Convergences de vues \u00bb<\/p>\n<p>La repr\u00e9sentante de la Cedeao a, elle, \u00ab r\u00e9it\u00e9r\u00e9 \u00bb les engagements de son organisation pour aider le Cres dans son combat contre le tabagisme. Ses cons\u00e9quences macabres sont estim\u00e9es chaque ann\u00e9e \u00e0 quelque huit millions de d\u00e9c\u00e8s dans le monde, dont 500.000 en Afrique et 700.000 non-fumeurs, selon l&rsquo;Organisation mondiale de la Sant\u00e9 (OMS).<\/p>\n<p>\u00ab Si les Etats appliquaient la directive de la Cedeao, cela aurait un impact tr\u00e8s positif. Cela augmenterait les prix de la cigarette de plus de 50% en moyenne et les recettes fiscales de pr\u00e8s de 400% \u00bb, a estim\u00e9 pour sa part la Canadienne Rhiannon Mccluskey, charg\u00e9e de communication du Centre international pour la fiscalit\u00e9 et le d\u00e9veloppement (ICTD).<\/p>\n<p>Dans les discussions, un intervenant a plaid\u00e9 en faveur d&rsquo;une aide substantielle pour le Cres dans le but de travailler \u00e0 corriger certaines consid\u00e9rations sur le tabagisme. Pour lui, de nombreuses personnes \u00ab pensent que la consommation du tabac est li\u00e9e \u00e0 la pauvret\u00e9 \u00bb, \u00e9tant donn\u00e9 que l&rsquo;Afrique compte \u00ab 700 millions de fumeurs \u00bb.<\/p>\n<p>Par ailleurs, le directeur du Cres, Abdoulaye Diagne, s&rsquo;est f\u00e9licit\u00e9 de la tenue de cet atelier o\u00f9 les objectifs vis\u00e9s ont \u00e9t\u00e9 \u00ab largement atteints \u00bb. Il s&rsquo;agissait pour lui de \u00ab recueillir des avis, des analyses et des propositions \u00bb. A la fin, il a not\u00e9 \u00ab beaucoup d&rsquo;id\u00e9es \u00bb et surtout des \u00ab convergences de vues \u00bb.<\/p>\n<p>Cet article <a rel=\"nofollow\" href=\"https:\/\/www.journalducameroun.com\/le-cres-a-lorigine-de-la-directive-de-la-cedeao-sur-le-tabac-officiel\/\">Le Cres \u00ab\u00e0 l\u2019origine de la directive de la Cedeao\u00bb sur le tabac (officiel)<\/a> est apparu en premier sur <a rel=\"nofollow\" href=\"https:\/\/www.journalducameroun.com\/\">Journal du Cameroun<\/a>.<\/p>\n<\/div>\n<p>Auteur: APA News<br \/>\n<a href=\"https:\/\/www.journalducameroun.com\/le-cres-a-lorigine-de-la-directive-de-la-cedeao-sur-le-tabac-officiel\/\">Cliquez ici pour lire l&rsquo;article depuis sa source.<\/a><\/p>\n","protected":false},"excerpt":{"rendered":"<p>Le Consortium pour la recherche \u00e9conomique et sociale (Cres) a jou\u00e9 un r\u00f4le majeur dans la taxation du tabagisme par la Communaut\u00e9 \u00e9conomique des \u00c9tats de l&rsquo;Afrique de l&rsquo;ouest (Cedeao), a r\u00e9v\u00e9l\u00e9 mercredi 23 f\u00e9vrier un officiel s\u00e9n\u00e9galais.La directive de l&rsquo;organisation sous-r\u00e9gionale, adopt\u00e9e en d\u00e9cembre 2017, fixe un \u00ab un taux minimum de taxe ad [&hellip;]<\/p>\n","protected":false},"author":1965,"featured_media":0,"comment_status":"closed","ping_status":"closed","sticky":false,"template":"","format":"standard","meta":{"fifu_image_url":"https:\/\/www.journalducameroun.com\/wp-content\/uploads\/2022\/02\/16456510838764.jpg","fifu_image_alt":"Le Cres \u00ab\u00e0 l\u2019origine de la directive de la Cedeao\u00bb sur le tabac (officiel)","footnotes":""},"categories":[73,82],"tags":[],"class_list":["post-141597","post","type-post","status-publish","format-standard","hentry","category-actualite","category-cameroun"],"_links":{"self":[{"href":"https:\/\/linitiative.ca\/International\/wp-json\/wp\/v2\/posts\/141597","targetHints":{"allow":["GET"]}}],"collection":[{"href":"https:\/\/linitiative.ca\/International\/wp-json\/wp\/v2\/posts"}],"about":[{"href":"https:\/\/linitiative.ca\/International\/wp-json\/wp\/v2\/types\/post"}],"author":[{"embeddable":true,"href":"https:\/\/linitiative.ca\/International\/wp-json\/wp\/v2\/users\/1965"}],"replies":[{"embeddable":true,"href":"https:\/\/linitiative.ca\/International\/wp-json\/wp\/v2\/comments?post=141597"}],"version-history":[{"count":0,"href":"https:\/\/linitiative.ca\/International\/wp-json\/wp\/v2\/posts\/141597\/revisions"}],"wp:attachment":[{"href":"https:\/\/linitiative.ca\/International\/wp-json\/wp\/v2\/media?parent=141597"}],"wp:term":[{"taxonomy":"category","embeddable":true,"href":"https:\/\/linitiative.ca\/International\/wp-json\/wp\/v2\/categories?post=141597"},{"taxonomy":"post_tag","embeddable":true,"href":"https:\/\/linitiative.ca\/International\/wp-json\/wp\/v2\/tags?post=141597"}],"curies":[{"name":"wp","href":"https:\/\/api.w.org\/{rel}","templated":true}]}}