{"id":141599,"date":"2022-02-23T17:18:03","date_gmt":"2022-02-23T22:18:03","guid":{"rendered":"https:\/\/linitiative.ca\/International\/ryad-capitale-de-la-nouvelle-arabie-saoudite\/"},"modified":"2022-02-23T17:18:03","modified_gmt":"2022-02-23T22:18:03","slug":"ryad-capitale-de-la-nouvelle-arabie-saoudite","status":"publish","type":"post","link":"https:\/\/linitiative.ca\/International\/ryad-capitale-de-la-nouvelle-arabie-saoudite\/","title":{"rendered":"Ryad, capitale de la nouvelle Arabie Saoudite"},"content":{"rendered":"<div>\n<p><img decoding=\"async\" width=\"741\" height=\"401\" src=\"https:\/\/linitiative.ca\/International\/wp-content\/uploads\/sites\/23\/2022\/02\/16456546833389.jpg\" class=\"attachment-post-thumbnail size-post-thumbnail wp-post-image\" alt=\"\" loading=\"lazy\" srcset=\"https:\/\/linitiative.ca\/International\/wp-content\/uploads\/sites\/23\/2022\/02\/16456546833389.jpg 741w, https:\/\/www.journalducameroun.com\/wp-content\/uploads\/2022\/02\/16456546833389-300x162.jpg 300w, https:\/\/www.journalducameroun.com\/wp-content\/uploads\/2022\/02\/16456546833389-600x325.jpg 600w\" sizes=\"auto, (max-width: 741px) 100vw, 741px\"><\/p>\n<p>Envoy\u00e9 sp\u00e9cial &#8212; Le voyage en Arabie Saoudite est surprenant et plein d&rsquo;\u00e9motions et de myst\u00e8res. Notre v\u00e9hicule nous conduit sur la colline de l&rsquo;Oued Namar, au sud de la capitale Ryad, de sorte que la ville appara\u00eet de loin comme une mer de lumi\u00e8re au milieu de l&rsquo;obscurit\u00e9 de la nuit dans le d\u00e9sert tentaculaire du Najd.La cit\u00e9 s&rsquo;est par\u00e9e de ses plus beaux atours pour une occasion m\u00e9morable dans l&rsquo;histoire du pays. Il s&rsquo;agit de la c\u00e9l\u00e9bration de la \u00ab\u00a0Journ\u00e9e de la fondation\u00a0\u00bb, qui marque le jour o\u00f9 l&rsquo;imam Mohammed Ibn Saoud a \u00e9tabli en 1727 le premier Etat saoudien dans la ville de Dariya, au nord-ouest de Riyad.\u00a0<\/p>\n<p>\u00a0Ryad se projette aussi dans l&rsquo;avenir, car il s&rsquo;agit aux yeux des Saoudiens d&rsquo;une \u00ab\u00a0renaissance\u00a0\u00bb qui a commenc\u00e9 ces derni\u00e8res ann\u00e9es, lorsque le jeune prince h\u00e9ritier Mohammed Ibn Salmane a annonc\u00e9 l&rsquo;ambitieuse Vision 2030.<\/p>\n<p>Des centaines de voitures se pressent \u00e0 l&rsquo;entr\u00e9e de la vall\u00e9e, leurs propri\u00e9taires veulent r\u00e9server une place dans une plate-forme en face du lac artificiel, qui s&rsquo;\u00e9tend sur plus de deux kilom\u00e8tres, et est entour\u00e9 de rochers montagneux de la vall\u00e9e des deux c\u00f4t\u00e9s, pour devenir ainsi la plus c\u00e9l\u00e8bre attraction touristique de la ville. Ce soir c&rsquo;est un rendez-vous avec l'\u00a0\u00bbOp\u00e9rette de la Fondation\u00a0\u00bb, o\u00f9 les Saoudiens chanteront pour l&rsquo;histoire.<\/p>\n<p>La plupart des participants sont de jeunes hommes et femmes, v\u00eatus de costumes traditionnels nomades, munis des t\u00e9l\u00e9phones portables de derni\u00e8re g\u00e9n\u00e9ration. Le m\u00e9lange de b\u00e9douin et de modernit\u00e9 \u00e9tait \u00e9vident \u00e0 leurs yeux, alors qu&rsquo;ils interagissaient avec la com\u00e9die musicale et applaudissaient les spectacles de lumi\u00e8re qui retrace l&rsquo;histoire de la fondation de leur \u00c9tat.<\/p>\n<p>L&rsquo;histoire raconte que les Banou Hanifa se sont install\u00e9s au milieu de la p\u00e9ninsule arabique au cours du Ve si\u00e8cle apr\u00e8s JC, soit pr\u00e8s de deux si\u00e8cles avant la mission du Proph\u00e8te, et qu&rsquo;ils y ont \u00e9tabli le royaume d&rsquo;Al-Yamamah, qui est devenu plus tard une partie du premier Etat. Les Banou Hanifa sont les anc\u00eatres des Al-Saoud.<\/p>\n<p>Lorsque le califat islamique quitte M\u00e9dine, il se dirige vers le Levant, puis l&rsquo;Irak, et enfin vers Astana, la centralit\u00e9 de la p\u00e9ninsule arabique s&rsquo;est plong\u00e9e dans des \u00e8res \u00ab d&rsquo;instabilit\u00e9 et de faiblesse \u00bb. Un originaire des Banou Hanifa nomm\u00e9 Mani Ibn Rabi&rsquo;a Al-Mouridi s&rsquo;est dirig\u00e9 du Hijaz, vers la terre de ses anc\u00eatres \u00e0 Najd, o\u00f9 il fonda la ville de \u00ab\u00a0Al-Dariyah\u00a0\u00bb, en l&rsquo;an 1446, devenant ainsi le grand-p\u00e8re des Al-Saoud.<\/p>\n<p>La ville a \u00e9t\u00e9 transform\u00e9e en un petit \u00e9mirat, o\u00f9 se sont succ\u00e9d\u00e9 les fils d&rsquo;Al-Mouridi pendant pr\u00e8s de trois si\u00e8cles, jusqu&rsquo;\u00e0 ce que l&rsquo;imam Mohamed Ben Saoud ait pris le pouvoir et transform\u00e9 le petit \u00e9mirat en 1727 en un \u00c9tat qui prot\u00e8ge les convois de p\u00e8lerins, marchands et pr\u00e9dicateurs. Il avait lanc\u00e9 le projet d&rsquo;unification des tribus arabes, et construit le premier mur de Dariyah, la capitale du premier \u00c9tat saoudien.<\/p>\n<p>Le projet d&rsquo;\u00c9tat a franchi de nombreuses \u00e9tapes, jusqu&rsquo;\u00e0 ce qu&rsquo;il devienne ce qu&rsquo;il est aujourd&rsquo;hui, car il a fait face au d\u00e9but aux complexit\u00e9s de la situation r\u00e9gionale, lorsque sa capitale a \u00e9t\u00e9 d\u00e9truite en 1818 par les Turcs, mais le roi Abdelaziz Al Saoud est revenu au d\u00e9but du XXe si\u00e8cle pour unir \u00e0 nouveau les tribus, et r\u00e9ussit \u00e0 faire face \u00e0 la situation internationale turbulente. En 1932 il annon\u00e7a l&rsquo;unification du Najd, du Hijaz et du reste des r\u00e9gions sous la banni\u00e8re du \u00ab\u00a0Royaume d&rsquo;Arabie Saoudite\u00a0\u00bb.<\/p>\n<p>\u00c0 cette \u00e9poque, l&rsquo;\u00c9tat est entr\u00e9 dans une \u00e8re dont la mission principale de servir les deux lieux saints de l&rsquo;Islam avec comme principale ressource les champs de p\u00e9trole \u00e0 l&rsquo;Est.<\/p>\n<p>Selon ces proches, le roi Salman Ibn Abdelaziz, qui a pris le pouvoir en janvier 2015, a un grand int\u00e9r\u00eat pour l&rsquo;histoire, et les intellectuels saoudiens le consid\u00e8rent comme une r\u00e9f\u00e9rence importante dans l&rsquo;histoire de la p\u00e9ninsule arabique. Et c&rsquo;est cette conscience historique qui l&rsquo;a conduit de signer le mois dernier un d\u00e9cret royal pour c\u00e9l\u00e9brer le 22 f\u00e9vrier de chaque ann\u00e9e la \u00ab\u00a0journ\u00e9e de la fondation\u00a0\u00bb, afin de lier le pr\u00e9sent du Royaume \u00e0 son premier pass\u00e9, selon les mots d&rsquo;un pr\u00e9dicateur saoudien, au milieu d&rsquo;une exposition en forme de \u00ab\u00a0march\u00e9 populaire\u00bb install\u00e9 au mus\u00e9e de Ryad.<\/p>\n<p>Le jeune pr\u00e9dicateur se tenait au milieu de la foule, v\u00eatu d&rsquo;une robe blanche, surmont\u00e9e d&rsquo;un voile marron et d&rsquo;un bandeau noir, il portait un livre sous la forme d&rsquo;un vieux manuscrit, se d\u00e9pla\u00e7ant avec une grande l\u00e9g\u00e8ret\u00e9, parlant avec l&rsquo;\u00e9loquence la langue Najd, citant preuves et r\u00e9citation de po\u00e8mes, dans une simulation claire de l&rsquo;atmosph\u00e8re des march\u00e9s d&rsquo;il y a plusieurs si\u00e8cles.<\/p>\n<p>Dans l&rsquo;exposition du march\u00e9, les Saoudiens incarnent leur pass\u00e9 et fa\u00e7onnent leur vie \u00e0 l&rsquo;\u00e9tablissement de leur premier \u00c9tat au d\u00e9but du XVIIIe si\u00e8cle. On retrouve des femmes filant la laine et fabriquant des v\u00eatements brod\u00e9s. Dans l&rsquo;une des boutiques, un jeune homme, v\u00eatu des v\u00eatements de son grand-p\u00e8re, s&rsquo;assoit, fabriquant des \u0153uvres d&rsquo;art en pierres et reconstruisant les d\u00e9tails d&rsquo;une vie qu&rsquo;il n&rsquo;a pas v\u00e9cue, mais il l&rsquo;a ressuscit\u00e9e de la m\u00e9moire collective.<\/p>\n<p>Au milieu de la place du \u00ab\u00a0march\u00e9\u00a0\u00bb, des jeunes hommes v\u00eatus de v\u00eatements clairs, et \u00e0 la main des \u00e9p\u00e9es d&rsquo;argent \u00e9tincelantes, dansent au rythme des tambours. C&rsquo;est la \u00ab\u00a0Ardah\u00a0\u00bb ou la danse qui incarne la guerre dans l&rsquo;histoire du \u00c9tat saoudien, car l&rsquo;\u00e9p\u00e9e a une grande place dans cette histoire, \u00e0 tel point qu&rsquo;elle est devenue un embl\u00e8me de l&rsquo;\u00c9tat et une partie du drapeau national, avec un certificat d&rsquo;unification.<\/p>\n<p>Dans un autre coin de la place, un mari\u00e9 c\u00e9l\u00e9br\u00e9 par ses pairs avec des tambours. Ils chantent et dansent avec une grande joie, et dans un autre coin des hommes r\u00e9citent des m\u00e9lodies qui ravissent et \u00e9tonnent \u00e0 la fois, c&rsquo;est la \u00ab Daha \u00bb du nord.<\/p>\n<p>C&rsquo;est ainsi que l&rsquo;Arabie saoudite \u0153uvre depuis des ann\u00e9es pour faire \u00e9merger la joie dans les c\u0153urs des citoyens, en tant qu&rsquo;\u00e9l\u00e9ment important de la vision du prince h\u00e9ritier Mohammed Ibn Salmane de ce que le Royaume qui entreprend des transformations sociales majeures, avec des projets \u00e9conomiques prometteurs, qui font entrer le plus grand pays du Moyen-Orient dans l&rsquo;\u00e8re post-p\u00e9troli\u00e8re.<\/p>\n<p>Mais le jeune prince semble avoir de grands r\u00eaves, et il mise sur les jeunes pour les r\u00e9aliser, notamment lorsqu&rsquo;il leur raconte l&rsquo;histoire de son pays bien ancr\u00e9 dans l&rsquo;histoire et disposant d&rsquo;une civilisation qui converge avec plusieurs autres dans le monde<\/p>\n<p>\u00ab\u00a0L&rsquo;Arabie saoudite change vite \u00bb, c&rsquo;est l&rsquo;expression exprim\u00e9e par tous les responsables et intellectuels saoudiens que nous avons rencontr\u00e9s, lors de notre couverture des activit\u00e9s de la journ\u00e9e de fondation. Ils sont unanimes sur le changement et sa rapidit\u00e9, un changement incarn\u00e9 dans la ville de Ryad, qui compte plus de sept millions d&rsquo;habitants et qui se d\u00e9veloppe tr\u00e8s rapidement.<\/p>\n<p>Ryad est r\u00e9cemment devenue une destination pour les artistes saoudiens dans la mesure o\u00f9 les clubs culturels sont pris\u00e9s et les projets de jeunes entrepreneurs se sont multipli\u00e9s, se transformant en un vaste march\u00e9 sur lequel les entreprises internationales cherchent \u00e0 p\u00e9n\u00e9trer, notamment les soci\u00e9t\u00e9s de prestations, du transport et de livraison ainsi que et d&rsquo;autres entreprises.<\/p>\n<p>Au c\u0153ur de Ryad, \u00e0 l&rsquo;intersection de l&rsquo;avenue Roi Fahd Ibn Abdelaziz et du boulevard Abdelmalik Ibn Marouane, nous avons visit\u00e9 le si\u00e8ge du Fonds saoudien pour le d\u00e9veloppement, un b\u00e2timent compos\u00e9 de dalles de verre et de b\u00e9ton peintes de marbre rocheux. A l&rsquo;entr\u00e9e, on \u00e9tait accueilli par une jeune Saoudienne qui parle arabe et anglais. Elle est la charg\u00e9e de communication \u00a0du Fonds. Elle supervise une \u00e9quipe d&rsquo;ing\u00e9nieurs, tous saoudiens, qui ont fait des pr\u00e9sentations sur le travail du Fonds dans toutes les r\u00e9gions du monde et sa contribution pour promouvoir la position de l&rsquo;Arabie saoudite au niveau mondiale.<\/p>\n<p>Au cours de l&rsquo;ann\u00e9e 2020, le Fonds a financ\u00e9 pr\u00e8s de 300 projets de d\u00e9veloppement dans divers coins du monde, avec une enveloppe financi\u00e8re de plus de 21 milliards de dollars. La plupart de ces financements sont all\u00e9s \u00e0 l&rsquo;Afrique et l&rsquo;Asie. Mieux encore, les financements du Fonds ont d\u00e9pass\u00e9 les deux continents, pour inclure 84 pays \u00e0 travers le monde.<\/p>\n<p>Le si\u00e8ge du Fonds ressemblait \u00e0 un organisme des Nations Unies, o\u00f9 des peintures d&rsquo;enfants, de femmes et d&rsquo;hommes, de couleurs, de races et de peuples divers, \u00e9taient accroch\u00e9es \u00e0 ses l\u00e9gendes.\u00a0<\/p>\n<p>Tous, le Fonds saoudien a r\u00e9ussi \u00e0 changer leur vie, depuis l&rsquo;Indon\u00e9sie jusqu&rsquo;\u00e0 la Mauritanie, en passant par le Pakistan, le Burkina Faso, la Somalie, la Jordanie et l&rsquo;Alg\u00e9rie.\u00a0<\/p>\n<p>La jeune femme saoudienne conclut sa pr\u00e9sentation en disant que leur devise est: \u00ab\u00a0Nous prosp\u00e9rons ensemble\u00a0\u00bb.<\/p>\n<p>Cet article <a rel=\"nofollow\" href=\"https:\/\/www.journalducameroun.com\/ryad-capitale-de-la-nouvelle-arabie-saoudite\/\">Ryad, capitale de la nouvelle Arabie Saoudite<\/a> est apparu en premier sur <a rel=\"nofollow\" href=\"https:\/\/www.journalducameroun.com\/\">Journal du Cameroun<\/a>.<\/p>\n<\/div>\n<p>Auteur: APA News<br \/>\n<a href=\"https:\/\/www.journalducameroun.com\/ryad-capitale-de-la-nouvelle-arabie-saoudite\/\">Cliquez ici pour lire l&rsquo;article depuis sa source.<\/a><\/p>\n","protected":false},"excerpt":{"rendered":"<p>Envoy\u00e9 sp\u00e9cial &#8212; Le voyage en Arabie Saoudite est surprenant et plein d&rsquo;\u00e9motions et de myst\u00e8res. Notre v\u00e9hicule nous conduit sur la colline de l&rsquo;Oued Namar, au sud de la capitale Ryad, de sorte que la ville appara\u00eet de loin comme une mer de lumi\u00e8re au milieu de l&rsquo;obscurit\u00e9 de la nuit dans le d\u00e9sert [&hellip;]<\/p>\n","protected":false},"author":1965,"featured_media":0,"comment_status":"closed","ping_status":"closed","sticky":false,"template":"","format":"standard","meta":{"fifu_image_url":"https:\/\/www.journalducameroun.com\/wp-content\/uploads\/2022\/02\/16456546833389.jpg","fifu_image_alt":"Ryad, capitale de la nouvelle Arabie Saoudite","footnotes":""},"categories":[73,82],"tags":[],"class_list":["post-141599","post","type-post","status-publish","format-standard","hentry","category-actualite","category-cameroun"],"_links":{"self":[{"href":"https:\/\/linitiative.ca\/International\/wp-json\/wp\/v2\/posts\/141599","targetHints":{"allow":["GET"]}}],"collection":[{"href":"https:\/\/linitiative.ca\/International\/wp-json\/wp\/v2\/posts"}],"about":[{"href":"https:\/\/linitiative.ca\/International\/wp-json\/wp\/v2\/types\/post"}],"author":[{"embeddable":true,"href":"https:\/\/linitiative.ca\/International\/wp-json\/wp\/v2\/users\/1965"}],"replies":[{"embeddable":true,"href":"https:\/\/linitiative.ca\/International\/wp-json\/wp\/v2\/comments?post=141599"}],"version-history":[{"count":0,"href":"https:\/\/linitiative.ca\/International\/wp-json\/wp\/v2\/posts\/141599\/revisions"}],"wp:attachment":[{"href":"https:\/\/linitiative.ca\/International\/wp-json\/wp\/v2\/media?parent=141599"}],"wp:term":[{"taxonomy":"category","embeddable":true,"href":"https:\/\/linitiative.ca\/International\/wp-json\/wp\/v2\/categories?post=141599"},{"taxonomy":"post_tag","embeddable":true,"href":"https:\/\/linitiative.ca\/International\/wp-json\/wp\/v2\/tags?post=141599"}],"curies":[{"name":"wp","href":"https:\/\/api.w.org\/{rel}","templated":true}]}}