{"id":141601,"date":"2022-02-23T10:33:24","date_gmt":"2022-02-23T15:33:24","guid":{"rendered":"https:\/\/linitiative.ca\/International\/philipe-van-damme-lape-a-encore-plein-dopportunites-a-offrir-aux-operateurs-economiques-camerounais\/"},"modified":"2022-02-23T10:33:24","modified_gmt":"2022-02-23T15:33:24","slug":"philipe-van-damme-lape-a-encore-plein-dopportunites-a-offrir-aux-operateurs-economiques-camerounais","status":"publish","type":"post","link":"https:\/\/linitiative.ca\/International\/philipe-van-damme-lape-a-encore-plein-dopportunites-a-offrir-aux-operateurs-economiques-camerounais\/","title":{"rendered":"Philipe Van Damme\u00a0: \u00ab l\u2019APE a encore plein d\u2019opportunit\u00e9s \u00e0 offrir aux op\u00e9rateurs \u00e9conomiques camerounais \u00bb"},"content":{"rendered":"<div>\n<p><strong>L\u2019Union Europ\u00e9enne(UE) a tenu \u00e0 marquer sa pr\u00e9sence \u00e0 la 8e \u00e9dition du salon Promote. Quel est int\u00e9r\u00eat de cette pr\u00e9sence ?<\/strong><\/p>\n<p>PROMOTE est une occasion incontournable pour beaucoup d\u2019entreprises camerounaises de rencontrer des partenaires potentiels et de s\u2019informer sur les opportunit\u00e9s dont elles pourraient b\u00e9n\u00e9ficier. Nous avons donc voulu r\u00e9pondre pr\u00e9sent et avons m\u00eame propos\u00e9 un atelier d\u2019information et d\u2019\u00e9change ce jeudi 24 f\u00e9vrier sur les trois th\u00e8mes qui nous paraissent particuli\u00e8rement pertinents pour soutenir le secteur priv\u00e9 camerounais.\u00a0<\/p>\n<p>Ainsi, la Journ\u00e9e de l\u2019Union europ\u00e9enne au PROMOTE 2022 s\u2019organisera en trois temps\u00a0:<\/p>\n<p>-une session sur l\u2019Accord de partenariat \u00e9conomique (APE) Cameroun-UE, avec la pr\u00e9sentation d\u2019un guide pratique pour les entreprises camerounaises\u00a0souhaitant d\u2019en b\u00e9n\u00e9ficier ;<\/p>\n<p>-une session sur le climat des affaires au Cameroun, avec pr\u00e9sentation d\u2019une \u00e9tude pr\u00e9par\u00e9e par un expert ind\u00e9pendant qui servira comme point de d\u00e9part pour une discussion sur les am\u00e9liorations n\u00e9cessaires et r\u00e9alisables pour faciliter l\u2019exercice de l\u2019activit\u00e9 \u00e9conomique et attirer des investissements\u00a0;<\/p>\n<p>-et enfin, une session visant \u00e0 pr\u00e9senter les programmes d\u2019appui de l\u2019UE et de ses Etats membres pour le secteur priv\u00e9 camerounais pour capitaliser au mieux les potentialit\u00e9s de l\u2019APE prenant en compte ce climat des affaires peu incitatif.\u00a0\u00a0<\/p>\n<p>Pour toute information compl\u00e9mentaire sur l\u2019action de l\u2019Union europ\u00e9enne au Cameroun, nous restons disponibles tout au long de la semaine sur le stand de l\u2019Union europ\u00e9enne et de la Banque europ\u00e9enne d\u2019Investissements (BEI) dans le pavillon r\u00e9unissant certains des Etats membres de l\u2019Union europ\u00e9enne tels que la France, l\u2019Italie et l\u2019Autriche. En prenant en compte \u00e9galement les entreprises belges ou allemandes repr\u00e9sent\u00e9es, plus d e80 entreprises europ\u00e9ennes ont fait le d\u00e9placement de Yaound\u00e9, sans oublier les nombreuses entreprises europ\u00e9ennes qui sont d\u00e9j\u00e0 pr\u00e9sentes au Cameroun.<\/p>\n<p>Nous esp\u00e9rons vivement que les \u00e9changes tout au long de cette semaine nous permettrons de mieux comprendre les besoins des op\u00e9rateurs camerounais et de servir de tremplin pour certaines entreprises pour saisir des opportunit\u00e9s de commerce et de financements qu\u2019offre l\u2019Union europ\u00e9enne.<\/p>\n<p><strong>Comment l\u2019Union Europ\u00e9enne appr\u00e9cie-t-elle le climat des affaires au Cameroun\u00a0? Comment l\u2019am\u00e9liorer\u00a0?<\/strong><\/p>\n<p>Les avantages mutuels tels que l\u2019acc\u00e8s pr\u00e9f\u00e9rentiel \u00e0 nos march\u00e9s respectifs via l\u2019Accord de Partenariat Economique (APE) Cameroun-UE encouragent l\u2019investissement. Le potentiel \u00e9conomique du Cameroun et la possibilit\u00e9 d\u2019exporter vers l\u2019UE sans limitations quantitatives ni droits de douane constituent un atout majeur pour les investisseurs et une opportunit\u00e9 pour l\u2019industrialisation du Pays.<\/p>\n<p>L\u2019APE n\u2019est cependant qu\u2019un facteur parmi d\u2019autres qui d\u00e9terminent la comp\u00e9titivit\u00e9 du Cameroun. Il n\u2019est un secret pour personne que le Cameroun ne se positionne pas bien sur les diff\u00e9rents rankings internationaux essayant de mesurer le climat des affaires et la comp\u00e9titivit\u00e9. De nombreuses entreprises europ\u00e9ennes sont n\u00e9anmoins install\u00e9es au Cameroun et apportent leur pierre \u00e0 l\u2019\u00e9mergence d\u2019une \u00e9conomie camerounaise inclusive et durable. Connaissant bien les d\u00e9fis de l\u2019environnement des affaires et le climat d\u2019investissement camerounais, elles s\u2019engagent dans un dialogue public-priv\u00e9 constructif, visant \u00e0 cr\u00e9er un environnement \u00e9quitable et pr\u00e9visible (\u00ab level playing field \u00bb) et une am\u00e9lioration des conditions d\u2019exercice de l\u2019activit\u00e9 \u00e9conomique pour l\u2019ensemble des acteurs de l\u2019\u00e9conomie camerounaise. L\u2019UE encourage ce dialogue.<\/p>\n<p>Pour que le Cameroun puisse tirer le maximum d\u2019avantages de l\u2019APE, certaines am\u00e9liorations au niveau du climat des affaires sont certainement souhaitables. Pour donner un exemple\u00a0: les r\u00e9formes fiscales ou la lutte contre la corruption. Nous travaillons donc avec l\u2019administration camerounaise en fournissant de l\u2019expertise pour l\u2019accompagner dans ces exercices.\u00a0<\/p>\n<p><strong>Que repr\u00e9sentent aujourd\u2019hui les \u00e9changes commerciaux entre l\u2019UE et le Cameroun\u00a0? En termes d\u2019\u00e9changes commerciaux, la Chine prend de plus en plus de place en Afrique. Au Cameroun, l\u2019empire du milieu est le premier partenaire commercial. N\u2019est pas une menace pour les pays de l\u2019Union Europ\u00e9enne\u00a0?<\/strong><\/p>\n<p>Non, l\u2019Union europ\u00e9enne fonctionne comme un bloc commercial, repr\u00e9sentante les Etats membres \u00e0 l\u2019Organisation Mondiale du Commerce et n\u00e9gocie les accords commerciaux avec des pays tiers. Il faut donc regarder les chiffres du commerce au niveau de l\u2019Union europ\u00e9enne dans son ensemble, comme un march\u00e9 unique. Et dans ce cas, l\u2019Union europ\u00e9enne est de loin le premier partenaire commercial du Cameroun. Pr\u00e8s de la moiti\u00e9 des exportations camerounaises sont destin\u00e9es au march\u00e9 europ\u00e9en et\u00a030% des importations du Cameroun proviennent de l\u2019UE.<\/p>\n<p>La valeur des \u00e9changes se maintien bien au-del\u00e0 de 2 000 Mrd FCFA par an, et cela m\u00eame dans les temps troubl\u00e9s par la pand\u00e9mie.<\/p>\n<p>Gr\u00e2ce \u00e0 l\u2019APE, toutes les exportations originaires du Cameroun entrent dans l\u2019UE (un march\u00e9 de plus de 450 millions de consommateurs) en franchise de droits de douane et sans limitation quantitative. Les principaux produits export\u00e9s du Cameroun vers l\u2019UE sont le p\u00e9trole, qui repr\u00e9sente environ la moiti\u00e9 de la valeur d\u2019exportation, suivi des produits du cacao (20%), du bois (13%), des bananes (9%) et de l\u2019aluminium (4%).<\/p>\n<p>Ces produits export\u00e9s par les entreprises camerounaises vers l\u2019Europe sont de plus en plus diversifi\u00e9s. Pour citer un exemple, les exportations de produits transform\u00e9s \u00e0 base de cacao (p\u00e2tes, beurre, etc.) ont augment\u00e9 de plus de 50% ces derni\u00e8res ann\u00e9es.<\/p>\n<p>Les principaux produits import\u00e9s du Cameroun originaires de l\u2019UE sont les machines-outils et composants industriels (21%), les voitures, tracteurs et utilitaires (11%), les produits pharmaceutiques (6%) et les ouvrages en fontes, fer ou acier (6%).<\/p>\n<p>L\u2019ouverture du Cameroun envers d\u2019autres partenaires commerciaux, y compris asiatiques, est certainement une bonne chose, \u00e0 condition bien s\u00fbr qu\u2019elle permet \u00e0 l\u2019\u00e9conomie camerounaise de se diversifier et qu\u2019elle assure un d\u00e9veloppement durable.\u00a0\u00a0<\/p>\n<p>Puisque vous citez la Chine, je me permets donc de mettre les choses en perspective\u00a0: en 2020, la valeur des exportations camerounaises vers la Chine repr\u00e9sentait moins de la moiti\u00e9 des exportations vers l\u2019Union europ\u00e9enne, avec un niveau de diversification bien plus faible, 70% de ses exportations \u00e9tant constitu\u00e9s de produits p\u00e9troliers et du gaz.<\/p>\n<p><strong>Depuis le 4 ao\u00fbt 2021, le Cameroun est entr\u00e9 dans la 6e phase du d\u00e9mant\u00e8lement tarifaire des produits \u00e9ligibles aux pr\u00e9f\u00e9rences commerciales dans le cadre de l\u2019Accord de partenariat \u00e9conomique (APE) bilat\u00e9ral avec l\u2019UE. Quel bilan peut-on dresser de ce partenariat 6 ans apr\u00e8s son entr\u00e9e en vigueur ?<\/strong><\/p>\n<p>L\u2019APE est un accord de libre-\u00e9change ax\u00e9 sur le d\u00e9veloppement. Il vise donc, en premier lieu, \u00e0 d\u00e9velopper le potentiel d\u2019exportation du Cameroun, en offrant aux produits camerounais un acc\u00e8s en franchise de droits de douane et sans aucune limitation quantitative d\u2019acc\u00e8s au march\u00e9 de l\u2019UE. C\u2019est gr\u00e2ce \u00e0 cette exon\u00e9ration, par exemple, qu\u2019on peut trouver en Europe des bananes d\u2019origine camerounaise, alors qu\u2019on n\u2019y trouvera pas de bananes en provenance du Nigeria, qui, \u00e0 ce jour, n\u2019a pas encore sign\u00e9 un APE et dont le prix des bananes, alourdi par le droit de douane \u00e0 l\u2019entr\u00e9e de l\u2019Union europ\u00e9enne, n\u2019est pas comp\u00e9titif sur ce march\u00e9.\u00a0<\/p>\n<p>Ensuite, pour soutenir le d\u00e9veloppement industriel du Cameroun et l\u2019int\u00e9gration du pays dans les cha\u00eenes de valeur mondiales, l\u2019accord entraine une \u00e9limination progressive des tarifs sur les biens interm\u00e9diaires et les machines en provenance de l\u2019UE. Cela permet de r\u00e9duire les co\u00fbts des intrants pour les entreprises camerounaises, et dans certain cas, r\u00e9duire les prix pour le consommateur final, sans pour autant cannibaliser la production locale puisque le Cameroun n\u2019est pas positionn\u00e9 dans ces secteurs.<\/p>\n<p>Tout cela est fait tout en prot\u00e9geant l\u2019agriculture camerounaise ainsi que ses industries \u00e9mergentes et naissantes du pays. L\u2019accord n\u2019entraine aucune baisse de droits de douane pour plusieurs marchandises produites localement et qui pourraient craindre la concurrence europ\u00e9enne, tels que viandes, fruits et l\u00e9gumes, mais aussi peintures, textiles et pneus usag\u00e9s, pour en \u00e9num\u00e9rer quelques-uns. Plus de 20% des importations camerounaises provenant de l\u2019Union europ\u00e9enne sont ainsi exempts du d\u00e9mant\u00e8lement tarifaire.<\/p>\n<p>Les b\u00e9n\u00e9fices de l\u2019accord exigent bien s\u00fbr certains efforts d\u2019adaptation : un travail sur la comp\u00e9titivit\u00e9 des entreprises, sur la qualit\u00e9 de l\u2019offre, sur les infrastructures, le climat des affaires et, tr\u00e8s importantes aussi, les r\u00e9formes fiscales\u2026 C\u2019est pour cela qu\u2019on parle d\u2019un \u00ab Partenariat \u00bb. Dans tous ces efforts, l\u2019Union europ\u00e9enne et ses Etats membres \u00e9paulent et accompagnent le Cameroun, restant malgr\u00e9 cette p\u00e9riode compliqu\u00e9e, de loin le premier fournisseur d\u2019aide au d\u00e9veloppement, notamment en appui au secteur priv\u00e9 et \u00e0 l\u2019int\u00e9gration r\u00e9gionale et continentale.\u00a0<\/p>\n<p>L\u2019ann\u00e9e 2021 a marqu\u00e9 5 ans de la mise en \u0153uvre par le Cameroun de la r\u00e9duction progressif \u00e0 l\u2019importation de l\u2019UE. Tout se fait graduellement. La phase de mise en \u0153uvre n\u2019est pas encore termin\u00e9e, mais l\u2019APE porte d\u00e9j\u00e0 bien ses fruits !<\/p>\n<p>Si on prend l\u2019exemple de l\u2019ann\u00e9e 2019, la derni\u00e8re ann\u00e9e pour laquelle des donn\u00e9es sont disponibles, les entreprises camerounaises exportatrices de produits vers l\u2019UE ont \u00e9conomis\u00e9 27 milliard de FCFA gr\u00e2ce \u00e0 l\u2019exon\u00e9ration de droits de douane donn\u00e9e par l\u2019APE sur leurs intrants. La \u00ab moins-value fiscale\u00bb dont en entend tellement parler, implique en effet une \u00e9pargne \u00e9quivalente pour les entreprises camerounaises ; entreprises qui importent depuis l\u2019UE des ingr\u00e9dients et des machines pour d\u00e9velopper la production camerounaise.\u00a0\u00a0Certes, du point de vue du budget national, cela peut \u00eatre per\u00e7u comme un manque \u00e0 gagner \u00e0 court terme. Mais quel coup de pouce important pour le business camerounais et donc des recettes fiscales nouvelles \u00e0 plus long terme. En effet, gr\u00e2ce \u00e0 l\u2019APE, des entreprises ont pu exporter vers l\u2019Europe des produits qui ne seraient pas comp\u00e9titifs sans l\u2019exon\u00e9ration offerte par cet accord, g\u00e9n\u00e9rant ainsi des devises, des emplois et donc des revenus taxables suppl\u00e9mentaires pour l\u2019Etat.<\/p>\n<p>Si, comme je disais, l\u2019UE garde sa premi\u00e8re place parmi les partenaires commerciaux du Cameroun, c\u2019est aussi gr\u00e2ce \u00e0 l\u2019APE.<\/p>\n<p>Cela ne veut pas dire bien s\u00fbr qu\u2019on ne peut pas faire mieux. L\u2019APE a encore plein d\u2019opportunit\u00e9s \u00e0 offrir aux op\u00e9rateurs \u00e9conomiques camerounais.<\/p>\n<p>Il est clair que tous les effets positifs de l\u2019accord en termes de diversification des exportations, de r\u00e9duction de co\u00fbts pour les producteurs locaux ou de l\u2019impact positif de l\u2019accord sur l\u2019investissement sont encore loin d\u2019\u00eatre pleinement r\u00e9alis\u00e9s.<\/p>\n<p>Une grande majorit\u00e9 d\u2019entreprises \u2013 \u00e0 l\u2019exception de quelques secteurs d\u2019exportation traditionnels et de certaines industries locales importantes et sophistiqu\u00e9es \u2013 ne semblent pas \u00eatre au courant des exon\u00e9rations de droits de douane de l\u2019APE et des conditions administratives pour en b\u00e9n\u00e9ficier (par exemple, comment obtenir un \u00ab certificat d\u2019origine \u00bb). Une campagne d\u2019information et de sensibilisation sur les potentialit\u00e9s toujours sous-exploit\u00e9es de l\u2019APE, \u00e0 concevoir conjointement avec GICAM et les autorit\u00e9s camerounaises, est n\u00e9cessaire pour palier \u00e0 ce d\u00e9ficit d\u2019information.<\/p>\n<p>Pour pallier, au moins partiellement \u00e0 ce probl\u00e8me, nous venons de publier un guide pratique pour les op\u00e9rateurs camerounais\u00a0; la brochure est d\u00e9j\u00e0 disponible sur le site de la D\u00e9l\u00e9gation de l\u2019UE et sera pr\u00e9sent\u00e9e et distribu\u00e9e lors de la journ\u00e9e de l\u2019UE le 24 f\u00e9vrier 2022 au Salon PROMOTE.<\/p>\n<p><strong>Sur l\u2019APE, un des points d\u2019achoppement entre le Cameroun et l\u2019UE c\u2019est celui li\u00e9 au protocole commun sur les r\u00e8gles d\u2019origines. O\u00f9 en sont les discussions sur ce point particuli\u00e8rement ?<\/strong><\/p>\n<p>Le 27 avril 2021 le Cameroun et UE ont confirm\u00e9, dans le Comit\u00e9 APE, qui est l\u2019organe de gouvernance de l\u2019APE, l\u2019int\u00e9r\u00eat de disposer d\u2019un protocole commun sur les r\u00e8gles d\u2019origine, pour une bonne mise en \u0153uvre de l\u2019Accord, et elles se sont engag\u00e9es \u00e0 faire preuve de flexibilit\u00e9 de mani\u00e8re \u00e0 finaliser le projet de protocole commun sur les r\u00e8gles d\u2019origine dans les plus brefs d\u00e9lais.<\/p>\n<p>En d\u00e9cembre 2021 la Partie europ\u00e9enne a envoy\u00e9 au gouvernement du Cameroun une nouvelle proposition \u00e9crite sur les dispositions restantes \u00e0 n\u00e9gocier pour faciliter la reprise des discussions techniques. Cette proposition est actuellement en cours d\u2019examen par la Partie camerounaise et nous esp\u00e9rons qu\u2019un accord sur un texte final du Protocol puisse \u00eatre obtenu au cours de cette ann\u00e9e.<\/p>\n<p><strong>Il y\u2019a un an, certains produits camerounais comme le caf\u00e9, b\u00e9n\u00e9ficiant de la pr\u00e9f\u00e9rence APE ont \u00e9t\u00e9 refoul\u00e9s aux portes de l\u2019UE pour non-respect des normes sanitaires. Ne s\u2019agit-il pas d\u2019une mesure disproportionn\u00e9e ? Comment parvenir \u00e0 inverser la tendance d\u00e8s lors ?<\/strong><\/p>\n<p>Entre 2016 et 2020 le Cameroun a export\u00e9 15,5 millions de tonnes de marchandises vers les pays de l\u2019Union europ\u00e9enne. Les cas de refoulement de marchandises import\u00e9es au fronti\u00e8res de l\u2019Europe pour des raisons de suret\u00e9 des aliments se trouvent dans une base de donn\u00e9es accessible en ligne : la RASFF, ou en anglais \u00ab Rapid Alert System for Food and Feed \u00bb. Selon cette base de donn\u00e9es, jusqu\u2019\u00e0 novembre 2020 (derni\u00e8res donn\u00e9es disponibles), seulement 15 tonnes de ces marchandises ont \u00e9t\u00e9 refoul\u00e9es par l\u2019UE (une dizaine de tonnes d\u2019ananas, un peu d\u2019arachide, du haricot, du piment et du caf\u00e9) : pas m\u00eame un millioni\u00e8me de la quantit\u00e9 totale export\u00e9e. Ni le cacao, ni la banane n\u2019apparaissent sur la liste de produits refoul\u00e9s.\u00a0<\/p>\n<p>Les motifs de ces quelques refoulements ? Principalement, la pr\u00e9sence de substances connues pour leur canc\u00e9rog\u00e9nicit\u00e9 et donc interdites en Europe : des colorants, des aflatoxines (moisissure), enfin des pesticides.<\/p>\n<p>S\u2019agit-il r\u00e9ellement de mesures disproportionn\u00e9es, impos\u00e9es d\u2019une mani\u00e8re abrupte ? Loin de l\u00e0. S\u2019il est vrai qu\u2019il y a un renforcement graduel des r\u00e8gles europ\u00e9ennes en mati\u00e8re de la pr\u00e9sence des pesticides dans les produits alimentaires, ces r\u00e8gles sont g\u00e9n\u00e9rale et non li\u00e9es \u00e0 l\u2019APE et sont justifi\u00e9es par l\u2019objectif de prot\u00e9ger la sant\u00e9 des consommateurs et l\u2019environnement et n\u2019arrivent pas par surprise.<\/p>\n<p>Prenons par exemple l\u2019interdiction d\u2019utilisation du chlorpyrifos, le pesticide dont des r\u00e9sidus ont \u00e9t\u00e9 d\u00e9tect\u00e9s dans des cargaisons de caf\u00e9 camerounais refoul\u00e9 en d\u00e9cembre 2020 \u00e0 la fronti\u00e8re europ\u00e9enne. Cette interdiction \u00e9tait pr\u00e9visible d\u00e8s ao\u00fbt 2019, lorsque l\u2019Autorit\u00e9 europ\u00e9enne de s\u00e9curit\u00e9 des aliments (EFSA), avait \u00e9t\u00e9 cat\u00e9gorique sur les effets n\u00e9fastes de chlorpyrifos pour la sant\u00e9 humaine. En d\u00e9cembre 2019, la d\u00e9cision d\u2019interdire toute trace de chlorpyrifos dans les produits mis en vente en Europe est notifi\u00e9e formellement \u00e0 tous les partenaires commerciaux via le syst\u00e8me de notification de l\u2019Organisation Mondiale du Commerce, dont le Cameroun est membre, en annon\u00e7ant que cette mesure devient effective seulement \u00e0 la mi-novembre 2020. Les pays partenaires ont donc eu un an pour s\u2019y pr\u00e9parer.\u00a0<\/p>\n<p>Toutefois, la difficult\u00e9 des producteurs agricoles \u00e0 trouver des moyens de remplacement aux pesticides interdits dans un temps relativement court est compr\u00e9hensible. Pour cela, l\u2019UE met \u00e0 disposition ses experts et des moyens financiers pour accompagner ses partenaires commerciaux et leurs producteurs dans le processus d\u2019adaptation.<\/p>\n<p>A la demande des autorit\u00e9s camerounaises, par exemple, un atelier dans le cadre du programme \u00ab TAIEX \u00bb financ\u00e9 par l\u2019UE a \u00e9t\u00e9 organis\u00e9 au Cameroun en octobre 2021 pour permettre aux principaux concern\u00e9s d\u2019avoir plus de clart\u00e9 sur les alternatives aux pesticides d\u00e9j\u00e0 proscrits par l\u2019Europe et ceux vou\u00e9s \u00e0 dispara\u00eetre dans un avenir proche.<\/p>\n<p>Pour ce qui est d\u2019un accompagnement concret sur la p\u00e9riode 2016-2019, l\u2019UE a d\u00e9bloqu\u00e9 1,3 milliards FCFA rien que pour des programmes d\u2019adaptation de producteurs camerounais de fruits et l\u00e9gumes aux normes europ\u00e9ennes et cela via une de ses initiatives, connue sous le nom de \u00ab COLEACP \u00bb.<\/p>\n<p>Ainsi, en regardant de pr\u00e8s, il est difficile de voir des blocages massifs ou encore du protectionnisme europ\u00e9en. Si l\u2019Europe vise \u00e0 prot\u00e9ger, c\u2019est n\u2019est pas son march\u00e9, mais la sant\u00e9 des consommateurs. En plus, vu que la r\u00e9glementation europ\u00e9enne a un effet normatif et d\u2019exemplarit\u00e9 souvent suivi ailleurs, un pays qui est apte \u00e0 exporter vers l\u2019Union europ\u00e9enne sera apte \u00e9galement \u00e0 exporter le m\u00eame produit dans la plupart des autres pays tiers.<\/p>\n<p><strong>Si les importateurs camerounais trouvent du profit derri\u00e8re l\u2019APE, les producteurs locaux peinent \u00e0 s\u2019imposer sur le grand march\u00e9 europ\u00e9en. Comment l\u2019UE accompagne-t-il la mise \u00e0 niveau des entreprises camerounaises ?\u00a0<\/strong><\/p>\n<p>Les entreprises exportatrices trouvent certainement d\u00e9j\u00e0 leur b\u00e9n\u00e9fice dans l\u2019Accord, mais il est certain que l\u2019acc\u00e8s sans droit de douanes au march\u00e9 europ\u00e9en ne peut \u00e0 lui seul permettre d\u2019atteindre pleinement les objectifs de l\u2019APE. En parall\u00e8le, il faut un accompagnement. Les domaines d\u2019actions sp\u00e9cifiques de l\u2019UE et de ses Etats membres viennent donc en appui de la dimension commerciale.<\/p>\n<p>Je viens de mentionner les programmes TAIEX et COLEACP.<\/p>\n<p>J\u2019ajoute le Programme d\u2019appui \u00e0 l\u2019am\u00e9lioration de la comp\u00e9titivit\u00e9 de l\u2019\u00e9conomie camerounaise (PACOM) de 10 millions d\u2019euros qui a facilit\u00e9 le d\u00e9veloppement d\u2019infrastructures de qualit\u00e9, le dialogue public-priv\u00e9 et l\u2019am\u00e9lioration de la productivit\u00e9 des entreprises camerounaises dans les ann\u00e9es 2013-2018.<\/p>\n<p>PACOM a \u00e9t\u00e9 ensuite remplac\u00e9 par un autre programme de 10 millions d\u2019euros au titre du 11\u00e8 Fonds europ\u00e9en de d\u00e9veloppement (FED), nomm\u00e9 \u00ab\u00a0Dispositif d\u2019appui \u00e0 la comp\u00e9titivit\u00e9 du Cameroun\u00a0\u00bb (DACC), qui est op\u00e9rationnel en ce moment.\u00a0<\/p>\n<p>L\u2019UE continue et continuera \u00e0 accompagner le Cameroun et ses entreprises dans de la mise en \u0153uvre de l\u2019APE dans son nouveau cadre de coop\u00e9ration pour les ann\u00e9es 2022-2027. L\u2019apr\u00e8s-midi du jeudi 24 f\u00e9vrier sera pr\u00e9cis\u00e9ment consacr\u00e9 \u00e0 la pr\u00e9sentation des diff\u00e9rents programmes d\u2019appui au secteur priv\u00e9 d\u00e9velopp\u00e9s par l\u2019UE et ses Etats membres.<\/p>\n<p>L\u2019article <a rel=\"nofollow\" href=\"https:\/\/ecomatin.net\/philipe-van-damme-lape-a-encore-plein-dopportunites-a-offrir-aux-operateurs-economiques-camerounais\/\">Philipe Van Damme\u00a0: \u00ab l\u2019APE a encore plein d\u2019opportunit\u00e9s \u00e0 offrir aux op\u00e9rateurs \u00e9conomiques camerounais \u00bb<\/a> est apparu en premier sur <a rel=\"nofollow\" href=\"https:\/\/ecomatin.net\/\">EcoMatin<\/a>.<\/p>\n<\/div>\n<p>Auteur: Cedrick JIONGO<br \/>\n<a href=\"https:\/\/ecomatin.net\/philipe-van-damme-lape-a-encore-plein-dopportunites-a-offrir-aux-operateurs-economiques-camerounais\/\">Cliquez ici pour lire l&rsquo;article depuis sa source.<\/a><\/p>\n","protected":false},"excerpt":{"rendered":"<p>L\u2019Union Europ\u00e9enne(UE) a tenu \u00e0 marquer sa pr\u00e9sence \u00e0 la 8e \u00e9dition du salon Promote. Quel est int\u00e9r\u00eat de cette pr\u00e9sence ? PROMOTE est une occasion incontournable pour beaucoup d\u2019entreprises camerounaises de rencontrer des partenaires potentiels et de s\u2019informer sur les opportunit\u00e9s dont elles pourraient b\u00e9n\u00e9ficier. Nous avons donc voulu r\u00e9pondre pr\u00e9sent et avons m\u00eame [&hellip;]<\/p>\n","protected":false},"author":1969,"featured_media":0,"comment_status":"closed","ping_status":"closed","sticky":false,"template":"","format":"standard","meta":{"fifu_image_url":"","fifu_image_alt":"","footnotes":""},"categories":[82,78],"tags":[],"class_list":["post-141601","post","type-post","status-publish","format-standard","hentry","category-cameroun","category-economie"],"_links":{"self":[{"href":"https:\/\/linitiative.ca\/International\/wp-json\/wp\/v2\/posts\/141601","targetHints":{"allow":["GET"]}}],"collection":[{"href":"https:\/\/linitiative.ca\/International\/wp-json\/wp\/v2\/posts"}],"about":[{"href":"https:\/\/linitiative.ca\/International\/wp-json\/wp\/v2\/types\/post"}],"author":[{"embeddable":true,"href":"https:\/\/linitiative.ca\/International\/wp-json\/wp\/v2\/users\/1969"}],"replies":[{"embeddable":true,"href":"https:\/\/linitiative.ca\/International\/wp-json\/wp\/v2\/comments?post=141601"}],"version-history":[{"count":0,"href":"https:\/\/linitiative.ca\/International\/wp-json\/wp\/v2\/posts\/141601\/revisions"}],"wp:attachment":[{"href":"https:\/\/linitiative.ca\/International\/wp-json\/wp\/v2\/media?parent=141601"}],"wp:term":[{"taxonomy":"category","embeddable":true,"href":"https:\/\/linitiative.ca\/International\/wp-json\/wp\/v2\/categories?post=141601"},{"taxonomy":"post_tag","embeddable":true,"href":"https:\/\/linitiative.ca\/International\/wp-json\/wp\/v2\/tags?post=141601"}],"curies":[{"name":"wp","href":"https:\/\/api.w.org\/{rel}","templated":true}]}}