{"id":141603,"date":"2022-02-23T11:48:24","date_gmt":"2022-02-23T16:48:24","guid":{"rendered":"https:\/\/linitiative.ca\/International\/regie-du-terminal-a-conteneurs-les-dossiers-urgents-du-nouveau-directeur-delegue\/"},"modified":"2022-02-23T11:48:24","modified_gmt":"2022-02-23T16:48:24","slug":"regie-du-terminal-a-conteneurs-les-dossiers-urgents-du-nouveau-directeur-delegue","status":"publish","type":"post","link":"https:\/\/linitiative.ca\/International\/regie-du-terminal-a-conteneurs-les-dossiers-urgents-du-nouveau-directeur-delegue\/","title":{"rendered":"R\u00e9gie du terminal \u00e0 conteneurs\u00a0: les dossiers urgents du nouveau Directeur d\u00e9l\u00e9gu\u00e9"},"content":{"rendered":"<div>\n<p>Depuis ce 18 f\u00e9vrier 2022, Faustin Dingana a c\u00e9d\u00e9 son fauteuil de Directeur d\u00e9l\u00e9gu\u00e9 de la R\u00e9gie du terminal \u00e0 conteneurs du Port de Douala \u00e0 Dieudonn\u00e9 Onana Ndoh Lin. D\u2019apr\u00e8s l\u2019article 2 de la r\u00e9solution 0885-22 du conseil d\u2019administration du Port autonome de Douala, portant r\u00e9organisation de la R\u00e9gie, d\u00e9l\u00e9gu\u00e9e de gestion, d\u2019exploitation et de maintenance du terminal \u00e0 conteneurs du Port de Douala-Bonaberi, \u00ab le Directeur d\u00e9l\u00e9gu\u00e9 de la R\u00e9gie du terminal \u00e0 conteneurs est soumis \u00e0 un contrat de performance dont les termes sont d\u00e9finis par le Directeur g\u00e9n\u00e9ral du Port autonome de Douala\u00bb. Au 31 d\u00e9cembre 2021, la RTC a vers\u00e9 au Port autonome de Douala, conform\u00e9ment \u00e0 son cahier de charges, des redevances portuaires de l\u2019ordre de 16,4 milliards de FCFA, 7 milliards de FCFA au tr\u00e9sor public, et r\u00e9alis\u00e9 un chiffre d\u2019affaires estim\u00e9 \u00e0 56,8 milliards de FCFA. Des r\u00e9sultats en hausse par rapport \u00e0 l\u2019exercice 2020 au terme de laquelle la RTC, sous Faustin Dingana, a d\u00e9gag\u00e9 un chiffre d\u2019affaires de 48,4% (+14%).<\/p>\n<p><strong>Une logistique \u00e0 am\u00e9liorer<\/strong><\/p>\n<p>Des acquis \u00e0 consolider par le nouveau Directeur d\u00e9l\u00e9gu\u00e9. Habitu\u00e9 des activit\u00e9s et de la gestion des affaires portuaires, l\u2019ancien Secr\u00e9taire g\u00e9n\u00e9ral de Port Synth\u00e8se, l\u2019instance renfermant tous les acteurs de la place portuaire, devra \u00e9galement avoir la pleine ma\u00eetrise des mission assign\u00e9es \u00e0 l\u2019institution dont il a d\u00e9sormais la charge: r\u00e9ception et livraison des conteneurs \u00e0 l\u2019importation et \u00e0 l\u2019exportation, d\u00e9chargement et chargement des navires porte-conteneurs et navires rouliers, maintenance et la modernisation des \u00e9quipements du terminal \u00e0 conteneurs. Pour cela, Dieudonn\u00e9 Onana Ndoh Lin sera confront\u00e9 \u00e0 plusieurs d\u00e9fis. Dans la prolongation de son pr\u00e9d\u00e9cesseur, le polytechnicien dispose des leviers inscrits sur le plan d\u2019investissements triennal de la RTC. Mis en \u0153uvre depuis 2020, il se chiffre \u00e0 une enveloppe globale de 102,13 milliards de FCFA (62% d\u2019autofinancement et 38% d\u2019emprunt).<\/p>\n<p>Dieudonn\u00e9 Onana Ndoh Lin devrait par cons\u00e9quent finaliser le processus d\u2019autofinancement qui porte sur une enveloppe de 63,56 milliards de FCFA (16,02 milliards de FCFA d\u2019autofinancement sans emprunts et 47,54 milliards de FCFA d\u2019autofinancement avec emprunts). Ainsi que celui du financement sur emprunt arr\u00eat\u00e9 \u00e0 la somme 38,57 milliards de FCFA. Enveloppe \u00e9chelonn\u00e9e sur 4 ans, \u00e0 raison de 10 milliards de FCFA en 2021, 8,58 milliards de FCFA en 2022, 9,99 milliards de FCFA en 2023, et 10 milliards de FCFA en 2024. D\u2019apr\u00e8s les pr\u00e9visions, le nouveau Directeur d\u00e9l\u00e9gu\u00e9 devra \u00e9galement finaliser la r\u00e9habilitation de terre-pleins et VRD (2 hectares), r\u00e9parer 25.000 m2 terre-pleins et voies de circulation prioritaires sur le terminal \u00e0 conteneurs, acheter des portiques de quai (5), des grues mobiles (4), des portiques de parc RTG (16), des reachstakers (23), des chariots \u00e9l\u00e9vateurs pour vides (5), des tracteurs (22), des remorques (39), des v\u00e9hicules (60) et autres mat\u00e9riels d\u2019exploitation (22), acqu\u00e9rir 5 reachstakers, 2 grues mobiles de quai, 20 tracteurs portuaires, 10 remorques, 2 empty handler et 2 chariots \u00e9l\u00e9vateurs de capacit\u00e9 20 et 5 tonnes etc.<\/p>\n<p><strong>S\u00fbret\u00e9 et s\u00e9curit\u00e9<\/strong><\/p>\n<p>Sur les plans commercial et exploitation, Dieudonn\u00e9 Onana Ndoh Lin est attendu sur la consolidation de la mise en application de la grille tarifaire homologu\u00e9e le 3 novembre 2020 par l\u2019Autorit\u00e9 portuaire nationale (APN), la mise en place en concertation avec les lignes maritimes, les autorit\u00e9s douani\u00e8res, des mesures de traitement appropri\u00e9s des conteneurs imports long standing engorgeant le port de Douala, la r\u00e9duction du temps de traitement de camions pour les livraison de conteneurs \u00e0 l\u2019importation de 120 \u00e0 45 minutes, et le retour \u00e0 un niveau d\u2019occupation relativement normal du parc \u00e0 import \u00e0 travers les r\u00e9gulations des flux maritime et terrestre.<\/p>\n<p>Non n\u00e9gligeables, la s\u00e9curit\u00e9 et la s\u00fbret\u00e9. Il consiste au renforcement de la protection des travailleurs, l\u2019am\u00e9lioration du syst\u00e8me de vid\u00e9osurveillance du terminal, ou la d\u00e9pollution du terminal par les hydrocarbures laiss\u00e9s par le DIT. La RTC a officiellement lanc\u00e9 ses activit\u00e9s le 2 janvier 2019. Avec 383 employ\u00e9s, elle dispose de 660 m de quai, 25 hectares de surface, 7.65 m de tirant d\u2019eau, 25,432 Evp, et 210 prises frigo.<\/p>\n<p>L\u2019article <a rel=\"nofollow\" href=\"https:\/\/ecomatin.net\/regie-du-terminal-a-conteneurs-les-dossiers-urgents-du-nouveau-directeur-delegue\/\">R\u00e9gie du terminal \u00e0 conteneurs\u00a0: les dossiers urgents du nouveau Directeur d\u00e9l\u00e9gu\u00e9<\/a> est apparu en premier sur <a rel=\"nofollow\" href=\"https:\/\/ecomatin.net\/\">EcoMatin<\/a>.<\/p>\n<\/div>\n<p>Auteur: Georges Semey<br \/>\n<a href=\"https:\/\/ecomatin.net\/regie-du-terminal-a-conteneurs-les-dossiers-urgents-du-nouveau-directeur-delegue\/\">Cliquez ici pour lire l&rsquo;article depuis sa source.<\/a><\/p>\n","protected":false},"excerpt":{"rendered":"<p>Depuis ce 18 f\u00e9vrier 2022, Faustin Dingana a c\u00e9d\u00e9 son fauteuil de Directeur d\u00e9l\u00e9gu\u00e9 de la R\u00e9gie du terminal \u00e0 conteneurs du Port de Douala \u00e0 Dieudonn\u00e9 Onana Ndoh Lin. D\u2019apr\u00e8s l\u2019article 2 de la r\u00e9solution 0885-22 du conseil d\u2019administration du Port autonome de Douala, portant r\u00e9organisation de la R\u00e9gie, d\u00e9l\u00e9gu\u00e9e de gestion, d\u2019exploitation et [&hellip;]<\/p>\n","protected":false},"author":1969,"featured_media":0,"comment_status":"closed","ping_status":"closed","sticky":false,"template":"","format":"standard","meta":{"fifu_image_url":"","fifu_image_alt":"","footnotes":""},"categories":[82,78],"tags":[],"class_list":["post-141603","post","type-post","status-publish","format-standard","hentry","category-cameroun","category-economie"],"_links":{"self":[{"href":"https:\/\/linitiative.ca\/International\/wp-json\/wp\/v2\/posts\/141603","targetHints":{"allow":["GET"]}}],"collection":[{"href":"https:\/\/linitiative.ca\/International\/wp-json\/wp\/v2\/posts"}],"about":[{"href":"https:\/\/linitiative.ca\/International\/wp-json\/wp\/v2\/types\/post"}],"author":[{"embeddable":true,"href":"https:\/\/linitiative.ca\/International\/wp-json\/wp\/v2\/users\/1969"}],"replies":[{"embeddable":true,"href":"https:\/\/linitiative.ca\/International\/wp-json\/wp\/v2\/comments?post=141603"}],"version-history":[{"count":0,"href":"https:\/\/linitiative.ca\/International\/wp-json\/wp\/v2\/posts\/141603\/revisions"}],"wp:attachment":[{"href":"https:\/\/linitiative.ca\/International\/wp-json\/wp\/v2\/media?parent=141603"}],"wp:term":[{"taxonomy":"category","embeddable":true,"href":"https:\/\/linitiative.ca\/International\/wp-json\/wp\/v2\/categories?post=141603"},{"taxonomy":"post_tag","embeddable":true,"href":"https:\/\/linitiative.ca\/International\/wp-json\/wp\/v2\/tags?post=141603"}],"curies":[{"name":"wp","href":"https:\/\/api.w.org\/{rel}","templated":true}]}}