{"id":141605,"date":"2022-02-24T08:57:52","date_gmt":"2022-02-24T13:57:52","guid":{"rendered":"https:\/\/linitiative.ca\/International\/foot-le-gouvernement-decide-la-reouverture-des-stades-devant-le-public\/"},"modified":"2022-02-24T08:57:52","modified_gmt":"2022-02-24T13:57:52","slug":"foot-le-gouvernement-decide-la-reouverture-des-stades-devant-le-public","status":"publish","type":"post","link":"https:\/\/linitiative.ca\/International\/foot-le-gouvernement-decide-la-reouverture-des-stades-devant-le-public\/","title":{"rendered":"Foot: le gouvernement d\u00e9cide la r\u00e9ouverture des stades devant le public"},"content":{"rendered":"<div>\n<p><img loading=\"lazy\" decoding=\"async\" width=\"300\" height=\"153\" src=\"https:\/\/linitiative.ca\/International\/wp-content\/uploads\/sites\/23\/2022\/02\/Akhannouch-Et-Lakjaa-300x153-1.jpg\" class=\"attachment-medium size-medium wp-post-image\" alt=\"\" srcset=\"https:\/\/linitiative.ca\/International\/wp-content\/uploads\/sites\/23\/2022\/02\/Akhannouch-Et-Lakjaa-300x153-1.jpg 300w, https:\/\/aujourdhui.ma\/wp-content\/uploads\/2022\/02\/Akhannouch-Et-Lakjaa-274x140.jpg 274w, https:\/\/aujourdhui.ma\/wp-content\/uploads\/2022\/02\/Akhannouch-Et-Lakjaa.jpg 746w, https:\/\/aujourdhui.ma\/wp-content\/uploads\/2022\/02\/Akhannouch-Et-Lakjaa-165x84.jpg 165w, https:\/\/aujourdhui.ma\/wp-content\/uploads\/2022\/02\/Akhannouch-Et-Lakjaa-702x358.jpg 702w\" sizes=\"auto, (max-width: 300px) 100vw, 300px\"><\/p>\n<p><span style=\"font-size: 20px; color: #800000;\"><strong>Le gouvernement a d\u00e9cid\u00e9 la r\u00e9ouverture des stades devant le grand public, a annonc\u00e9 un communiqu\u00e9 du d\u00e9partement du Chef du gouvernement.<\/strong><\/span><span id=\"more-400790\"><\/span><\/p>\n<p>Le Chef du gouvernement, Aziz Akhannouch a re\u00e7u ce jeudi le pr\u00e9sident de la F\u00e9d\u00e9ration Royale Marocaine de Football (FRMF), Fouzi Lekjaa, pour discuter de la r\u00e9ouverture des stades devant le public, a-t-on expliqu\u00e9 de m\u00eame source.<\/p>\n<p>Conform\u00e9ment aux dispositions juridiques relatives \u00e0 la gestion de l\u2019\u00e9tat d\u2019urgence sanitaire et suivant les recommandations du comit\u00e9 scientifique et technique tout en prenant en consid\u00e9ration l\u2019\u00e9volution positive de la situation \u00e9pid\u00e9miologique dans le Royaume, le gouvernement a d\u00e9cid\u00e9 la r\u00e9ouverture des stades devant le public, souligne le communiqu\u00e9.<\/p>\n<p>A ce titre, le Chef du gouvernement a exhort\u00e9 le pr\u00e9sident de la FRMF \u00e0 prendre toutes les dispositions et mesures susceptibles d\u2019assurer la mise en oeuvre de cette d\u00e9cision, a-t-on conclu.<\/p>\n<\/div>\n<p>Auteur: ALM<br \/>\n<a href=\"https:\/\/aujourdhui.ma\/actualite\/foot-le-gouvernement-decide-la-reouverture-des-stades-devant-le-public\">Cliquez ici pour lire l&rsquo;article depuis sa source.<\/a><\/p>\n","protected":false},"excerpt":{"rendered":"<p>Le gouvernement a d\u00e9cid\u00e9 la r\u00e9ouverture des stades devant le grand public, a annonc\u00e9 un communiqu\u00e9 du d\u00e9partement du Chef du gouvernement. Le Chef du gouvernement, Aziz Akhannouch a re\u00e7u ce jeudi le pr\u00e9sident de la F\u00e9d\u00e9ration Royale Marocaine de Football (FRMF), Fouzi Lekjaa, pour discuter de la r\u00e9ouverture des stades devant le public, a-t-on [&hellip;]<\/p>\n","protected":false},"author":1759,"featured_media":0,"comment_status":"closed","ping_status":"closed","sticky":false,"template":"","format":"standard","meta":{"fifu_image_url":"https:\/\/aujourdhui.ma\/wp-content\/uploads\/2022\/02\/Akhannouch-Et-Lakjaa-300x153.jpg","fifu_image_alt":"Foot: le gouvernement d\u00e9cide la r\u00e9ouverture des stades devant le public","footnotes":""},"categories":[73,54],"tags":[],"class_list":["post-141605","post","type-post","status-publish","format-standard","hentry","category-actualite","category-maroc"],"_links":{"self":[{"href":"https:\/\/linitiative.ca\/International\/wp-json\/wp\/v2\/posts\/141605","targetHints":{"allow":["GET"]}}],"collection":[{"href":"https:\/\/linitiative.ca\/International\/wp-json\/wp\/v2\/posts"}],"about":[{"href":"https:\/\/linitiative.ca\/International\/wp-json\/wp\/v2\/types\/post"}],"author":[{"embeddable":true,"href":"https:\/\/linitiative.ca\/International\/wp-json\/wp\/v2\/users\/1759"}],"replies":[{"embeddable":true,"href":"https:\/\/linitiative.ca\/International\/wp-json\/wp\/v2\/comments?post=141605"}],"version-history":[{"count":0,"href":"https:\/\/linitiative.ca\/International\/wp-json\/wp\/v2\/posts\/141605\/revisions"}],"wp:attachment":[{"href":"https:\/\/linitiative.ca\/International\/wp-json\/wp\/v2\/media?parent=141605"}],"wp:term":[{"taxonomy":"category","embeddable":true,"href":"https:\/\/linitiative.ca\/International\/wp-json\/wp\/v2\/categories?post=141605"},{"taxonomy":"post_tag","embeddable":true,"href":"https:\/\/linitiative.ca\/International\/wp-json\/wp\/v2\/tags?post=141605"}],"curies":[{"name":"wp","href":"https:\/\/api.w.org\/{rel}","templated":true}]}}