{"id":141607,"date":"2022-02-24T09:20:31","date_gmt":"2022-02-24T14:20:31","guid":{"rendered":"https:\/\/linitiative.ca\/International\/sortie-livre-la-poule-et-son-cumin-un-roman-qui-decrit-les-clivages-societaux-au-maroc\/"},"modified":"2022-02-24T09:20:31","modified_gmt":"2022-02-24T14:20:31","slug":"sortie-livre-la-poule-et-son-cumin-un-roman-qui-decrit-les-clivages-societaux-au-maroc","status":"publish","type":"post","link":"https:\/\/linitiative.ca\/International\/sortie-livre-la-poule-et-son-cumin-un-roman-qui-decrit-les-clivages-societaux-au-maroc\/","title":{"rendered":"Sortie livre: \u00abLa poule et son cumin\u00bb, un roman qui d\u00e9crit  les clivages soci\u00e9taux au Maroc"},"content":{"rendered":"<div>\n<p><img loading=\"lazy\" decoding=\"async\" width=\"300\" height=\"152\" src=\"https:\/\/linitiative.ca\/International\/wp-content\/uploads\/sites\/23\/2022\/02\/Zineb-Mekouar-La-Poule-et-son-Cumin-300x152-1.jpg\" class=\"attachment-medium size-medium wp-post-image\" alt=\"\" srcset=\"https:\/\/linitiative.ca\/International\/wp-content\/uploads\/sites\/23\/2022\/02\/Zineb-Mekouar-La-Poule-et-son-Cumin-300x152-1.jpg 300w, https:\/\/aujourdhui.ma\/wp-content\/uploads\/2022\/02\/Zineb-Mekouar-La-Poule-et-son-Cumin-274x140.jpg 274w, https:\/\/aujourdhui.ma\/wp-content\/uploads\/2022\/02\/Zineb-Mekouar-La-Poule-et-son-Cumin-746x380.jpg 746w, https:\/\/aujourdhui.ma\/wp-content\/uploads\/2022\/02\/Zineb-Mekouar-La-Poule-et-son-Cumin-165x84.jpg 165w, https:\/\/aujourdhui.ma\/wp-content\/uploads\/2022\/02\/Zineb-Mekouar-La-Poule-et-son-Cumin-702x358.jpg 702w, https:\/\/aujourdhui.ma\/wp-content\/uploads\/2022\/02\/Zineb-Mekouar-La-Poule-et-son-Cumin.jpg 748w\" sizes=\"auto, (max-width: 300px) 100vw, 300px\"><\/p>\n<p><span style=\"color: #800000;\"><strong>A 30 ans, Zineb Mekouar sortira le 9 mars \u00e0 Paris son premier roman intitul\u00e9 \u00abLa poule et son cumin\u00bb.<\/strong> <\/span><span id=\"more-400757\"><\/span><\/p>\n<p>Le livre sera disponible au Maroc. Install\u00e9e depuis 2009 \u00e0 Paris, l\u2019auteure dipl\u00f4m\u00e9e \u00e0 Sciences-Po Paris et \u00e0 HEC a d\u00e9but\u00e9 sa carri\u00e8re dans le conseil et la strat\u00e9gie. Elle a \u00e9t\u00e9 responsable des affaires publiques dans un incubateur de start-up. Son livre est l\u00e9ger mais rappelle les diff\u00e9rences culturelles ; la fracture sociale. Subtilement, la jeune romanci\u00e8re qui est fortement engag\u00e9e dans la question du genre raconte deux destins de deux jeunes femmes qui se sont c\u00f4toy\u00e9es de tr\u00e8s pr\u00e8s mais qui ont \u00e9t\u00e9 s\u00e9par\u00e9es naturellement par des trajectoires oppos\u00e9es au fil des ans\u2026 \u00abDeux destins, deux Maroc\u00bb, c\u2019est le sch\u00e9ma directeur du roman de Zineb Mekouar. Elle narre une amiti\u00e9 tr\u00e8s forte entre Kenza et Fatiha, la fille de la nourrice. Cet extrait traduit sa force : \u00abLes deux enfants finissaient toujours par s\u2019endormir main dans la main, l\u2019une s\u2019approchant trop pr\u00e8s du rebord du matelas, l\u2019autre le nez \u00e9cras\u00e9 sur le pied du lit. Elles restaient ainsi sur une bonne partie de la nuit \u2013 les doigts entrem\u00eal\u00e9s\u00bb.<\/p>\n<p>Mais la r\u00e9alit\u00e9 de la soci\u00e9t\u00e9 marocaine les rattrapera\u2026 Sous la plume de la romanci\u00e8re, la narration des retrouvailles des deux filles, en 2011 traduit, bel et bien, un choc de cultures. La romanci\u00e8re rappellera, subtilement, que l\u2019avortement est interdit au pays, contrairement \u00e0 ailleurs o\u00f9 l\u2019amour hors mariage n\u2019est pas un crime\u2026<\/p>\n<p>Bref, le croisement des deux destins \u00e0 l\u2019oppos\u00e9 met en exergue deux h\u00e9ro\u00efnes qui \u00e9voquent soit la soumission soit la transgression. \u00abDans cette grande fresque, leurs blessures et leurs drames \u00e9pousent les clivages politiques et sociaux du Maroc contemporain. Intime et universel.\u00bb Au fil des lignes, Zineb Mekouar d\u00e9crit l\u2019amiti\u00e9, les blessures, l\u2019enfance, l\u2019adolescence, l\u2019\u00e2ge adulte de Kenza, riche et bien n\u00e9e, et de Fatiha, fille de bonne\u2026 Le Maroc d\u2019aujourd\u2019hui en somme !<\/p>\n<\/div>\n<p>Auteur: Dounia Essabban<br \/>\n<a href=\"https:\/\/aujourdhui.ma\/culture\/livre\/sortie-livre-la-poule-et-son-cumin-un-roman-qui-decrit-les-clivages-societaux-au-maroc\">Cliquez ici pour lire l&rsquo;article depuis sa source.<\/a><\/p>\n","protected":false},"excerpt":{"rendered":"<p>A 30 ans, Zineb Mekouar sortira le 9 mars \u00e0 Paris son premier roman intitul\u00e9 \u00abLa poule et son cumin\u00bb. Le livre sera disponible au Maroc. Install\u00e9e depuis 2009 \u00e0 Paris, l\u2019auteure dipl\u00f4m\u00e9e \u00e0 Sciences-Po Paris et \u00e0 HEC a d\u00e9but\u00e9 sa carri\u00e8re dans le conseil et la strat\u00e9gie. Elle a \u00e9t\u00e9 responsable des affaires [&hellip;]<\/p>\n","protected":false},"author":1759,"featured_media":0,"comment_status":"closed","ping_status":"closed","sticky":false,"template":"","format":"standard","meta":{"fifu_image_url":"https:\/\/aujourdhui.ma\/wp-content\/uploads\/2022\/02\/Zineb-Mekouar-La-Poule-et-son-Cumin-300x152.jpg","fifu_image_alt":"Sortie livre: \u00abLa poule et son cumin\u00bb, un roman qui d\u00e9crit  les clivages soci\u00e9taux au Maroc","footnotes":""},"categories":[73,54],"tags":[],"class_list":["post-141607","post","type-post","status-publish","format-standard","hentry","category-actualite","category-maroc"],"_links":{"self":[{"href":"https:\/\/linitiative.ca\/International\/wp-json\/wp\/v2\/posts\/141607","targetHints":{"allow":["GET"]}}],"collection":[{"href":"https:\/\/linitiative.ca\/International\/wp-json\/wp\/v2\/posts"}],"about":[{"href":"https:\/\/linitiative.ca\/International\/wp-json\/wp\/v2\/types\/post"}],"author":[{"embeddable":true,"href":"https:\/\/linitiative.ca\/International\/wp-json\/wp\/v2\/users\/1759"}],"replies":[{"embeddable":true,"href":"https:\/\/linitiative.ca\/International\/wp-json\/wp\/v2\/comments?post=141607"}],"version-history":[{"count":0,"href":"https:\/\/linitiative.ca\/International\/wp-json\/wp\/v2\/posts\/141607\/revisions"}],"wp:attachment":[{"href":"https:\/\/linitiative.ca\/International\/wp-json\/wp\/v2\/media?parent=141607"}],"wp:term":[{"taxonomy":"category","embeddable":true,"href":"https:\/\/linitiative.ca\/International\/wp-json\/wp\/v2\/categories?post=141607"},{"taxonomy":"post_tag","embeddable":true,"href":"https:\/\/linitiative.ca\/International\/wp-json\/wp\/v2\/tags?post=141607"}],"curies":[{"name":"wp","href":"https:\/\/api.w.org\/{rel}","templated":true}]}}