{"id":141609,"date":"2022-02-24T09:24:38","date_gmt":"2022-02-24T14:24:38","guid":{"rendered":"https:\/\/linitiative.ca\/International\/myopia-2eme-film-cinematographique-de-sanaa-akroud-a-lassaut-des-salles-obscures\/"},"modified":"2022-02-24T09:24:38","modified_gmt":"2022-02-24T14:24:38","slug":"myopia-2eme-film-cinematographique-de-sanaa-akroud-a-lassaut-des-salles-obscures","status":"publish","type":"post","link":"https:\/\/linitiative.ca\/International\/myopia-2eme-film-cinematographique-de-sanaa-akroud-a-lassaut-des-salles-obscures\/","title":{"rendered":"\u00abMyopia\u00bb, 2\u00e8me film cin\u00e9matographique  de Sana\u00e2 Akroud, \u00e0 l\u2019assaut des salles obscures"},"content":{"rendered":"<div>\n<p><img loading=\"lazy\" decoding=\"async\" width=\"300\" height=\"153\" src=\"https:\/\/linitiative.ca\/International\/wp-content\/uploads\/sites\/23\/2022\/02\/Myopia-2eme-film-cinematographique-de-Sanaa-Akroud-a-lassaut-des-salles-obscures-300x153-1.jpg\" class=\"attachment-medium size-medium wp-post-image\" alt=\"\" srcset=\"https:\/\/linitiative.ca\/International\/wp-content\/uploads\/sites\/23\/2022\/02\/Myopia-2eme-film-cinematographique-de-Sanaa-Akroud-a-lassaut-des-salles-obscures-300x153-1.jpg 300w, https:\/\/aujourdhui.ma\/wp-content\/uploads\/2022\/02\/Myopia-2eme-film-cinematographique-de-Sanaa-Akroud-a-lassaut-des-salles-obscures-274x140.jpg 274w, https:\/\/aujourdhui.ma\/wp-content\/uploads\/2022\/02\/Myopia-2eme-film-cinematographique-de-Sanaa-Akroud-a-lassaut-des-salles-obscures.jpg 746w, https:\/\/aujourdhui.ma\/wp-content\/uploads\/2022\/02\/Myopia-2eme-film-cinematographique-de-Sanaa-Akroud-a-lassaut-des-salles-obscures-165x84.jpg 165w, https:\/\/aujourdhui.ma\/wp-content\/uploads\/2022\/02\/Myopia-2eme-film-cinematographique-de-Sanaa-Akroud-a-lassaut-des-salles-obscures-702x358.jpg 702w\" sizes=\"auto, (max-width: 300px) 100vw, 300px\"><\/p>\n<p><span style=\"color: #800000;\"><strong>L\u2019actrice et r\u00e9alisatrice marocaine Sana\u00e2 Akroud s\u2019appr\u00eate \u00e0 projeter son deuxi\u00e8me long m\u00e9trage, \u00abMyopia\u00bb, d\u00e9but mars 2022, dans les salles obscures.<\/strong><\/span><span id=\"more-400718\"><\/span><\/p>\n<p>L\u2019annonce est faite par elle-m\u00eame, via une publication partag\u00e9e sur son compte officiel Instagram, en d\u00e9clarant : \u00abMyopia sera projet\u00e9 dans les salles marocaines, \u00e0 partir du 2 mars 2022 prochain. A bient\u00f4t au Maroc\u00bb. Ecrit par elle-m\u00eame, le film, une coproduction Maroc-Canada, incite \u00e0 la r\u00e9flexion et au questionnement sur la r\u00e9alit\u00e9 dure et am\u00e8re de la femme rurale au Maroc. De plus, il aborde le droit \u00e0 l\u2019expression et les conditions les plus \u00e9l\u00e9mentaires de la dignit\u00e9 humaine.<br \/>\nEn effet, le film tourne autour de l\u2019histoire d\u2019une villageoise nomm\u00e9e \u00abFatim\u00bb. C\u2019est une femme forte, pers\u00e9v\u00e9rante et opprim\u00e9e vivant dans un village recul\u00e9 du Maroc. A son sixi\u00e8me mois de grossesse, elle est oblig\u00e9e de quitter son village perch\u00e9 dans la montagne, pour chercher des verres de vision pour l\u2019a\u00een\u00e9 de son village. Ce dernier est la seule personne \u00e0 pouvoir d\u00e9chiffrer les lettres envoy\u00e9es par leurs membres de famille partis travailler dans les villes.<\/p>\n<p>\u00abSouffrant d\u2019une horrible solitude, l\u2019h\u00e9ro\u00efne semble parler un langage de moralit\u00e9 incompr\u00e9hensible, cern\u00e9 uniquement par ceux qui vivent dans l\u2019ombre avec comme seul r\u00eave la reconnaissance de leur droit \u00e0 la vie, \u00e0 la libert\u00e9 et \u00e0 une vie d\u00e9cente\u00bb, indique le synopsis du film.<br \/>\nA propos du choix d\u2019un personnage f\u00e9minin, la r\u00e9alisatrice explique qu\u2019il est d\u00fb \u00e0 la simple raison d\u2019\u00eatre une femme en disant : \u00abMon imaginaire est un imaginaire de femme, qui croit que les femmes dans le monde arabe n\u2019ont pas la m\u00eame chance que les hommes d\u2019exprimer leurs droits et leur d\u00e9sir d\u2019ouverture et de lib\u00e9ration, et d\u2019avoir les plus grandes possibilit\u00e9s d\u2019ind\u00e9pendance et de libert\u00e9 de mouvement en tant qu\u2019entit\u00e9 autonome\u00bb.<\/p>\n<p>Pour San\u00e2a Akroud, le voyage de Fatim, l\u2019h\u00e9ro\u00efne du film, est \u00abun voyage humain, pas seulement un voyage spatial de son village oubli\u00e9 \u00e0 la ville, \u00e0 travers lequel la vision de Fatim sur la vie et les gens a chang\u00e9\u00bb. Par ailleurs, le long m\u00e9trage r\u00e9unit plusieurs noms \u00e0 l\u2019instar de Ghizlane Idrissi, Qods Jandoul Fatima Bojuo, Mohamed Ayyad, Hamid Al Needer et Nabil Atef. Il est \u00e0 noter que le film avait remport\u00e9 trois prix au Festival international de cin\u00e9ma \u00abVues d\u2019Afrique\u00bb au Canada. D\u2019ailleurs, il a obtenu le prix \u00abRegards d\u2019ici\u00bb, attribu\u00e9 par TV5 Qu\u00e9bec\/Canada, le Prix sp\u00e9cial du jury et le la Mention sp\u00e9ciale pour son interpr\u00e9tation.<\/p>\n<\/div>\n<p>Auteur: Siham Jadraoui<br \/>\n<a href=\"https:\/\/aujourdhui.ma\/culture\/myopia-2eme-film-cinematographique-de-sanaa-akroud-a-lassaut-des-salles-obscures\">Cliquez ici pour lire l&rsquo;article depuis sa source.<\/a><\/p>\n","protected":false},"excerpt":{"rendered":"<p>L\u2019actrice et r\u00e9alisatrice marocaine Sana\u00e2 Akroud s\u2019appr\u00eate \u00e0 projeter son deuxi\u00e8me long m\u00e9trage, \u00abMyopia\u00bb, d\u00e9but mars 2022, dans les salles obscures. L\u2019annonce est faite par elle-m\u00eame, via une publication partag\u00e9e sur son compte officiel Instagram, en d\u00e9clarant : \u00abMyopia sera projet\u00e9 dans les salles marocaines, \u00e0 partir du 2 mars 2022 prochain. A bient\u00f4t au [&hellip;]<\/p>\n","protected":false},"author":1759,"featured_media":0,"comment_status":"closed","ping_status":"closed","sticky":false,"template":"","format":"standard","meta":{"fifu_image_url":"https:\/\/aujourdhui.ma\/wp-content\/uploads\/2022\/02\/Myopia-2eme-film-cinematographique-de-Sanaa-Akroud-a-lassaut-des-salles-obscures-300x153.jpg","fifu_image_alt":"\u00abMyopia\u00bb, 2\u00e8me film cin\u00e9matographique  de Sana\u00e2 Akroud, \u00e0 l\u2019assaut des salles obscures","footnotes":""},"categories":[73,54],"tags":[],"class_list":["post-141609","post","type-post","status-publish","format-standard","hentry","category-actualite","category-maroc"],"_links":{"self":[{"href":"https:\/\/linitiative.ca\/International\/wp-json\/wp\/v2\/posts\/141609","targetHints":{"allow":["GET"]}}],"collection":[{"href":"https:\/\/linitiative.ca\/International\/wp-json\/wp\/v2\/posts"}],"about":[{"href":"https:\/\/linitiative.ca\/International\/wp-json\/wp\/v2\/types\/post"}],"author":[{"embeddable":true,"href":"https:\/\/linitiative.ca\/International\/wp-json\/wp\/v2\/users\/1759"}],"replies":[{"embeddable":true,"href":"https:\/\/linitiative.ca\/International\/wp-json\/wp\/v2\/comments?post=141609"}],"version-history":[{"count":0,"href":"https:\/\/linitiative.ca\/International\/wp-json\/wp\/v2\/posts\/141609\/revisions"}],"wp:attachment":[{"href":"https:\/\/linitiative.ca\/International\/wp-json\/wp\/v2\/media?parent=141609"}],"wp:term":[{"taxonomy":"category","embeddable":true,"href":"https:\/\/linitiative.ca\/International\/wp-json\/wp\/v2\/categories?post=141609"},{"taxonomy":"post_tag","embeddable":true,"href":"https:\/\/linitiative.ca\/International\/wp-json\/wp\/v2\/tags?post=141609"}],"curies":[{"name":"wp","href":"https:\/\/api.w.org\/{rel}","templated":true}]}}