{"id":141617,"date":"2022-02-24T11:00:16","date_gmt":"2022-02-24T16:00:16","guid":{"rendered":"https:\/\/linitiative.ca\/International\/art-contemporain-quatre-artistes-marocaines-devoilent-leurs-oeuvres-a-tanger\/"},"modified":"2022-02-24T11:00:16","modified_gmt":"2022-02-24T16:00:16","slug":"art-contemporain-quatre-artistes-marocaines-devoilent-leurs-oeuvres-a-tanger","status":"publish","type":"post","link":"https:\/\/linitiative.ca\/International\/art-contemporain-quatre-artistes-marocaines-devoilent-leurs-oeuvres-a-tanger\/","title":{"rendered":"Art contemporain : Quatre artistes marocaines d\u00e9voilent leurs \u0153uvres \u00e0 Tanger"},"content":{"rendered":"<div>\n<p><img loading=\"lazy\" decoding=\"async\" width=\"300\" height=\"153\" src=\"https:\/\/linitiative.ca\/International\/wp-content\/uploads\/sites\/23\/2022\/02\/Dans-le-cadre-de-la-celebration-de-la-journee-internationale-de-la-femme-300x153-1.jpg\" class=\"attachment-medium size-medium wp-post-image\" alt=\"\" srcset=\"https:\/\/linitiative.ca\/International\/wp-content\/uploads\/sites\/23\/2022\/02\/Dans-le-cadre-de-la-celebration-de-la-journee-internationale-de-la-femme-300x153-1.jpg 300w, https:\/\/aujourdhui.ma\/wp-content\/uploads\/2022\/02\/Dans-le-cadre-de-la-celebration-de-la-journee-internationale-de-la-femme-274x140.jpg 274w, https:\/\/aujourdhui.ma\/wp-content\/uploads\/2022\/02\/Dans-le-cadre-de-la-celebration-de-la-journee-internationale-de-la-femme-746x380.jpg 746w, https:\/\/aujourdhui.ma\/wp-content\/uploads\/2022\/02\/Dans-le-cadre-de-la-celebration-de-la-journee-internationale-de-la-femme-165x84.jpg 165w, https:\/\/aujourdhui.ma\/wp-content\/uploads\/2022\/02\/Dans-le-cadre-de-la-celebration-de-la-journee-internationale-de-la-femme-702x358.jpg 702w, https:\/\/aujourdhui.ma\/wp-content\/uploads\/2022\/02\/Dans-le-cadre-de-la-celebration-de-la-journee-internationale-de-la-femme.jpg 745w\" sizes=\"auto, (max-width: 300px) 100vw, 300px\"><\/p>\n<p><span style=\"color: #800000;\"><strong>Dans le cadre de la c\u00e9l\u00e9bration de la journ\u00e9e internationale de la femme<\/strong><\/span><span id=\"more-400760\"><\/span><\/p>\n<p>Initi\u00e9e par le d\u00e9partement de la culture, une exposition collective f\u00e9minine se d\u00e9roulera, du 25 f\u00e9vrier au 13 mars, \u00e0 Tanger, sous le th\u00e8me \u00abDes mondes f\u00e9minins de l\u2019art contemporain marocain\u00bb. Le choix a \u00e9t\u00e9 port\u00e9 sur la Galerie de l\u2019art contemporain Mohamed Drissi, situ\u00e9e dans le si\u00e8ge de la Direction r\u00e9gionale de la culture (de style anglais datant de 1898), pour accueillir cette exposition collective, qui est destin\u00e9e \u00e0 mettre en avant les \u0153uvres de quatre femmes artistes-peintres marocaines, en l\u2019occurrence Aziza Jamal, Touria Licer, Fatima El Hajjaji et Hayat Hassani Kadiri. S\u2019inscrivant dans le cadre de la c\u00e9l\u00e9bration de la journ\u00e9e internationale de la femme, \u00abcette manifestation d\u2019art plastique vient en application du programme annuel trac\u00e9 selon les possibilit\u00e9s tenant compte de la situation \u00e9pid\u00e9miologique que conna\u00eet notre pays\u00bb, affirme Kamal Ben Laymoun, directeur r\u00e9gional de la culture de Tanger-T\u00e9touan-Al Hoceima.<\/p>\n<p>La c\u00e9l\u00e9bration de la journ\u00e9e internationale de la femme, \u00e0 travers l\u2019organisation des \u00e9v\u00e9nements culturels et artistiques, est, dit l\u2019intervenant, une tradition annuelle pour la direction r\u00e9gionale de la culture dans la ville du d\u00e9troit. \u00abNous avons choisi cette ann\u00e9e de c\u00e9l\u00e9brer l\u2019art plastique, consid\u00e9r\u00e9 comme l\u2019un des moyens d\u2019expression des probl\u00e8mes de la femme\u00bb, dit M. Ben Laymoun, faisant remarquer que les quatre artistes participantes ont tenu \u00e0 pr\u00e9senter \u00e0 l\u2019occasion de la c\u00e9l\u00e9bration de la journ\u00e9e de la femme une s\u00e9lection de leurs \u0153uvres conform\u00e9ment au th\u00e8me principal de cette exposition collective f\u00e9minine haute en couleur.<br \/>\nCette exposition collective fait partie des \u00e9v\u00e9nements programm\u00e9s depuis la r\u00e9ouverture, en septembre dernier, de cette galerie, apr\u00e8s plus d\u2019un an de suspension de ses activit\u00e9s, et ce conform\u00e9ment aux mesures prises pour faire face \u00e0 la pand\u00e9mie. \u00abNous avons pu \u00e0 cette occasion r\u00e9unir quatre femmes plasticiennes, issues toutes de Rabat et connues sur la sc\u00e8ne artistique. Nous voulons \u00e0 travers cette exposition collective f\u00e9minine c\u00e9l\u00e9brer la journ\u00e9e de la femme et mettre en exergue son talent et ses capacit\u00e9s de s\u2019imposer et de se faire un nom dans les diff\u00e9rentes disciplines dont l\u2019art plastique\u00bb, fait part Bahija El Hachami Ali, directrice de la Galerie de l\u2019art contemporain Mohamed Drissi.<\/p>\n<p>Les Tang\u00e9rois et les visiteurs de la ville sont invit\u00e9s \u00e0 d\u00e9couvrir les \u0153uvres de ces quatre artistes femmes qui diff\u00e8rent, selon l\u2019intervenante, les unes des autres, \u00e0 travers leur style et leur fa\u00e7on de traiter tel ou tel sujet en rapport avec l\u2019objectif principal de cette exposition collective. A l\u2019instar des femmes cr\u00e9atrices marocaines, \u00ables quatre artistes participantes continuent de faire preuve de leur succ\u00e8s et leur d\u00e9termination dans leur recherche de nouveaut\u00e9s et de sujets pour leurs \u0153uvres\u00bb, dit M. El Hachami.<\/p>\n<\/div>\n<p>Auteur: Najat Fa\u00efssal<br \/>\n<a href=\"https:\/\/aujourdhui.ma\/culture\/art-contemporain-quatre-artistes-marocaines-devoilent-leurs-oeuvres-a-tanger\">Cliquez ici pour lire l&rsquo;article depuis sa source.<\/a><\/p>\n","protected":false},"excerpt":{"rendered":"<p>Dans le cadre de la c\u00e9l\u00e9bration de la journ\u00e9e internationale de la femme Initi\u00e9e par le d\u00e9partement de la culture, une exposition collective f\u00e9minine se d\u00e9roulera, du 25 f\u00e9vrier au 13 mars, \u00e0 Tanger, sous le th\u00e8me \u00abDes mondes f\u00e9minins de l\u2019art contemporain marocain\u00bb. Le choix a \u00e9t\u00e9 port\u00e9 sur la Galerie de l\u2019art contemporain [&hellip;]<\/p>\n","protected":false},"author":1759,"featured_media":0,"comment_status":"closed","ping_status":"closed","sticky":false,"template":"","format":"standard","meta":{"fifu_image_url":"https:\/\/aujourdhui.ma\/wp-content\/uploads\/2022\/02\/Dans-le-cadre-de-la-celebration-de-la-journee-internationale-de-la-femme-300x153.jpg","fifu_image_alt":"Art contemporain : Quatre artistes marocaines d\u00e9voilent leurs \u0153uvres \u00e0 Tanger","footnotes":""},"categories":[73,54],"tags":[],"class_list":["post-141617","post","type-post","status-publish","format-standard","hentry","category-actualite","category-maroc"],"_links":{"self":[{"href":"https:\/\/linitiative.ca\/International\/wp-json\/wp\/v2\/posts\/141617","targetHints":{"allow":["GET"]}}],"collection":[{"href":"https:\/\/linitiative.ca\/International\/wp-json\/wp\/v2\/posts"}],"about":[{"href":"https:\/\/linitiative.ca\/International\/wp-json\/wp\/v2\/types\/post"}],"author":[{"embeddable":true,"href":"https:\/\/linitiative.ca\/International\/wp-json\/wp\/v2\/users\/1759"}],"replies":[{"embeddable":true,"href":"https:\/\/linitiative.ca\/International\/wp-json\/wp\/v2\/comments?post=141617"}],"version-history":[{"count":0,"href":"https:\/\/linitiative.ca\/International\/wp-json\/wp\/v2\/posts\/141617\/revisions"}],"wp:attachment":[{"href":"https:\/\/linitiative.ca\/International\/wp-json\/wp\/v2\/media?parent=141617"}],"wp:term":[{"taxonomy":"category","embeddable":true,"href":"https:\/\/linitiative.ca\/International\/wp-json\/wp\/v2\/categories?post=141617"},{"taxonomy":"post_tag","embeddable":true,"href":"https:\/\/linitiative.ca\/International\/wp-json\/wp\/v2\/tags?post=141617"}],"curies":[{"name":"wp","href":"https:\/\/api.w.org\/{rel}","templated":true}]}}