{"id":141619,"date":"2022-02-23T13:00:00","date_gmt":"2022-02-23T18:00:00","guid":{"rendered":"https:\/\/linitiative.ca\/International\/le-pps-appelle-a-des-mesures-pour-freiner-la-deterioration-de-la-situation-sociale-et-economique\/"},"modified":"2022-02-23T13:00:00","modified_gmt":"2022-02-23T18:00:00","slug":"le-pps-appelle-a-des-mesures-pour-freiner-la-deterioration-de-la-situation-sociale-et-economique","status":"publish","type":"post","link":"https:\/\/linitiative.ca\/International\/le-pps-appelle-a-des-mesures-pour-freiner-la-deterioration-de-la-situation-sociale-et-economique\/","title":{"rendered":"Le PPS appelle \u00e0 des mesures pour freiner la d\u00e9t\u00e9rioration de la situation sociale et \u00e9conomique"},"content":{"rendered":"<div>\n<p class=\"has-text-align-center has-vivid-cyan-blue-color has-text-color\"><strong>Communiqu\u00e9 du bureau politique<\/strong><\/p>\n<p class=\"has-black-color has-text-color\"><strong>Le bureau politique du Parti du Progr\u00e8s et du Socialisme s\u2019est arr\u00eat\u00e9, lors de sa r\u00e9union du mardi 22 f\u00e9vrier 2022, sur la situation \u00e9conomique et sociale d\u00e9licate que notre pays traverse, en rapport avec la hausse des prix, en particulier ceux des carburants et des produits alimentaires et avec la s\u00e9cheresse, ses graves r\u00e9percussions et ses effets n\u00e9gatifs sur la vie quotidienne de l\u2019ensemble des citoyennes et des citoyens.<\/strong><\/p>\n<p class=\"has-black-color has-text-color\">Certes, cette situation est li\u00e9e \u00e0 des raisons objectives dues aux r\u00e9percussions de la pand\u00e9mie au niveau international et \u00e0 des conditions climatiques exceptionnelles, mais ceci ne dispense pas pour autant le gouvernement de sa responsabilit\u00e9 de trouver les solutions possibles et indispensables et de prendre des mesures efficientes pour att\u00e9nuer les souffrances des citoyennes et des citoyens et prot\u00e9ger leurs sources de revenu, leur pouvoir d\u2019achat et leur niveau de vie, dans le sillage de l\u2019initiative royale audacieuse en faveur du monde rural et du secteur agricole.<\/p>\n<p class=\"has-black-color has-text-color\">Appr\u00e9ciation de l\u2019initiative royale \u00e0 l\u2019\u00e9gard du monde rural<\/p>\n<p class=\"has-black-color has-text-color\">\u00a0\u00a0 Dans ce cadre, le bureau politique a exprim\u00e9 son appr\u00e9ciation \u00e0 l\u2019\u00e9gard du lancement par SM le Roi du programme exceptionnel gouvernemental d\u00e9di\u00e9 au soutien du secteur agricole et du monde rural touch\u00e9s par la s\u00e9cheresse pour montant financier de 10 milliards de Dirhams.<\/p>\n<p class=\"has-black-color has-text-color\">\u00a0 A ce propos, le Parti du Progr\u00e8s et du Socialisme souligne la n\u00e9cessit\u00e9 pour le gouvernement et les autorit\u00e9s d\u2019assurer la bonne mise en \u0153uvre de ce programme, \u00e0 travers l\u2019adoption d\u2019une approche transparente et \u00e9quitable dans la distribution du soutien, en ciblant principalement et en priorit\u00e9 les couches d\u00e9sh\u00e9rit\u00e9es, les petits agriculteurs et les espaces les plus affect\u00e9es tout en \u00e9vitant toute manipulation ou d\u00e9viation des objectifs de ce programme.<\/p>\n<p class=\"has-black-color has-text-color\">S\u00e9curit\u00e9 hydrique\u00a0: besoin de mesures structurelles et de d\u00e9cisions urgentes<\/p>\n<p class=\"has-black-color has-text-color\">\u00a0 Sur un autre plan, le bureau politique a examin\u00e9 la crise du stress hydrique dans notre pays et la d\u00e9t\u00e9rioration potentielle qu\u2019elle est susceptible de connaitre \u00e0 l\u2019avenir en rapport avec les effets des changements climatiques. Il a soulign\u00e9 de nouveau que la question de l\u2019eau rev\u00eat un aspect strat\u00e9gique et vital et ne doit souffrir aucun nouveau retard dans son traitement. C\u2019est une question qui requiert, outre les mesures urgentes n\u00e9cessaires, l\u2019investissement dans des d\u00e9cisions et des projets structurels pour la garantie de la s\u00e9curit\u00e9 hydrique nationale, de mani\u00e8re \u00e0 s\u00e9curiser notre pays contre toutes les conditions climatiques exceptionnelles.<\/p>\n<p class=\"has-black-color has-text-color\">Augmentation des prix\u00a0: n\u00e9cessit\u00e9 de l\u2019intervention du gouvernement<\/p>\n<p class=\"has-black-color has-text-color\">Le bureau politique a \u00e9galement pass\u00e9 en revue la question de la hausse continue du co\u00fbt de la vie, en raison de l\u2019augmentation des prix, dont en premier lieu ceux des carburants, qui impacte directement la plus grande partie des prix des produits de consommation et des services de base.<\/p>\n<p class=\"has-black-color has-text-color\">A ce propos, le Parti du Progr\u00e8s et du Socialisme souligne la n\u00e9cessit\u00e9 pressante pour le gouvernement de prendre des mesures suppl\u00e9mentaires efficientes qui englobent tous les domaines, les secteurs, les produits et les services qui connaissent des augmentations vertigineuses. Dans ce cadre, le Parti du Progr\u00e8s et du Socialisme souligne qu\u2019il est imp\u00e9ratif et urgent de viser \u00a0avec audace et courage le secteur des carburants pour stopper la flamb\u00e9e des prix et prendre les mesures n\u00e9cessaires pour limiter les marges b\u00e9n\u00e9ficiaires d\u00e9multipli\u00e9es et exorbitantes que les soci\u00e9t\u00e9s qui op\u00e8rent dans ce secteur accumulent, sans aucune consid\u00e9ration \u00e0 l\u2019\u00e9gard du pouvoir d\u2019achat des citoyennes et des citoyens et de la tension sociale qui peut en r\u00e9sulter.<\/p>\n<p class=\"has-black-color has-text-color\">Dans ce cadre, le Parti du Progr\u00e8s et du Socialisme attire l\u2019attention du gouvernement sur la n\u00e9cessit\u00e9 d\u2019intervenir de mani\u00e8re efficace pour parer \u00e0 toute d\u00e9t\u00e9rioration de la situation du fait de l\u2019augmentation des prix. Le gouvernement doit en effet utiliser tous les moyens possibles, dont l\u2019outil douanier et fiscal, \u00e0 travers aussi bien la mise en place d\u2019une contribution de solidarit\u00e9 conjoncturelle des couches ais\u00e9es qu\u2019\u00e0 travers des mesures fiscales qui ont un impact positif sur la baisse des prix.<\/p>\n<p class=\"has-black-color has-text-color\">N\u00e9cessit\u00e9 d\u2019adopter un plan de d\u00e9veloppement qui impulse \u00a0l\u2019\u00e9conomie nationale<\/p>\n<p class=\"has-black-color has-text-color\">Le Parti du Progr\u00e8s et du Socialisme souligne que la situation inqui\u00e9tante que notre pays traverse requiert aujourd\u2019hui l\u2019adoption par le gouvernement d\u2019une approche fond\u00e9e sur l\u2019innovation, la cr\u00e9ativit\u00e9 et l\u2019audace politique et qui repose sur un plan d\u2019urgence efficace et cibl\u00e9 pour la relance \u00e9conomique et sociale. Ce plan n\u00e9cessite la mobilisation des ressources financi\u00e8res n\u00e9cessaires pour le financement de l\u2019effort de d\u00e9veloppement et le traitement du d\u00e9ficit croissant n\u00e9 des hypoth\u00e8ses d\u00e9pass\u00e9es sur lesquelles la Loi de Finances actuelle s\u2019est bas\u00e9e, de l\u2019impact n\u00e9gatif continu de la pand\u00e9mie et de l\u2019effort financier exceptionnel qu\u2019il importe de d\u00e9ployer pour faire face aux effets de la s\u00e9cheresse.<\/p>\n<p class=\"has-black-color has-text-color\">Le succ\u00e8s de cette approche requiert plus que jamais de prendre en compte les diff\u00e9rentes expressions revendicatives et d\u2019adopter des mesures effectives pour r\u00e9tablir la confiance et la cr\u00e9dibilit\u00e9, \u00e0 travers la consolidation du processus d\u00e9mocratique, l\u2019\u00e9largissement de l\u2019espace des libert\u00e9s et le renforcement du r\u00f4le des institutions. Dans ce cadre, le Parti du Progr\u00e8s et du Socialisme demande d\u2019institutionnaliser le dialogue social afin qu\u2019il puisse produire des solutions permettant l\u2019am\u00e9lioration des conditions des travailleurs sans qu\u2019ils soient d\u00e9pendants des perturbations li\u00e9es aux contraintes \u00a0exceptionnelles.\u00a0<\/p>\n<p class=\"has-black-color has-text-color\">Le Parti du Progr\u00e8s et du Socialisme, qui fait preuve dans sa pratique politique de responsabilit\u00e9, d\u2019audace et de pond\u00e9ration, continuera d\u2019interagir de mani\u00e8re constructive avec ces questions, \u00e0 travers l\u2019action constante visant le rassemblement de tous les acteurs sociaux qui partagent avec lui les approches et les solutions efficientes pour garantir le processus du changement et l\u2019am\u00e9lioration des conditions politiques, \u00e9conomiques et sociales dans notre pays, dans la stabilit\u00e9.<\/p>\n<p class=\"has-black-color has-text-color\">La crise entre la Russie et l\u2019Ukraine<\/p>\n<p class=\"has-black-color has-text-color\">Au niveau de la situation internationale, le bureau politique a abord\u00e9 la grave crise entre la Russie et l\u2019Ukraine et ses cons\u00e9quences inqui\u00e9tantes, \u00e9mettant l\u2019espoir qu\u2019une solution pacifique rapide soit trouv\u00e9e \u00e0 ce probl\u00e8me entre les deux pays pour la pr\u00e9servation de la stabilit\u00e9 et de la s\u00e9curit\u00e9 aux niveaux r\u00e9gional et international.<\/p>\n<p class=\"has-black-color has-text-color\">La vie interne du parti<\/p>\n<p class=\"has-black-color has-text-color\">Au niveau de la vie interne du parti, le bureau politique a pris connaissance des pr\u00e9paratifs en cours pour l\u2019organisation du congr\u00e8s national du Forum de la Parit\u00e9 et de l\u2019Egalit\u00e9 et d\u00e9cid\u00e9 d\u2019organiser une conf\u00e9rence sur la th\u00e9matique de l\u2019eau mercredi 9 mars prochain au si\u00e8ge national du parti \u00e0 Rabat. Il a \u00e9galement ent\u00e9rin\u00e9 la programmation de diverses rencontres provinciales consacr\u00e9es au d\u00e9bat interne dans la perspective du onzi\u00e8me congr\u00e8s national du parti.<\/p>\n<p>L\u2019article <a rel=\"nofollow\" href=\"http:\/\/albayane.press.ma\/le-pps-appelle-a-des-mesures-pour-freiner-la-deterioration-de-la-situation-sociale-et-economique.html\">Le PPS appelle \u00e0 des mesures pour freiner la d\u00e9t\u00e9rioration de la situation sociale et \u00e9conomique<\/a> est apparu en premier sur <a rel=\"nofollow\" href=\"http:\/\/albayane.press.ma\/\">ALBAYANE<\/a>.<\/p>\n<\/div>\n<p>Auteur: M&rsquo;hammed rahal<br \/>\n<a href=\"http:\/\/albayane.press.ma\/le-pps-appelle-a-des-mesures-pour-freiner-la-deterioration-de-la-situation-sociale-et-economique.html\">Cliquez ici pour lire l&rsquo;article depuis sa source.<\/a><\/p>\n","protected":false},"excerpt":{"rendered":"<p>Communiqu\u00e9 du bureau politique Le bureau politique du Parti du Progr\u00e8s et du Socialisme s\u2019est arr\u00eat\u00e9, lors de sa r\u00e9union du mardi 22 f\u00e9vrier 2022, sur la situation \u00e9conomique et sociale d\u00e9licate que notre pays traverse, en rapport avec la hausse des prix, en particulier ceux des carburants et des produits alimentaires et avec la [&hellip;]<\/p>\n","protected":false},"author":1760,"featured_media":0,"comment_status":"closed","ping_status":"closed","sticky":false,"template":"","format":"standard","meta":{"fifu_image_url":"","fifu_image_alt":"","footnotes":""},"categories":[73,54],"tags":[],"class_list":["post-141619","post","type-post","status-publish","format-standard","hentry","category-actualite","category-maroc"],"_links":{"self":[{"href":"https:\/\/linitiative.ca\/International\/wp-json\/wp\/v2\/posts\/141619","targetHints":{"allow":["GET"]}}],"collection":[{"href":"https:\/\/linitiative.ca\/International\/wp-json\/wp\/v2\/posts"}],"about":[{"href":"https:\/\/linitiative.ca\/International\/wp-json\/wp\/v2\/types\/post"}],"author":[{"embeddable":true,"href":"https:\/\/linitiative.ca\/International\/wp-json\/wp\/v2\/users\/1760"}],"replies":[{"embeddable":true,"href":"https:\/\/linitiative.ca\/International\/wp-json\/wp\/v2\/comments?post=141619"}],"version-history":[{"count":0,"href":"https:\/\/linitiative.ca\/International\/wp-json\/wp\/v2\/posts\/141619\/revisions"}],"wp:attachment":[{"href":"https:\/\/linitiative.ca\/International\/wp-json\/wp\/v2\/media?parent=141619"}],"wp:term":[{"taxonomy":"category","embeddable":true,"href":"https:\/\/linitiative.ca\/International\/wp-json\/wp\/v2\/categories?post=141619"},{"taxonomy":"post_tag","embeddable":true,"href":"https:\/\/linitiative.ca\/International\/wp-json\/wp\/v2\/tags?post=141619"}],"curies":[{"name":"wp","href":"https:\/\/api.w.org\/{rel}","templated":true}]}}