{"id":14162,"date":"2019-02-14T03:59:10","date_gmt":"2019-02-14T08:59:10","guid":{"rendered":"https:\/\/linitiative.ca\/International\/tebessa-realisation-de-plus-de-190-km-de-cable-fibre-optique-en-2018\/"},"modified":"2019-02-14T03:59:10","modified_gmt":"2019-02-14T08:59:10","slug":"tebessa-realisation-de-plus-de-190-km-de-cable-fibre-optique-en-2018","status":"publish","type":"post","link":"https:\/\/linitiative.ca\/International\/tebessa-realisation-de-plus-de-190-km-de-cable-fibre-optique-en-2018\/","title":{"rendered":"T\u00e9bessa: r\u00e9alisation de plus de 190 km de c\u00e2ble fibre optique en 2018"},"content":{"rendered":"<div>\n<div class=\"K2FeedImage\"><img decoding=\"async\" src=\"http:\/\/www.aps.dz\/media\/k2\/items\/cache\/e128d03b9a185d9d0deedeba57ee8007_S.jpg\" alt=\"T\u00e9bessa: r\u00e9alisation de plus de 190 km de c\u00e2ble fibre optique en 2018\"><\/div>\n<div class=\"K2FeedIntroText\">\n<p style=\"background: white; margin: 4.0pt 0cm .0001pt 0cm;\"><span style=\"white-space: pre-wrap;\">TEBESSA- Pas moins de 193,5 km de c\u00e2ble de fibre <\/span>optique (FO) ont \u00e9t\u00e9 install\u00e9s dans la wilaya de T\u00e9bessa, dans le cadre de 7 op\u00e9ration parachev\u00e9es en 2018, a indiqu\u00e9, mercredi le directeur local d&rsquo;Alg\u00e9rie T\u00e9l\u00e9com, Lokmane Allab.<\/p>\n<\/div>\n<div class=\"K2FeedFullText\">\n<p style=\"background: white; margin: 4.0pt 0cm .0001pt 0cm;\"><span style=\"white-space: pre-wrap;\">Ces op\u00e9rations ont concern\u00e9e principalement l\u2019installation de la fibre <\/span>optique entre les communes de T\u00e9bessa et Al-Aouinet, sur une longueur de 65 km, ainsi que d&rsquo;autres op\u00e9rations \u00e0 travers plusieurs collectivit\u00e9s locales, a pr\u00e9cis\u00e9 le m\u00eame responsable au cours d&rsquo;une conf\u00e9rence de presse.<\/p>\n<p style=\"background: white; margin: 4.0pt 0cm .0001pt 0cm;\"><span style=\"white-space: pre-wrap;\">Il a dans ce contexte ajout\u00e9 qu\u2019avec la concr\u00e9tisation de ces op\u00e9rations, <\/span>la wilaya de T\u00e9bessa totalise \u00a01168,86 km de fibre optique install\u00e9es, soulignant que les 28 communes sont raccord\u00e9es \u00e0 cette nouvelle technologie.<\/p>\n<p style=\"background: white; margin: 4.0pt 0cm .0001pt 0cm;\"><span style=\"white-space: pre-wrap;\">La r\u00e9alisation de ces op\u00e9rations de raccordement et extension de la fibre <\/span>optique a permis \u00e9galement d&rsquo;augmenter le d\u00e9bit d&rsquo;internet de cette wilaya et atteindre jusqu&rsquo;a 1,2 t\u00e9rabit, a fait savoir la m\u00eame source, relevant qu\u2019un meilleure service d\u2019internet est d\u00e9sormais offert dans cette wilaya, notamment les zones frontali\u00e8res, o\u00f9 des coupures fr\u00e9quentes \u00e9taient\u00a0<span style=\"white-space: pre-wrap;\">soulign\u00e9es.<\/span><\/p>\n<p style=\"background: white; margin: 4.0pt 0cm .0001pt 0cm;\"><span style=\"white-space: pre-wrap;\">Sur un autre registre, M. Allab a r\u00e9v\u00e9l\u00e9 que 6706 nouveaux raccordements <\/span>des abonn\u00e9s au r\u00e9seau d&rsquo;internet, dans le cadre de la technique FTTX \u00a0ont \u00e9t\u00e9 r\u00e9alis\u00e9s en 2018 dans le wilaya de T\u00e9bessa au niveau de 6 communes, au chef lieu de wilaya et dans les communes d\u2019 El-Aouinet, Bir El-Ater, Ouenza, Cherea et El-Mridj.<\/p>\n<p style=\"background: white; margin: 4.0pt 0cm .0001pt 0cm;\"><span style=\"white-space: pre-wrap;\">De plus, 352 acc\u00e8s \u00e0 travers la technologie du n\u0153ud d&rsquo;acc\u00e8s multi-service <\/span>(MSAN) ont \u00e9t\u00e9 assur\u00e9s au cours de la m\u00eame p\u00e9riode, dont 128 acc\u00e8s \u00e0 Mesloula, 128 autres Ain Ghorab et 96 \u00e0 Stah Guentis, a relev\u00e9 la m\u00eame source.<\/p>\n<p style=\"background: white; margin: 4.0pt 0cm .0001pt 0cm;\">\u00a0<span style=\"white-space: pre-wrap;\">Concernant le r\u00e9seau d&rsquo;internet fixe 4G LTE, 6 nouvelles stations de base <\/span>ont \u00e9t\u00e9 r\u00e9alis\u00e9es en 2018, a ajout\u00e9 le responsable, soulignant que ces op\u00e9rations ont permis d&rsquo;atteindre 46 stations \u00a0du genre dans la wilaya.<\/p>\n<p style=\"background: white; margin: 4.0pt 0cm .0001pt 0cm;\"><span style=\"white-space: pre-wrap;\">A noter que l&rsquo;unit\u00e9 locale d&rsquo;Alg\u00e9rie T\u00e9l\u00e9com compte actuellement 47.790 <\/span>abonn\u00e9s au t\u00e9l\u00e9phone fixe, \u00a0pr\u00e9s de 33.633 abonn\u00e9s \u00e0 l\u2019internet ADSL, ainsi que 22.125 autres abonn\u00e9es en 4G LTE.<\/p>\n<p style=\"background: white; margin: 4.0pt 0cm .0001pt 0cm;\">\u00a0<\/p>\n<p>\u00a0<\/p>\n<\/div>\n<\/div>\n<p>Auteur:<br \/>\n<a href=\"http:\/\/www.aps.dz\/regions\/85528-tebessa-realisation-de-plus-de-190-km-de-cable-fibre-optique-en-2018\">Cliquez ici pour lire l&rsquo;article depuis sa source.<\/a><\/p>\n","protected":false},"excerpt":{"rendered":"<p>TEBESSA- Pas moins de 193,5 km de c\u00e2ble de fibre optique (FO) ont \u00e9t\u00e9 install\u00e9s dans la wilaya de T\u00e9bessa, dans le cadre de 7 op\u00e9ration parachev\u00e9es en 2018, a indiqu\u00e9, mercredi le directeur local d&rsquo;Alg\u00e9rie T\u00e9l\u00e9com, Lokmane Allab. Ces op\u00e9rations ont concern\u00e9e principalement l\u2019installation de la fibre optique entre les communes de T\u00e9bessa et [&hellip;]<\/p>\n","protected":false},"author":1790,"featured_media":14164,"comment_status":"closed","ping_status":"closed","sticky":false,"template":"","format":"standard","meta":{"fifu_image_url":"","fifu_image_alt":"","footnotes":""},"categories":[53,76],"tags":[],"class_list":["post-14162","post","type-post","status-publish","format-standard","has-post-thumbnail","hentry","category-algerie","category-regions"],"_links":{"self":[{"href":"https:\/\/linitiative.ca\/International\/wp-json\/wp\/v2\/posts\/14162","targetHints":{"allow":["GET"]}}],"collection":[{"href":"https:\/\/linitiative.ca\/International\/wp-json\/wp\/v2\/posts"}],"about":[{"href":"https:\/\/linitiative.ca\/International\/wp-json\/wp\/v2\/types\/post"}],"author":[{"embeddable":true,"href":"https:\/\/linitiative.ca\/International\/wp-json\/wp\/v2\/users\/1790"}],"replies":[{"embeddable":true,"href":"https:\/\/linitiative.ca\/International\/wp-json\/wp\/v2\/comments?post=14162"}],"version-history":[{"count":0,"href":"https:\/\/linitiative.ca\/International\/wp-json\/wp\/v2\/posts\/14162\/revisions"}],"wp:featuredmedia":[{"embeddable":true,"href":"https:\/\/linitiative.ca\/International\/wp-json\/"}],"wp:attachment":[{"href":"https:\/\/linitiative.ca\/International\/wp-json\/wp\/v2\/media?parent=14162"}],"wp:term":[{"taxonomy":"category","embeddable":true,"href":"https:\/\/linitiative.ca\/International\/wp-json\/wp\/v2\/categories?post=14162"},{"taxonomy":"post_tag","embeddable":true,"href":"https:\/\/linitiative.ca\/International\/wp-json\/wp\/v2\/tags?post=14162"}],"curies":[{"name":"wp","href":"https:\/\/api.w.org\/{rel}","templated":true}]}}