{"id":141620,"date":"2022-02-23T13:00:00","date_gmt":"2022-02-23T18:00:00","guid":{"rendered":"https:\/\/linitiative.ca\/International\/un-nouveau-tournant-dans-la-crise-ukrainienne\/"},"modified":"2022-02-23T13:00:00","modified_gmt":"2022-02-23T18:00:00","slug":"un-nouveau-tournant-dans-la-crise-ukrainienne","status":"publish","type":"post","link":"https:\/\/linitiative.ca\/International\/un-nouveau-tournant-dans-la-crise-ukrainienne\/","title":{"rendered":"Un nouveau tournant dans la crise ukrainienne"},"content":{"rendered":"<div>\n<p class=\"has-text-align-center has-vivid-cyan-blue-color has-text-color\"><strong>Attendons pour voir\u2026<\/strong><\/p>\n<p class=\"has-text-align-right has-black-color has-text-color\">Nabil EL BOUSAADI<\/p>\n<p class=\"has-black-color has-text-color\"><strong>La crise ukrainienne, qui retient l\u2019attention du monde entier, a pris un nouveau tournant avec la reconnaissance, par Moscou, de l\u2019ind\u00e9pendance des territoires s\u00e9paratistes du Donbass\u00a0 \u2013 \u00e0 savoir, les r\u00e9publiques autoproclam\u00e9es de Donetsk et de Louhansk sises \u00e0 l\u2019est de l\u2019Ukraine \u2013 et l\u2019invitation faite, par Poutine, \u00e0 la communaut\u00e9 internationale, d\u2019en faire de m\u00eame \u00e0 propos desdites entit\u00e9s.<\/strong><\/p>\n<p class=\"has-black-color has-text-color\">Ainsi, dans un communiqu\u00e9 \u00e9manant du minist\u00e8re russe des Affaires \u00e9trang\u00e8res, il est clairement affirm\u00e9 que \u00ab la reconnaissance des \u2018r\u00e9publiques populaires\u2019 de Donetsk et Louhansk [est] n\u00e9cessaire et la seule d\u00e9cision possible \u00bb dans les conditions actuelles.<\/p>\n<p class=\"has-black-color has-text-color\">Il n\u2019en fallait pas plus pour que les chancelleries occidentales se l\u00e8vent, comme un seul homme, afin de condamner fermement la d\u00e9cision prise par le pr\u00e9sident russe.<\/p>\n<p class=\"has-black-color has-text-color\">Du S\u00e9n\u00e9gal o\u00f9 il est en visite officielle, le pr\u00e9sident turc Recep Tayyip Erdogan qui, en se targuant, ces derniers temps d\u2019entretenir des relations privil\u00e9gi\u00e9es avec les deux parties, s\u2019\u00e9tait livr\u00e9 \u00e0 un p\u00e9rilleux exercice d\u2019\u00e9quilibriste consistant \u00e0 soutenir Kiev sans irriter Moscou, a, tout de m\u00eame, estim\u00e9 que cette reconnaissance \u00e9tait \u00ab inacceptable \u00bb et appel\u00e9, \u00e0 ce titre, \u00ab les parties concern\u00e9es \u00e0 faire preuve de bon sens et \u00e0 se conformer au droit international \u00bb.<\/p>\n<p class=\"has-black-color has-text-color\">Il y a lieu de rappeler, au passage, que l\u2019annexion de la Crim\u00e9e, par la Russie, en 2014, n\u2019a jamais \u00e9t\u00e9 reconnue par Ankara en d\u00e9pit de l\u2019insistance de Moscou et que la Turquie ne fait aucun myst\u00e8re sur son soutien \u00e0 la volont\u00e9 d\u2019adh\u00e9sion de l\u2019Ukraine et de la G\u00e9orgie \u00e0 l\u2019OTAN ; ce qui, bien entendu, n\u2019est pas sans irriter le Kremlin.<\/p>\n<p class=\"has-black-color has-text-color\">Face \u00e0 cette nouvelle amputation de son territoire, l\u2019Ukraine a demand\u00e9, ce mardi, \u00e0 ses alli\u00e9s occidentaux, d\u2019appliquer des \u00ab sanctions s\u00e9v\u00e8res \u00bb \u00e0 l\u2019encontre de Moscou.<\/p>\n<p class=\"has-black-color has-text-color\">C\u2019est \u00e0 ce titre que le Pr\u00e9sident am\u00e9ricain, Joe Biden, a publi\u00e9 un d\u00e9cret interdisant tout nouvel investissement, \u00e9change ou financement par des citoyens am\u00e9ricains \u00e0 destination, en provenance ou dans les r\u00e9gions s\u00e9paratistes et que la Maison Blanche a promis de \u00ab nouvelles sanctions \u00bb contre Moscou.<\/p>\n<p class=\"has-black-color has-text-color\">Appelant \u00e0 agir avec toute la c\u00e9l\u00e9rit\u00e9 requise, le chef de la diplomatie europ\u00e9enne a annonc\u00e9 que l\u2019UE va appliquer des repr\u00e9sailles \u00e0 l\u2019encontre de la Russie et, du c\u00f4t\u00e9 du Royaume-Uni, \u00e0 l\u2019issue d\u2019une r\u00e9union de crise tenue au 10, Downing Street, Boris Johnson a annonc\u00e9 que des sanctions visant la Russie seraient pr\u00e9sent\u00e9es au Parlement \u00e0 l\u2019effet de \u00ab frapper la Russie tr\u00e8s fort \u00bb tout en soulignant \u00ab qu\u2019il ne s\u2019agit que d\u2019une premi\u00e8re s\u00e9rie de sanctions \u00e9conomiques britanniques contre la Russie (car) davantage d\u2019attitudes irrationnelles de la part de la Russie \u00bb ne sont pas \u00e0 exclure d\u00e8s lors que Vladimir Poutine reste \u00ab d\u00e9termin\u00e9 \u00e0 mener une invasion \u00e0 grande \u00e9chelle de l\u2019Ukraine \u00bb. Aussi, est-il important, voire m\u00eame \u00ab vital \u00bb aux yeux du Premier ministre britannique, que \u00ab la conqu\u00eate d\u2019un autre pays europ\u00e9en ne r\u00e9ussisse pas et que Poutine \u00e9choue \u00bb.<\/p>\n<p class=\"has-black-color has-text-color\">Sans d\u00e9noncer explicitement la d\u00e9cision prise par la Russie, la Chine a appel\u00e9 l\u2019ensemble des acteurs de la crise ukrainienne \u00e0 \u00ab faire preuve de retenue et \u00e0 \u00e9viter toute action susceptible d\u2019alimenter les tensions \u00bb alors que, selon l\u2019agence officielle syrienne SANA, le ministre syrien des Affaires \u00e9trang\u00e8res,\u00a0 Fay\u00e7al Al-Meqdad, aurait officiellement d\u00e9clar\u00e9 que son pays \u00ab soutient \u00bb la d\u00e9cision russe et qu\u2019il \u00ab coop\u00e9rera \u00bb avec les \u00ab r\u00e9publiques populaires \u00bb de Donetsk et Louhansk.<\/p>\n<p class=\"has-black-color has-text-color\">La d\u00e9cision prise par Vladimir Poutine \u00e9tant donc loin de recueillir l\u2019adh\u00e9sion de la majorit\u00e9 des chancelleries, seule la tenue d\u2019un sommet entre les pr\u00e9sidents russe et am\u00e9ricain pourrait calmer l\u2019ardeur des uns et des autres et \u00e9pargner \u00e0 la r\u00e9gion une d\u00e9flagration tellement violente qu\u2019elle pourrait tout emporter sur son passage.<\/p>\n<p class=\"has-black-color has-text-color\">Alors, attendons pour voir\u2026<\/p>\n<p>L\u2019article <a rel=\"nofollow\" href=\"http:\/\/albayane.press.ma\/un-nouveau-tournant-dans-la-crise-ukrainienne.html\">Un nouveau tournant dans la crise ukrainienne<\/a> est apparu en premier sur <a rel=\"nofollow\" href=\"http:\/\/albayane.press.ma\/\">ALBAYANE<\/a>.<\/p>\n<\/div>\n<p>Auteur: M&rsquo;hammed rahal<br \/>\n<a href=\"http:\/\/albayane.press.ma\/un-nouveau-tournant-dans-la-crise-ukrainienne.html\">Cliquez ici pour lire l&rsquo;article depuis sa source.<\/a><\/p>\n","protected":false},"excerpt":{"rendered":"<p>Attendons pour voir\u2026 Nabil EL BOUSAADI La crise ukrainienne, qui retient l\u2019attention du monde entier, a pris un nouveau tournant avec la reconnaissance, par Moscou, de l\u2019ind\u00e9pendance des territoires s\u00e9paratistes du Donbass\u00a0 \u2013 \u00e0 savoir, les r\u00e9publiques autoproclam\u00e9es de Donetsk et de Louhansk sises \u00e0 l\u2019est de l\u2019Ukraine \u2013 et l\u2019invitation faite, par Poutine, \u00e0 [&hellip;]<\/p>\n","protected":false},"author":1760,"featured_media":0,"comment_status":"closed","ping_status":"closed","sticky":false,"template":"","format":"standard","meta":{"fifu_image_url":"","fifu_image_alt":"","footnotes":""},"categories":[73,54],"tags":[],"class_list":["post-141620","post","type-post","status-publish","format-standard","hentry","category-actualite","category-maroc"],"_links":{"self":[{"href":"https:\/\/linitiative.ca\/International\/wp-json\/wp\/v2\/posts\/141620","targetHints":{"allow":["GET"]}}],"collection":[{"href":"https:\/\/linitiative.ca\/International\/wp-json\/wp\/v2\/posts"}],"about":[{"href":"https:\/\/linitiative.ca\/International\/wp-json\/wp\/v2\/types\/post"}],"author":[{"embeddable":true,"href":"https:\/\/linitiative.ca\/International\/wp-json\/wp\/v2\/users\/1760"}],"replies":[{"embeddable":true,"href":"https:\/\/linitiative.ca\/International\/wp-json\/wp\/v2\/comments?post=141620"}],"version-history":[{"count":0,"href":"https:\/\/linitiative.ca\/International\/wp-json\/wp\/v2\/posts\/141620\/revisions"}],"wp:attachment":[{"href":"https:\/\/linitiative.ca\/International\/wp-json\/wp\/v2\/media?parent=141620"}],"wp:term":[{"taxonomy":"category","embeddable":true,"href":"https:\/\/linitiative.ca\/International\/wp-json\/wp\/v2\/categories?post=141620"},{"taxonomy":"post_tag","embeddable":true,"href":"https:\/\/linitiative.ca\/International\/wp-json\/wp\/v2\/tags?post=141620"}],"curies":[{"name":"wp","href":"https:\/\/api.w.org\/{rel}","templated":true}]}}