{"id":141622,"date":"2022-02-23T13:00:00","date_gmt":"2022-02-23T18:00:00","guid":{"rendered":"https:\/\/linitiative.ca\/International\/poutine-insiste-sur-ses-interets-non-negociables\/"},"modified":"2022-02-23T13:00:00","modified_gmt":"2022-02-23T18:00:00","slug":"poutine-insiste-sur-ses-interets-non-negociables","status":"publish","type":"post","link":"https:\/\/linitiative.ca\/International\/poutine-insiste-sur-ses-interets-non-negociables\/","title":{"rendered":"Poutine insiste sur ses int\u00e9r\u00eats \u00abnon-n\u00e9gociables\u00bb"},"content":{"rendered":"<div>\n<p class=\"has-text-align-center has-vivid-cyan-blue-color has-text-color\"><strong>Crise en Ukraine<\/strong><\/p>\n<p class=\"has-black-color has-text-color\"><strong>Le pr\u00e9sident russe a promis mercredi d\u2019\u00eatre intransigeant sur ses exigences dans la crise qui l\u2019oppose aux Occidentaux sur l\u2019Ukraine, rendant toujours plus mena\u00e7ant le spectre d\u2019une invasion malgr\u00e9 les sanctions occidentales qui s\u2019accumulent.<\/strong><\/p>\n<p class=\"has-black-color has-text-color\">La crainte d\u2019une escalade militaire aux portes de l\u2019Union europ\u00e9enne est \u00e0 son paroxysme depuis que Vladimir Poutine a reconnu lundi l\u2019ind\u00e9pendance de deux territoires s\u00e9paratistes prorusses dans l\u2019Est de l\u2019Ukraine, les \u00ab\u00a0r\u00e9publiques\u00a0\u00bb autoproclam\u00e9es de Donetsk et Lougansk.<br \/>Pour le pr\u00e9sident am\u00e9ricain Joe Biden, le feu vert mardi du Parlement russe \u00e0 une op\u00e9ration militaire en Ukraine est \u00ab\u00a0le d\u00e9but d\u2019une invasion\u00a0\u00bb du pays.<br \/>\u00ab\u00a0Les int\u00e9r\u00eats et la s\u00e9curit\u00e9 de nos citoyens sont pour nous non n\u00e9gociables\u00a0\u00bb, a assur\u00e9 M. Poutine mercredi, dans un bref discours t\u00e9l\u00e9vis\u00e9 aux militaires \u00e0 l\u2019occasion de la Journ\u00e9e du d\u00e9fenseur de la Patrie, promettant de continuer \u00e0 renforcer l\u2019arm\u00e9e russe.<\/p>\n<p class=\"has-black-color has-text-color\">Affirmant \u00eatre \u00ab\u00a0ouvert \u00e0 un dialogue directe et honn\u00eate\u00a0\u00bb avec les Occidentaux pour \u00ab\u00a0trouver des solutions diplomatiques aux probl\u00e8mes les plus complexes\u00a0\u00bb, le pr\u00e9sident russe a jug\u00e9 qu\u2019ils se montraient inflexibles en laissant ses demandes \u00ab\u00a0sans r\u00e9ponse\u00a0\u00bb.<br \/>La Russie, accus\u00e9e d\u2019avoir mass\u00e9 150.000 soldats aux fronti\u00e8res ukrainiennes en vue d\u2019une invasion de son voisin pro-occidental, r\u00e9clame la promesse que l\u2019Ukraine n\u2019int\u00e8grera jamais l\u2019Otan et, depuis mardi soir, une \u00ab\u00a0d\u00e9militarisation\u00a0\u00bb du pays ainsi que des concessions territoriales aux s\u00e9paratistes prorusses.<\/p>\n<p class=\"has-black-color has-text-color\">Se r\u00e9servant le droit d\u2019envoyer des troupes dans l\u2019Est de l\u2019Ukraine, apr\u00e8s l\u2019accord formel des parlementaires, M. Poutine a revendiqu\u00e9 l\u2019ensemble des r\u00e9gions de Lougansk et de Donetsk, alors que les rebelles n\u2019en contr\u00f4lent actuellement qu\u2019un tiers. Il a \u00e9voqu\u00e9 d\u2019hypoth\u00e9tiques \u00ab\u00a0n\u00e9gociations\u00a0\u00bb entre Kiev et forces prorusses.<br \/>Si M. Poutine a laiss\u00e9 planer le doute sur le calendrier de l\u2019envoi de troupes dans l\u2019Est, l\u2019intervention russe y serait justifi\u00e9e l\u00e9galement par la ratification mardi d\u2019accords d\u2019entraide avec les s\u00e9cessionnistes, notamment au plan militaire.<br \/>Malgr\u00e9 les intentions affich\u00e9es de Moscou, Joe Biden a estim\u00e9 qu\u2019il \u00ab\u00a0est encore temps d\u2019\u00e9viter le pire\u00a0\u00bb en Ukraine, tout en d\u00e9non\u00e7ant \u00ab\u00a0le d\u00e9but d\u2019une invasion\u00a0\u00bb.<\/p>\n<p class=\"has-black-color has-text-color\">Le secr\u00e9taire g\u00e9n\u00e9ral de l\u2019Otan, Jens Stoltenberg, a dit s\u2019attendre \u00e0 une \u00ab\u00a0attaque massive\u00a0\u00bb russe en Ukraine.<br \/>Les Occidentaux ont pris de premi\u00e8res sanctions en r\u00e9action \u00e0 la reconnaissance des s\u00e9paratistes que Kiev combat depuis huit ans, un conflit qui a fait plus de 14.000 morts.<br \/>Berlin a gel\u00e9 le gigantesque projet de gazoduc Nord Stream II, qui devait acheminer encore davantage de gaz russe en Allemagne.<br \/>M. Biden a annonc\u00e9 une \u00ab\u00a0premi\u00e8re tranche\u00a0\u00bb de sanctions visant \u00e0 emp\u00eacher Moscou de lever des fonds occidentaux pour rembourser sa dette souveraine.<br \/>Des sanctions ont \u00e9galement \u00e9t\u00e9 annonc\u00e9es par l\u2019Union europ\u00e9enne, le Japon, l\u2019Australie, le Canada et la Grande-Bretagne.<\/p>\n<p class=\"has-black-color has-text-color\">Ces mesures restent pour l\u2019instant modestes par rapport \u00e0 celles promises en cas d\u2019invasion d\u2019ampleur.<br \/>Le chef de la diplomatie am\u00e9ricaine Antony Blinken a annonc\u00e9 qu\u2019il ne rencontrerait pas comme pr\u00e9vu son homologue russe Sergue\u00ef Lavrov, tout comme son homologue fran\u00e7ais, Jean-Yves Le Drian qui a annul\u00e9 son entretien pr\u00e9vu \u00e0 Paris.<br \/>Le pr\u00e9sident ukrainien Volodymyr Zelensky, dont le pays a r\u00e9clam\u00e9 mardi des \u00ab\u00a0armes\u00a0\u00bb et des garanties sur son adh\u00e9sion \u00e0 l\u2019UE, a fait savoir qu\u2019il envisageait une rupture des relations diplomatiques avec Moscou.<br \/>Le pr\u00e9sident russe, qui dicte depuis le d\u00e9but le tempo, entretient le myst\u00e8re sur ses intentions et a plusieurs options devant lui: envahir toute l\u2019Ukraine, \u00e9largir la zone sous le contr\u00f4le des s\u00e9paratistes ou arracher un nouveau statu quo n\u00e9goci\u00e9.<\/p>\n<p class=\"has-black-color has-text-color\">Car une occupation pourrait co\u00fbter cher dans un pays hostile et la Russie veut obtenir de l\u2019Otan son recul en Europe de l\u2019Est ainsi que la fin de sa politique d\u2019\u00e9largissement. Des exigences rejet\u00e9es jusque-l\u00e0.<br \/>Le ministre ukrainien de la D\u00e9fense Oleksi\u00ef Reznikov a pr\u00e9venu mardi que des \u00ab\u00a0\u00e9preuves difficiles\u00a0\u00bb et des pertes attendaient l\u2019Ukraine.<br \/>M. Zelensky avait de son c\u00f4t\u00e9 assur\u00e9 que les Ukrainiens n\u2019avaient \u00ab\u00a0peur de rien ni de personne\u00a0\u00bb et ne c\u00e9deraient pas \u00ab\u00a0une seule parcelle du pays\u00a0\u00bb.<br \/>Sur le front dans l\u2019Est de l\u2019Ukraine, les s\u00e9paratistes de Lougansk ont annonc\u00e9 mercredi la mort d\u2019un combattant, abattu selon eux par un sniper ukrainien. Un civil a aussi \u00e9t\u00e9 tu\u00e9 dans des bombardements pendant la nuit, selon les rebelles.<\/p>\n<p>L\u2019article <a rel=\"nofollow\" href=\"http:\/\/albayane.press.ma\/poutine-insiste-sur-ses-interets-non-negociables.html\">Poutine insiste sur ses int\u00e9r\u00eats \u00abnon-n\u00e9gociables\u00bb<\/a> est apparu en premier sur <a rel=\"nofollow\" href=\"http:\/\/albayane.press.ma\/\">ALBAYANE<\/a>.<\/p>\n<\/div>\n<p>Auteur: M&rsquo;hammed rahal<br \/>\n<a href=\"http:\/\/albayane.press.ma\/poutine-insiste-sur-ses-interets-non-negociables.html\">Cliquez ici pour lire l&rsquo;article depuis sa source.<\/a><\/p>\n","protected":false},"excerpt":{"rendered":"<p>Crise en Ukraine Le pr\u00e9sident russe a promis mercredi d\u2019\u00eatre intransigeant sur ses exigences dans la crise qui l\u2019oppose aux Occidentaux sur l\u2019Ukraine, rendant toujours plus mena\u00e7ant le spectre d\u2019une invasion malgr\u00e9 les sanctions occidentales qui s\u2019accumulent. La crainte d\u2019une escalade militaire aux portes de l\u2019Union europ\u00e9enne est \u00e0 son paroxysme depuis que Vladimir Poutine [&hellip;]<\/p>\n","protected":false},"author":1760,"featured_media":0,"comment_status":"closed","ping_status":"closed","sticky":false,"template":"","format":"standard","meta":{"fifu_image_url":"","fifu_image_alt":"","footnotes":""},"categories":[73,54],"tags":[],"class_list":["post-141622","post","type-post","status-publish","format-standard","hentry","category-actualite","category-maroc"],"_links":{"self":[{"href":"https:\/\/linitiative.ca\/International\/wp-json\/wp\/v2\/posts\/141622","targetHints":{"allow":["GET"]}}],"collection":[{"href":"https:\/\/linitiative.ca\/International\/wp-json\/wp\/v2\/posts"}],"about":[{"href":"https:\/\/linitiative.ca\/International\/wp-json\/wp\/v2\/types\/post"}],"author":[{"embeddable":true,"href":"https:\/\/linitiative.ca\/International\/wp-json\/wp\/v2\/users\/1760"}],"replies":[{"embeddable":true,"href":"https:\/\/linitiative.ca\/International\/wp-json\/wp\/v2\/comments?post=141622"}],"version-history":[{"count":0,"href":"https:\/\/linitiative.ca\/International\/wp-json\/wp\/v2\/posts\/141622\/revisions"}],"wp:attachment":[{"href":"https:\/\/linitiative.ca\/International\/wp-json\/wp\/v2\/media?parent=141622"}],"wp:term":[{"taxonomy":"category","embeddable":true,"href":"https:\/\/linitiative.ca\/International\/wp-json\/wp\/v2\/categories?post=141622"},{"taxonomy":"post_tag","embeddable":true,"href":"https:\/\/linitiative.ca\/International\/wp-json\/wp\/v2\/tags?post=141622"}],"curies":[{"name":"wp","href":"https:\/\/api.w.org\/{rel}","templated":true}]}}