{"id":141623,"date":"2022-02-23T13:00:00","date_gmt":"2022-02-23T18:00:00","guid":{"rendered":"https:\/\/linitiative.ca\/International\/le-social-dans-tous-ses-etats\/"},"modified":"2022-02-23T13:00:00","modified_gmt":"2022-02-23T18:00:00","slug":"le-social-dans-tous-ses-etats","status":"publish","type":"post","link":"https:\/\/linitiative.ca\/International\/le-social-dans-tous-ses-etats\/","title":{"rendered":"Le social dans tous ses \u00e9tats"},"content":{"rendered":"<div>\n<p class=\"has-black-color has-text-color\"><strong>Alors que les membres du gouvernement sont occup\u00e9s par leurs affaires, les cons\u00e9quences socio\u00e9conomiques de la s\u00e9cheresse et la flamb\u00e9e des prix font remuer le champ politique national.<\/strong><\/p>\n<p class=\"has-black-color has-text-color\">La comm\u00e9moration du 20 f\u00e9vrier s\u2019est renforc\u00e9e par la conjoncture. Les femmes, gestionnaires des m\u00e9nages\u00a0; les jeunes, dans la tourmente du pr\u00e9sent et soucieux de leur avenir\u00a0; des hommes, en perdition de leur foyer ou pire de leur \u00e9quilibre mental, s\u2019expriment \u00e0 travers les r\u00e9seaux sociaux.<\/p>\n<p class=\"has-black-color has-text-color\">Ils d\u00e9noncent la pr\u00e9carit\u00e9 dans laquelle ils s\u2019enfoncent, l\u2019inanit\u00e9 de l\u2019action gouvernementale et le gouffre visible des in\u00e9galit\u00e9s sociales qui s\u2019approfondit. Les m\u00e9dias officiels ne refl\u00e8tent aucunement ce qui se passe dans la rue et se contentent des informations officielles et de leur \u00e9talage, r\u00e9p\u00e9tant ce que tout le monde sait d\u00e9j\u00e0, sans remporter la conviction.<\/p>\n<p class=\"has-black-color has-text-color\">La confiance se perd encore plus, car le discours se transforme en monologue \u00e9puisant, au lieu du d\u00e9bat et des propositions concr\u00e8tes pour comprendre et r\u00e9pondre convenablement \u00e0 la situation v\u00e9cue.<\/p>\n<p class=\"has-black-color has-text-color\">Le mouvement social au royaume reste comme \u00ab\u00a0une marmite de terre qui se met \u00e0 bouillir\u00a0\u00bb. Il se fait tort \u00e0 lui-m\u00eame suite \u00e0 des comportements qui ne rel\u00e8vent pas de la personnalit\u00e9 marocaine et dont les effets sont n\u00e9gatifs sur le cours m\u00e9andriforme du processus d\u00e9mocratique.<\/p>\n<p class=\"has-black-color has-text-color\">Un voleur restera toujours un voleur, devant la population et devant la loi\u00a0; et son discours sur la hausse des prix, la vie des riches et les difficult\u00e9s des masses populaires \u00e0 joindre les deux bouts n\u2019aura aucun \u00e9cho, ni au souk vandalis\u00e9 ni, et encore moins, dans les organisations institutionnelles de la soci\u00e9t\u00e9.\u00a0<\/p>\n<p class=\"has-black-color has-text-color\">Ce qui s\u2019est pass\u00e9 aux environs de K\u00e9nitra montre aussi la situation d\u00e9labr\u00e9e dans laquelle se trouvent ces \u00ab\u00a0grandes surfaces\u00a0\u00bb rurales que constituent les souks hebdomadaires. La coloration verte n\u2019a pas touch\u00e9 ces structures du monde rural, fr\u00e9quent\u00e9es beaucoup plus par les paysans que par les nouvellement enrichis du Maroc Vert. On est encore loin d\u2019une \u00ab\u00a0classe moyenne rurale\u00a0\u00bb\u00a0!<\/p>\n<p class=\"has-black-color has-text-color\">Le mouvement social national est fort par le nombre et la nature de ses expressions. Manifestation revendicative importante, il reste toutefois affaibli car \u00ab\u00a0\u00e9clat\u00e9, fragment\u00e9, dispers\u00e9, discontinu, localis\u00e9, rarement de port\u00e9e nationale et \u00e9tal\u00e9 sur le temps\u00a0\u00bb.<\/p>\n<p class=\"has-black-color has-text-color\">Sa disjonction avec les partis politiques et les syndicats, dont la responsabilit\u00e9 est partag\u00e9e, rend son encadrement incertain. Sa m\u00e9diatisation \u00e0 travers le num\u00e9rique lui donne une ampleur r\u00e9elle, alors que son influence sur les politiques publiques est discutable.<\/p>\n<p class=\"has-black-color has-text-color\">Il constitue encore \u00ab\u00a0l\u2019informel\u00a0\u00bb du champ politique national et ses impacts sont similaires \u00e0 ceux de \u00ab\u00a0l\u2019\u00e9conomie informelle\u00a0\u00bb dans le champ des activit\u00e9s socio\u00e9conomiques. Il contribue, en l\u2019\u00e9tat, beaucoup plus \u00e0 l\u2019aspect m\u00e9andriforme du processus d\u00e9mocratique qu\u2019\u00e0 sa consolidation.<\/p>\n<p class=\"has-black-color has-text-color\">Dans le cadre de l\u2019action gouvernementale n\u00e9olib\u00e9rale, les perspectives du d\u00e9veloppement du mouvement social sont en relation autant avec les \u00e9l\u00e9ments conduisant \u00e0 la mobilisation qu\u2019avec \u00ab\u00a0le degr\u00e9 de fermeture\u00a0\u00bb de nos gouvernants et leurs incapacit\u00e9s \u00e0 r\u00e9pondre positivement aux revendications l\u00e9gitimes et aux aspirations de notre peuple \u00e0 la vie digne et \u00e0 la justice sociale.<\/p>\n<p class=\"has-black-color has-text-color\">Quoiqu\u2019il en soit, son r\u00f4le reste essentiel dans l\u2019\u00e9vacuation des conflits et l\u2019apaisement de la soci\u00e9t\u00e9 dans sa recherche de l\u2019application des droits de la personne humaine reconnus par la constitution, de son \u00e9mancipation et de sa modernit\u00e9.<\/p>\n<p class=\"has-black-color has-text-color\">Dans l\u2019attente de la politique sociale promise, la conjoncture impose la tenue du \u00ab\u00a0dialogue social\u00a0\u00bb. Le Chef de gouvernement se retrouve avec les patrons de la CGEM et les syndicats repr\u00e9sentatifs pour discuter, dans une premi\u00e8re r\u00e9union, de \u00ab\u00a0la paix sociale, d\u2019une mani\u00e8re qui garantisse la justice sociale et la dignit\u00e9 humaine\u00a0\u00bb.<\/p>\n<p class=\"has-black-color has-text-color\">Au fait, ce premier round (comme dans un pugilat) dans ce dialogue social \u00ab\u00a0beldi\u00a0\u00bb sera consacr\u00e9 \u00e0 \u00ab\u00a0s\u2019\u00e9chauffer et se t\u00e2ter\u00a0\u00bb sur l\u2019ordre du jour (sans aucune d\u00e9cision sur l\u2019augmentation des salaires ou leur indexation sur les prix\u00a0?)\u00a0; et, objectif essentiel pour le gouvernement, in fine diffuser les images de la rencontre et les d\u00e9clarations d\u2019usage.<\/p>\n<p class=\"has-black-color has-text-color\">Cela montre que cette rencontre tripartite n\u2019a pas \u00e9t\u00e9 pr\u00e9par\u00e9e convenablement pour aboutir\u00a0; et aussi que ce concept de \u00ab\u00a0dialogue social\u00a0\u00bb, tel qu\u2019il est, n\u2019est pas utilis\u00e9 actuellement \u00e0 bon escient pour \u00ab\u00a0assurer la solidarit\u00e9 (et) faire face aux transformations de la soci\u00e9t\u00e9 marocaine\u00a0\u00bb.<\/p>\n<p class=\"has-black-color has-text-color\">Dans un avis du Conseil Economique Social et Environnemental (Auto saisine N\u00b0 50\/2020), on retrouve l\u2019historique de ce genre de r\u00e9union depuis sa gen\u00e8se, les principaux r\u00e9sultats acquis, ses points forts et ses points de faiblesse. Le CESE conclut sur la n\u00e9cessit\u00e9 de changer cette approche devenue obsol\u00e8te, et avance 19 propositions pour institutionaliser un syst\u00e8me int\u00e9gr\u00e9 de dialogue social, dans une version \u00ab\u00a0new\u00a0\u00bb qui g\u00e8re l\u2019\u00e9tablissement de relations sociales n\u00e9cessaires au d\u00e9veloppement durable et \u00e0 l\u2019\u00e9mergence du pays.<\/p>\n<p class=\"has-black-color has-text-color\">C\u2019est \u00e0 l\u2019aune de la mise en \u0153uvre de cette nouvelle approche que sera \u00e9valu\u00e9 le dialogue social convoqu\u00e9 pour ce jour. \u00a0\u00a0\u00a0\u00a0<\/p>\n<p class=\"has-black-color has-text-color\">Notre beau pays o\u00f9 existe encore le bonheur, la joie et le plaisir de la vie est appel\u00e9 \u00e0 apaiser les relations sociales au sein de la population et entre celle-ci et l\u2019Etat. Par cela, nos envieux seront nombreux\u00a0; ils passeront leur temps \u00e0 \u00eatre des contempteurs alors que le Royaume du Maroc avance vers la r\u00e9alisation du d\u00e9veloppement humain, la consolidation de la d\u00e9mocratie et l\u2019\u00e9tablissement de la justice sociale. \u00a0\u00a0\u00a0<\/p>\n<p>L\u2019article <a rel=\"nofollow\" href=\"http:\/\/albayane.press.ma\/le-social-dans-tous-ses-etats.html\">Le social dans tous ses \u00e9tats<\/a> est apparu en premier sur <a rel=\"nofollow\" href=\"http:\/\/albayane.press.ma\/\">ALBAYANE<\/a>.<\/p>\n<\/div>\n<p>Auteur: M&rsquo;hammed rahal<br \/>\n<a href=\"http:\/\/albayane.press.ma\/le-social-dans-tous-ses-etats.html\">Cliquez ici pour lire l&rsquo;article depuis sa source.<\/a><\/p>\n","protected":false},"excerpt":{"rendered":"<p>Alors que les membres du gouvernement sont occup\u00e9s par leurs affaires, les cons\u00e9quences socio\u00e9conomiques de la s\u00e9cheresse et la flamb\u00e9e des prix font remuer le champ politique national. La comm\u00e9moration du 20 f\u00e9vrier s\u2019est renforc\u00e9e par la conjoncture. Les femmes, gestionnaires des m\u00e9nages\u00a0; les jeunes, dans la tourmente du pr\u00e9sent et soucieux de leur avenir\u00a0; [&hellip;]<\/p>\n","protected":false},"author":1760,"featured_media":0,"comment_status":"closed","ping_status":"closed","sticky":false,"template":"","format":"standard","meta":{"fifu_image_url":"","fifu_image_alt":"","footnotes":""},"categories":[73,54],"tags":[],"class_list":["post-141623","post","type-post","status-publish","format-standard","hentry","category-actualite","category-maroc"],"_links":{"self":[{"href":"https:\/\/linitiative.ca\/International\/wp-json\/wp\/v2\/posts\/141623","targetHints":{"allow":["GET"]}}],"collection":[{"href":"https:\/\/linitiative.ca\/International\/wp-json\/wp\/v2\/posts"}],"about":[{"href":"https:\/\/linitiative.ca\/International\/wp-json\/wp\/v2\/types\/post"}],"author":[{"embeddable":true,"href":"https:\/\/linitiative.ca\/International\/wp-json\/wp\/v2\/users\/1760"}],"replies":[{"embeddable":true,"href":"https:\/\/linitiative.ca\/International\/wp-json\/wp\/v2\/comments?post=141623"}],"version-history":[{"count":0,"href":"https:\/\/linitiative.ca\/International\/wp-json\/wp\/v2\/posts\/141623\/revisions"}],"wp:attachment":[{"href":"https:\/\/linitiative.ca\/International\/wp-json\/wp\/v2\/media?parent=141623"}],"wp:term":[{"taxonomy":"category","embeddable":true,"href":"https:\/\/linitiative.ca\/International\/wp-json\/wp\/v2\/categories?post=141623"},{"taxonomy":"post_tag","embeddable":true,"href":"https:\/\/linitiative.ca\/International\/wp-json\/wp\/v2\/tags?post=141623"}],"curies":[{"name":"wp","href":"https:\/\/api.w.org\/{rel}","templated":true}]}}