{"id":141626,"date":"2022-02-24T06:00:00","date_gmt":"2022-02-24T11:00:00","guid":{"rendered":"https:\/\/linitiative.ca\/International\/la-malnutrition-fait-des-ravages-chez-les-enfants\/"},"modified":"2022-02-24T06:00:00","modified_gmt":"2022-02-24T11:00:00","slug":"la-malnutrition-fait-des-ravages-chez-les-enfants","status":"publish","type":"post","link":"https:\/\/linitiative.ca\/International\/la-malnutrition-fait-des-ravages-chez-les-enfants\/","title":{"rendered":"La malnutrition fait des ravages chez les enfants"},"content":{"rendered":"<div>Randa a trois ans mais p\u00e8se \u00e0 peine quatre kilos. La fillette souffre de malnutrition aigu\u00eb et risque d\u2019en mourir, comme des millions d\u2019autres personnes au Y\u00e9men, pays ravag\u00e9 par plus de sept ans de guerre.<\/div>\n<p>Auteur:<br \/>\n<a href=\"https:\/\/www.liberte-algerie.com\/magazine\/la-malnutrition-fait-des-ravages-chez-les-enfants-373843\">Cliquez ici pour lire l&rsquo;article depuis sa source.<\/a><\/p>\n","protected":false},"excerpt":{"rendered":"<p>Randa a trois ans mais p\u00e8se \u00e0 peine quatre kilos. La fillette souffre de malnutrition aigu\u00eb et risque d\u2019en mourir, comme des millions d\u2019autres personnes au Y\u00e9men, pays ravag\u00e9 par plus de sept ans de guerre. Auteur: Cliquez ici pour lire l&rsquo;article depuis sa source.<\/p>\n","protected":false},"author":1742,"featured_media":0,"comment_status":"closed","ping_status":"closed","sticky":false,"template":"","format":"standard","meta":{"fifu_image_url":"","fifu_image_alt":"","footnotes":""},"categories":[73,53],"tags":[],"class_list":["post-141626","post","type-post","status-publish","format-standard","hentry","category-actualite","category-algerie"],"_links":{"self":[{"href":"https:\/\/linitiative.ca\/International\/wp-json\/wp\/v2\/posts\/141626","targetHints":{"allow":["GET"]}}],"collection":[{"href":"https:\/\/linitiative.ca\/International\/wp-json\/wp\/v2\/posts"}],"about":[{"href":"https:\/\/linitiative.ca\/International\/wp-json\/wp\/v2\/types\/post"}],"author":[{"embeddable":true,"href":"https:\/\/linitiative.ca\/International\/wp-json\/wp\/v2\/users\/1742"}],"replies":[{"embeddable":true,"href":"https:\/\/linitiative.ca\/International\/wp-json\/wp\/v2\/comments?post=141626"}],"version-history":[{"count":0,"href":"https:\/\/linitiative.ca\/International\/wp-json\/wp\/v2\/posts\/141626\/revisions"}],"wp:attachment":[{"href":"https:\/\/linitiative.ca\/International\/wp-json\/wp\/v2\/media?parent=141626"}],"wp:term":[{"taxonomy":"category","embeddable":true,"href":"https:\/\/linitiative.ca\/International\/wp-json\/wp\/v2\/categories?post=141626"},{"taxonomy":"post_tag","embeddable":true,"href":"https:\/\/linitiative.ca\/International\/wp-json\/wp\/v2\/tags?post=141626"}],"curies":[{"name":"wp","href":"https:\/\/api.w.org\/{rel}","templated":true}]}}