{"id":141631,"date":"2022-02-24T09:32:00","date_gmt":"2022-02-24T14:32:00","guid":{"rendered":"https:\/\/linitiative.ca\/International\/education-le-groupe-elbilia-va-simplanter-a-marrakech\/"},"modified":"2022-02-24T09:32:00","modified_gmt":"2022-02-24T14:32:00","slug":"education-le-groupe-elbilia-va-simplanter-a-marrakech","status":"publish","type":"post","link":"https:\/\/linitiative.ca\/International\/education-le-groupe-elbilia-va-simplanter-a-marrakech\/","title":{"rendered":"Education: Le Groupe Elbilia va s\u2019implanter \u00e0 Marrakech"},"content":{"rendered":"<div>\n<div class=\"field field-name-body field-type-text-with-summary field-label-hidden\">\n<div class=\"field-items\">\n<div class=\"field-item even\" property=\"content:encoded\">\n<p class=\"rtejustify\">Le Groupe Elbilia ouvrira ses portes \u00e0 Marrakech en septembre prochain.<\/p>\n<p class=\"rtejustify\">Apr\u00e8s avoir lanc\u00e9 des \u00e9tablissements \u00e0 Casablanca, Rabat et Tanger, le r\u00e9seau Elbilia Skolar, un des segments d\u2019\u00e9ducation du Groupe \u00ab Education Development Company \u00bb, ouvrira ses portes d\u00e8s la prochaine rentr\u00e9e dans la ville ocre.<\/p>\n<\/div>\n<\/div>\n<\/div>\n<\/div>\n<p>Auteur: mbasraoui<br \/>\n<a href=\"https:\/\/www.leconomiste.com\/flash-infos\/education-le-groupe-elbilia-va-s-implanter-marrakech\">Cliquez ici pour lire l&rsquo;article depuis sa source.<\/a><\/p>\n","protected":false},"excerpt":{"rendered":"<p>Le Groupe Elbilia ouvrira ses portes \u00e0 Marrakech en septembre prochain. Apr\u00e8s avoir lanc\u00e9 des \u00e9tablissements \u00e0 Casablanca, Rabat et Tanger, le r\u00e9seau Elbilia Skolar, un des segments d\u2019\u00e9ducation du Groupe \u00ab Education Development Company \u00bb, ouvrira ses portes d\u00e8s la prochaine rentr\u00e9e dans la ville ocre. Auteur: mbasraoui Cliquez ici pour lire l&rsquo;article depuis [&hellip;]<\/p>\n","protected":false},"author":1763,"featured_media":0,"comment_status":"closed","ping_status":"closed","sticky":false,"template":"","format":"standard","meta":{"fifu_image_url":"","fifu_image_alt":"","footnotes":""},"categories":[78,54],"tags":[],"class_list":["post-141631","post","type-post","status-publish","format-standard","hentry","category-economie","category-maroc"],"_links":{"self":[{"href":"https:\/\/linitiative.ca\/International\/wp-json\/wp\/v2\/posts\/141631","targetHints":{"allow":["GET"]}}],"collection":[{"href":"https:\/\/linitiative.ca\/International\/wp-json\/wp\/v2\/posts"}],"about":[{"href":"https:\/\/linitiative.ca\/International\/wp-json\/wp\/v2\/types\/post"}],"author":[{"embeddable":true,"href":"https:\/\/linitiative.ca\/International\/wp-json\/wp\/v2\/users\/1763"}],"replies":[{"embeddable":true,"href":"https:\/\/linitiative.ca\/International\/wp-json\/wp\/v2\/comments?post=141631"}],"version-history":[{"count":0,"href":"https:\/\/linitiative.ca\/International\/wp-json\/wp\/v2\/posts\/141631\/revisions"}],"wp:attachment":[{"href":"https:\/\/linitiative.ca\/International\/wp-json\/wp\/v2\/media?parent=141631"}],"wp:term":[{"taxonomy":"category","embeddable":true,"href":"https:\/\/linitiative.ca\/International\/wp-json\/wp\/v2\/categories?post=141631"},{"taxonomy":"post_tag","embeddable":true,"href":"https:\/\/linitiative.ca\/International\/wp-json\/wp\/v2\/tags?post=141631"}],"curies":[{"name":"wp","href":"https:\/\/api.w.org\/{rel}","templated":true}]}}