{"id":141647,"date":"2022-02-24T12:34:53","date_gmt":"2022-02-24T17:34:53","guid":{"rendered":"https:\/\/linitiative.ca\/International\/guerre-en-ukraine-les-prix-des-matieres-premieres-explosent-et-les-bourses-chutent-quid-du-maroc\/"},"modified":"2022-02-24T12:34:53","modified_gmt":"2022-02-24T17:34:53","slug":"guerre-en-ukraine-les-prix-des-matieres-premieres-explosent-et-les-bourses-chutent-quid-du-maroc","status":"publish","type":"post","link":"https:\/\/linitiative.ca\/International\/guerre-en-ukraine-les-prix-des-matieres-premieres-explosent-et-les-bourses-chutent-quid-du-maroc\/","title":{"rendered":"Guerre en Ukraine : les prix des mati\u00e8res premi\u00e8res explosent et les bourses chutent. Quid du Maroc?"},"content":{"rendered":"<div><img decoding=\"async\" width=\"1500\" height=\"1000\" src=\"https:\/\/linitiative.ca\/International\/wp-content\/uploads\/sites\/23\/2022\/02\/guerre.jpg\" class=\"attachment-post-thumbnail size-post-thumbnail wp-post-image\" alt=\"\" loading=\"lazy\" srcset=\"https:\/\/linitiative.ca\/International\/wp-content\/uploads\/sites\/23\/2022\/02\/guerre.jpg 1500w, https:\/\/www.challenge.ma\/wp-content\/uploads\/2022\/02\/guerre-300x200.jpg 300w, https:\/\/www.challenge.ma\/wp-content\/uploads\/2022\/02\/guerre-1024x683.jpg 1024w, https:\/\/www.challenge.ma\/wp-content\/uploads\/2022\/02\/guerre-768x512.jpg 768w, https:\/\/www.challenge.ma\/wp-content\/uploads\/2022\/02\/guerre-360x240.jpg 360w, https:\/\/www.challenge.ma\/wp-content\/uploads\/2022\/02\/guerre-750x500.jpg 750w\" sizes=\"auto, (max-width: 1500px) 100vw, 1500px\" itemprop=\"image\">Les march\u00e9s du\u00a0p\u00e9trole, du gaz et du bl\u00e9 ont tous battus des records face \u00e0 l\u2019invasion de l\u2019Ukraine par la Russie. L\u2019escalade de la violence dans le Donbass et le reste de l\u2019Ukraine, \u00e0 l\u2019origine des troupes russes annonce d\u2019importantes cons\u00e9quences \u00e9conomiques en Europe mais aussi dans tout le monde.<\/div>\n<p>Auteur: challenge<br \/>\n<a href=\"https:\/\/www.challenge.ma\/guerre-en-ukraine-les-prix-des-matieres-premieres-explosent-et-les-bourses-chutent-quid-du-maroc-233333\/\">Cliquez ici pour lire l&rsquo;article depuis sa source.<\/a><\/p>\n","protected":false},"excerpt":{"rendered":"<p>Les march\u00e9s du\u00a0p\u00e9trole, du gaz et du bl\u00e9 ont tous battus des records face \u00e0 l\u2019invasion de l\u2019Ukraine par la Russie. L\u2019escalade de la violence dans le Donbass et le reste de l\u2019Ukraine, \u00e0 l\u2019origine des troupes russes annonce d\u2019importantes cons\u00e9quences \u00e9conomiques en Europe mais aussi dans tout le monde. Auteur: challenge Cliquez ici pour [&hellip;]<\/p>\n","protected":false},"author":1787,"featured_media":0,"comment_status":"closed","ping_status":"closed","sticky":false,"template":"","format":"standard","meta":{"fifu_image_url":"https:\/\/www.challenge.ma\/wp-content\/uploads\/2022\/02\/guerre.jpg","fifu_image_alt":"Guerre en Ukraine : les prix des mati\u00e8res premi\u00e8res explosent et les bourses chutent. Quid du Maroc?","footnotes":""},"categories":[78,54],"tags":[],"class_list":["post-141647","post","type-post","status-publish","format-standard","hentry","category-economie","category-maroc"],"_links":{"self":[{"href":"https:\/\/linitiative.ca\/International\/wp-json\/wp\/v2\/posts\/141647","targetHints":{"allow":["GET"]}}],"collection":[{"href":"https:\/\/linitiative.ca\/International\/wp-json\/wp\/v2\/posts"}],"about":[{"href":"https:\/\/linitiative.ca\/International\/wp-json\/wp\/v2\/types\/post"}],"author":[{"embeddable":true,"href":"https:\/\/linitiative.ca\/International\/wp-json\/wp\/v2\/users\/1787"}],"replies":[{"embeddable":true,"href":"https:\/\/linitiative.ca\/International\/wp-json\/wp\/v2\/comments?post=141647"}],"version-history":[{"count":0,"href":"https:\/\/linitiative.ca\/International\/wp-json\/wp\/v2\/posts\/141647\/revisions"}],"wp:attachment":[{"href":"https:\/\/linitiative.ca\/International\/wp-json\/wp\/v2\/media?parent=141647"}],"wp:term":[{"taxonomy":"category","embeddable":true,"href":"https:\/\/linitiative.ca\/International\/wp-json\/wp\/v2\/categories?post=141647"},{"taxonomy":"post_tag","embeddable":true,"href":"https:\/\/linitiative.ca\/International\/wp-json\/wp\/v2\/tags?post=141647"}],"curies":[{"name":"wp","href":"https:\/\/api.w.org\/{rel}","templated":true}]}}