{"id":141650,"date":"2022-02-24T16:39:49","date_gmt":"2022-02-24T21:39:49","guid":{"rendered":"https:\/\/linitiative.ca\/International\/conflit-russie-ukraine-le-pentagone-decide-denvoyer-7-000-soldats-en-allemagne\/"},"modified":"2022-02-24T16:39:49","modified_gmt":"2022-02-24T21:39:49","slug":"conflit-russie-ukraine-le-pentagone-decide-denvoyer-7-000-soldats-en-allemagne","status":"publish","type":"post","link":"https:\/\/linitiative.ca\/International\/conflit-russie-ukraine-le-pentagone-decide-denvoyer-7-000-soldats-en-allemagne\/","title":{"rendered":"Conflit Russie-Ukraine : Le Pentagone d\u00e9cide d\u2019envoyer 7 000 soldats en Allemagne"},"content":{"rendered":"<div>\n<p>Un haut responsable am\u00e9ricain a annonc\u00e9 aujourd\u2019hui, jeudi 24 f\u00e9vrier 2022, \u00e0 Washington, que le minist\u00e8re de la D\u00e9fense enverra environ sept mille soldats suppl\u00e9mentaires en Allemagne, en r\u00e9ponse \u00e0 la d\u00e9cision du pr\u00e9sident russe Vladimir Poutine d\u2019envahir l\u2019Ukraine. Le responsable a d\u00e9clar\u00e9 que le but de ce nouveau d\u00e9ploiement, qui aura lieu dans les [\u2026]<\/p>\n<p>L\u2019article <a href=\"https:\/\/www.tunisienumerique.com\/conflit-russie-ukraine-le-pentagone-decide-denvoyer-7-000-soldats-en-allemagne\/\">Conflit Russie-Ukraine : Le Pentagone d\u00e9cide d\u2019envoyer 7 000 soldats en Allemagne<\/a> est apparu en premier sur <a href=\"https:\/\/www.tunisienumerique.com\/\">Tunisie<\/a>.<\/p>\n<\/div>\n<p>Auteur: rania ben slimane<br \/>\n<a href=\"https:\/\/www.tunisienumerique.com\/conflit-russie-ukraine-le-pentagone-decide-denvoyer-7-000-soldats-en-allemagne\/\">Cliquez ici pour lire l&rsquo;article depuis sa source.<\/a><\/p>\n","protected":false},"excerpt":{"rendered":"<p>Un haut responsable am\u00e9ricain a annonc\u00e9 aujourd\u2019hui, jeudi 24 f\u00e9vrier 2022, \u00e0 Washington, que le minist\u00e8re de la D\u00e9fense enverra environ sept mille soldats suppl\u00e9mentaires en Allemagne, en r\u00e9ponse \u00e0 la d\u00e9cision du pr\u00e9sident russe Vladimir Poutine d\u2019envahir l\u2019Ukraine. Le responsable a d\u00e9clar\u00e9 que le but de ce nouveau d\u00e9ploiement, qui aura lieu dans les [&hellip;]<\/p>\n","protected":false},"author":1789,"featured_media":0,"comment_status":"closed","ping_status":"closed","sticky":false,"template":"","format":"standard","meta":{"fifu_image_url":"","fifu_image_alt":"","footnotes":""},"categories":[73,55],"tags":[],"class_list":["post-141650","post","type-post","status-publish","format-standard","hentry","category-actualite","category-tunisie"],"_links":{"self":[{"href":"https:\/\/linitiative.ca\/International\/wp-json\/wp\/v2\/posts\/141650","targetHints":{"allow":["GET"]}}],"collection":[{"href":"https:\/\/linitiative.ca\/International\/wp-json\/wp\/v2\/posts"}],"about":[{"href":"https:\/\/linitiative.ca\/International\/wp-json\/wp\/v2\/types\/post"}],"author":[{"embeddable":true,"href":"https:\/\/linitiative.ca\/International\/wp-json\/wp\/v2\/users\/1789"}],"replies":[{"embeddable":true,"href":"https:\/\/linitiative.ca\/International\/wp-json\/wp\/v2\/comments?post=141650"}],"version-history":[{"count":0,"href":"https:\/\/linitiative.ca\/International\/wp-json\/wp\/v2\/posts\/141650\/revisions"}],"wp:attachment":[{"href":"https:\/\/linitiative.ca\/International\/wp-json\/wp\/v2\/media?parent=141650"}],"wp:term":[{"taxonomy":"category","embeddable":true,"href":"https:\/\/linitiative.ca\/International\/wp-json\/wp\/v2\/categories?post=141650"},{"taxonomy":"post_tag","embeddable":true,"href":"https:\/\/linitiative.ca\/International\/wp-json\/wp\/v2\/tags?post=141650"}],"curies":[{"name":"wp","href":"https:\/\/api.w.org\/{rel}","templated":true}]}}