{"id":141652,"date":"2022-02-24T17:06:26","date_gmt":"2022-02-24T22:06:26","guid":{"rendered":"https:\/\/linitiative.ca\/International\/conflit-russie-ukraine-apres-tchernobyl-lukraine-perd-le-controle-de-lile-de-zmeinyi\/"},"modified":"2022-02-24T17:06:26","modified_gmt":"2022-02-24T22:06:26","slug":"conflit-russie-ukraine-apres-tchernobyl-lukraine-perd-le-controle-de-lile-de-zmeinyi","status":"publish","type":"post","link":"https:\/\/linitiative.ca\/International\/conflit-russie-ukraine-apres-tchernobyl-lukraine-perd-le-controle-de-lile-de-zmeinyi\/","title":{"rendered":"Conflit Russie-Ukraine : Apr\u00e8s Tchernobyl, l\u2019Ukraine perd le contr\u00f4le de l\u2019\u00eele de Zme\u00efnyi ?"},"content":{"rendered":"<div>\n<p>Les gardes-fronti\u00e8res ukrainiens ont annonc\u00e9 la perte de contr\u00f4le de l\u2019\u00eele ukrainienne de Zme\u00efnyi en mer Noire, rattach\u00e9e administrativement \u00e0 la r\u00e9gion d\u2019Odessa dans le sud du pays, proche de la fronti\u00e8re avec la Roumanie. \u201cSelon les informations disponibles, l\u2019\u00eele de Zme\u00efnyi a \u00e9t\u00e9 occup\u00e9e\u201d, ont d\u00e9clar\u00e9 les gardes-fronti\u00e8res dans un post Facebook le jeudi [\u2026]<\/p>\n<p>L\u2019article <a href=\"https:\/\/www.tunisienumerique.com\/conflit-russie-ukraine-apres-tchernobyl-lukraine-perd-le-controle-de-lile-de-zmeinyi\/\">Conflit Russie-Ukraine : Apr\u00e8s Tchernobyl, l\u2019Ukraine perd le contr\u00f4le de l\u2019\u00eele de Zme\u00efnyi ?<\/a> est apparu en premier sur <a href=\"https:\/\/www.tunisienumerique.com\/\">Tunisie<\/a>.<\/p>\n<\/div>\n<p>Auteur: rania ben slimane<br \/>\n<a href=\"https:\/\/www.tunisienumerique.com\/conflit-russie-ukraine-apres-tchernobyl-lukraine-perd-le-controle-de-lile-de-zmeinyi\/\">Cliquez ici pour lire l&rsquo;article depuis sa source.<\/a><\/p>\n","protected":false},"excerpt":{"rendered":"<p>Les gardes-fronti\u00e8res ukrainiens ont annonc\u00e9 la perte de contr\u00f4le de l\u2019\u00eele ukrainienne de Zme\u00efnyi en mer Noire, rattach\u00e9e administrativement \u00e0 la r\u00e9gion d\u2019Odessa dans le sud du pays, proche de la fronti\u00e8re avec la Roumanie. \u201cSelon les informations disponibles, l\u2019\u00eele de Zme\u00efnyi a \u00e9t\u00e9 occup\u00e9e\u201d, ont d\u00e9clar\u00e9 les gardes-fronti\u00e8res dans un post Facebook le jeudi [&hellip;]<\/p>\n","protected":false},"author":1789,"featured_media":0,"comment_status":"closed","ping_status":"closed","sticky":false,"template":"","format":"standard","meta":{"fifu_image_url":"","fifu_image_alt":"","footnotes":""},"categories":[73,55],"tags":[],"class_list":["post-141652","post","type-post","status-publish","format-standard","hentry","category-actualite","category-tunisie"],"_links":{"self":[{"href":"https:\/\/linitiative.ca\/International\/wp-json\/wp\/v2\/posts\/141652","targetHints":{"allow":["GET"]}}],"collection":[{"href":"https:\/\/linitiative.ca\/International\/wp-json\/wp\/v2\/posts"}],"about":[{"href":"https:\/\/linitiative.ca\/International\/wp-json\/wp\/v2\/types\/post"}],"author":[{"embeddable":true,"href":"https:\/\/linitiative.ca\/International\/wp-json\/wp\/v2\/users\/1789"}],"replies":[{"embeddable":true,"href":"https:\/\/linitiative.ca\/International\/wp-json\/wp\/v2\/comments?post=141652"}],"version-history":[{"count":0,"href":"https:\/\/linitiative.ca\/International\/wp-json\/wp\/v2\/posts\/141652\/revisions"}],"wp:attachment":[{"href":"https:\/\/linitiative.ca\/International\/wp-json\/wp\/v2\/media?parent=141652"}],"wp:term":[{"taxonomy":"category","embeddable":true,"href":"https:\/\/linitiative.ca\/International\/wp-json\/wp\/v2\/categories?post=141652"},{"taxonomy":"post_tag","embeddable":true,"href":"https:\/\/linitiative.ca\/International\/wp-json\/wp\/v2\/tags?post=141652"}],"curies":[{"name":"wp","href":"https:\/\/api.w.org\/{rel}","templated":true}]}}