{"id":141654,"date":"2022-02-24T14:43:41","date_gmt":"2022-02-24T19:43:41","guid":{"rendered":"https:\/\/linitiative.ca\/International\/transition-politique-au-burkina-les-erreurs-a-eviter\/"},"modified":"2022-02-24T14:43:41","modified_gmt":"2022-02-24T19:43:41","slug":"transition-politique-au-burkina-les-erreurs-a-eviter","status":"publish","type":"post","link":"https:\/\/linitiative.ca\/International\/transition-politique-au-burkina-les-erreurs-a-eviter\/","title":{"rendered":"TRANSITION POLITIQUE AU BURKINA   :  Les erreurs \u00e0 \u00e9viter"},"content":{"rendered":"<div>\n<p><img decoding=\"async\" width=\"592\" height=\"296\" src=\"https:\/\/linitiative.ca\/International\/wp-content\/uploads\/sites\/23\/2022\/02\/DAMIBA-1.jpeg\" class=\"attachment- size- wp-post-image\" alt=\"\" loading=\"lazy\" style=\"float:left; margin:0 15px 15px 0;\" srcset=\"https:\/\/linitiative.ca\/International\/wp-content\/uploads\/sites\/23\/2022\/02\/DAMIBA-1.jpeg 592w, https:\/\/lepays.bf\/wp-content\/uploads\/2022\/02\/DAMIBA-1-300x150.jpeg 300w\" sizes=\"auto, (max-width: 592px) 100vw, 592px\">Dans un communiqu\u00e9 rendu public, le 20 f\u00e9vrier dernier, il ressort que les \u00e9v\u00e9nements des 23 et 24 janvier derniers qui ont marqu\u00e9 la fin du r\u00e9gime de Roch Marc Christian Kabor\u00e9, ont provoqu\u00e9 la mort de deux personnes et fait une douzaine de bless\u00e9s [\u2026]<\/p>\n<p>L\u2019article <a rel=\"nofollow\" href=\"https:\/\/lepays.bf\/transition-politique-au-burkina-les-erreurs-a-eviter\/\">TRANSITION POLITIQUE AU BURKINA   :  Les erreurs \u00e0 \u00e9viter<\/a> est apparu en premier sur <a rel=\"nofollow\" href=\"https:\/\/lepays.bf\/\">Editions Le Pays<\/a>.<\/p>\n<\/div>\n<p>Auteur: Editions LEPAYS<br \/>\n<a href=\"https:\/\/lepays.bf\/transition-politique-au-burkina-les-erreurs-a-eviter\/\">Cliquez ici pour lire l&rsquo;article depuis sa source.<\/a><\/p>\n","protected":false},"excerpt":{"rendered":"<p>Dans un communiqu\u00e9 rendu public, le 20 f\u00e9vrier dernier, il ressort que les \u00e9v\u00e9nements des 23 et 24 janvier derniers qui ont marqu\u00e9 la fin du r\u00e9gime de Roch Marc Christian Kabor\u00e9, ont provoqu\u00e9 la mort de deux personnes et fait une douzaine de bless\u00e9s [\u2026] L\u2019article TRANSITION POLITIQUE AU BURKINA : Les erreurs \u00e0 [&hellip;]<\/p>\n","protected":false},"author":1813,"featured_media":0,"comment_status":"closed","ping_status":"closed","sticky":false,"template":"","format":"standard","meta":{"fifu_image_url":"https:\/\/lepays.bf\/wp-content\/uploads\/2022\/02\/DAMIBA-1.jpeg","fifu_image_alt":"TRANSITION POLITIQUE AU BURKINA   :  Les erreurs \u00e0 \u00e9viter","footnotes":""},"categories":[73,81],"tags":[],"class_list":["post-141654","post","type-post","status-publish","format-standard","hentry","category-actualite","category-burkina-faso"],"_links":{"self":[{"href":"https:\/\/linitiative.ca\/International\/wp-json\/wp\/v2\/posts\/141654","targetHints":{"allow":["GET"]}}],"collection":[{"href":"https:\/\/linitiative.ca\/International\/wp-json\/wp\/v2\/posts"}],"about":[{"href":"https:\/\/linitiative.ca\/International\/wp-json\/wp\/v2\/types\/post"}],"author":[{"embeddable":true,"href":"https:\/\/linitiative.ca\/International\/wp-json\/wp\/v2\/users\/1813"}],"replies":[{"embeddable":true,"href":"https:\/\/linitiative.ca\/International\/wp-json\/wp\/v2\/comments?post=141654"}],"version-history":[{"count":0,"href":"https:\/\/linitiative.ca\/International\/wp-json\/wp\/v2\/posts\/141654\/revisions"}],"wp:attachment":[{"href":"https:\/\/linitiative.ca\/International\/wp-json\/wp\/v2\/media?parent=141654"}],"wp:term":[{"taxonomy":"category","embeddable":true,"href":"https:\/\/linitiative.ca\/International\/wp-json\/wp\/v2\/categories?post=141654"},{"taxonomy":"post_tag","embeddable":true,"href":"https:\/\/linitiative.ca\/International\/wp-json\/wp\/v2\/tags?post=141654"}],"curies":[{"name":"wp","href":"https:\/\/api.w.org\/{rel}","templated":true}]}}