{"id":141656,"date":"2022-02-24T14:53:22","date_gmt":"2022-02-24T19:53:22","guid":{"rendered":"https:\/\/linitiative.ca\/International\/operation-militaire-russe-en-ukraine-quelles-repercussions-sur-lafrique\/"},"modified":"2022-02-24T14:53:22","modified_gmt":"2022-02-24T19:53:22","slug":"operation-militaire-russe-en-ukraine-quelles-repercussions-sur-lafrique","status":"publish","type":"post","link":"https:\/\/linitiative.ca\/International\/operation-militaire-russe-en-ukraine-quelles-repercussions-sur-lafrique\/","title":{"rendered":"OPERATION MILITAIRE RUSSE EN UKRAINE : Quelles r\u00e9percussions sur l\u2019Afrique\u00a0?  \u00a0"},"content":{"rendered":"<div>\n<p><img decoding=\"async\" width=\"664\" height=\"357\" src=\"https:\/\/linitiative.ca\/International\/wp-content\/uploads\/sites\/23\/2022\/02\/POUTINE-3.jpg\" class=\"attachment- size- wp-post-image\" alt=\"\" loading=\"lazy\" style=\"float:left; margin:0 15px 15px 0;\" srcset=\"https:\/\/linitiative.ca\/International\/wp-content\/uploads\/sites\/23\/2022\/02\/POUTINE-3.jpg 664w, https:\/\/lepays.bf\/wp-content\/uploads\/2022\/02\/POUTINE-3-300x161.jpg 300w\" sizes=\"auto, (max-width: 664px) 100vw, 664px\">Apr\u00e8s plusieurs semaines de menaces et de vives tensions avec l\u2019Occident, le pr\u00e9sident russe, Vladimir Poutine, a\u00a0 finalement lanc\u00e9, dans la nuit du 23 au 24 f\u00e9vrier, une op\u00e9ration militaire en Ukraine au motif de r\u00e9pondre \u00e0 l\u2019appel \u00e0 l\u2019aide des s\u00e9paratistes de l\u2019Est. \u00ab\u00a0J\u2019ai [\u2026]<\/p>\n<p>L\u2019article <a rel=\"nofollow\" href=\"https:\/\/lepays.bf\/operation-militaire-russe-en-ukraine-quelles-repercussions-sur-lafrique\/\">OPERATION MILITAIRE RUSSE EN UKRAINE : Quelles r\u00e9percussions sur l\u2019Afrique\u00a0?  \u00a0<\/a> est apparu en premier sur <a rel=\"nofollow\" href=\"https:\/\/lepays.bf\/\">Editions Le Pays<\/a>.<\/p>\n<\/div>\n<p>Auteur: Editions LEPAYS<br \/>\n<a href=\"https:\/\/lepays.bf\/operation-militaire-russe-en-ukraine-quelles-repercussions-sur-lafrique\/\">Cliquez ici pour lire l&rsquo;article depuis sa source.<\/a><\/p>\n","protected":false},"excerpt":{"rendered":"<p>Apr\u00e8s plusieurs semaines de menaces et de vives tensions avec l\u2019Occident, le pr\u00e9sident russe, Vladimir Poutine, a\u00a0 finalement lanc\u00e9, dans la nuit du 23 au 24 f\u00e9vrier, une op\u00e9ration militaire en Ukraine au motif de r\u00e9pondre \u00e0 l\u2019appel \u00e0 l\u2019aide des s\u00e9paratistes de l\u2019Est. \u00ab\u00a0J\u2019ai [\u2026] L\u2019article OPERATION MILITAIRE RUSSE EN UKRAINE : Quelles r\u00e9percussions [&hellip;]<\/p>\n","protected":false},"author":1813,"featured_media":0,"comment_status":"closed","ping_status":"closed","sticky":false,"template":"","format":"standard","meta":{"fifu_image_url":"https:\/\/lepays.bf\/wp-content\/uploads\/2022\/02\/POUTINE-3.jpg","fifu_image_alt":"OPERATION MILITAIRE RUSSE EN UKRAINE : Quelles r\u00e9percussions sur l\u2019Afrique\u00a0?  \u00a0","footnotes":""},"categories":[73,81],"tags":[],"class_list":["post-141656","post","type-post","status-publish","format-standard","hentry","category-actualite","category-burkina-faso"],"_links":{"self":[{"href":"https:\/\/linitiative.ca\/International\/wp-json\/wp\/v2\/posts\/141656","targetHints":{"allow":["GET"]}}],"collection":[{"href":"https:\/\/linitiative.ca\/International\/wp-json\/wp\/v2\/posts"}],"about":[{"href":"https:\/\/linitiative.ca\/International\/wp-json\/wp\/v2\/types\/post"}],"author":[{"embeddable":true,"href":"https:\/\/linitiative.ca\/International\/wp-json\/wp\/v2\/users\/1813"}],"replies":[{"embeddable":true,"href":"https:\/\/linitiative.ca\/International\/wp-json\/wp\/v2\/comments?post=141656"}],"version-history":[{"count":0,"href":"https:\/\/linitiative.ca\/International\/wp-json\/wp\/v2\/posts\/141656\/revisions"}],"wp:attachment":[{"href":"https:\/\/linitiative.ca\/International\/wp-json\/wp\/v2\/media?parent=141656"}],"wp:term":[{"taxonomy":"category","embeddable":true,"href":"https:\/\/linitiative.ca\/International\/wp-json\/wp\/v2\/categories?post=141656"},{"taxonomy":"post_tag","embeddable":true,"href":"https:\/\/linitiative.ca\/International\/wp-json\/wp\/v2\/tags?post=141656"}],"curies":[{"name":"wp","href":"https:\/\/api.w.org\/{rel}","templated":true}]}}