{"id":141658,"date":"2022-02-24T15:01:51","date_gmt":"2022-02-24T20:01:51","guid":{"rendered":"https:\/\/linitiative.ca\/International\/propositions-de-la-commission-technique-mise-en-place-par-le-mpsr-cest-la-bonne-foi-qui-comptera-le-plus\/"},"modified":"2022-02-24T15:01:51","modified_gmt":"2022-02-24T20:01:51","slug":"propositions-de-la-commission-technique-mise-en-place-par-le-mpsr-cest-la-bonne-foi-qui-comptera-le-plus","status":"publish","type":"post","link":"https:\/\/linitiative.ca\/International\/propositions-de-la-commission-technique-mise-en-place-par-le-mpsr-cest-la-bonne-foi-qui-comptera-le-plus\/","title":{"rendered":"PROPOSITIONS DE LA COMMISSION TECHNIQUE MISE EN PLACE PAR LE MPSR : C\u2019est la bonne foi qui comptera le plus"},"content":{"rendered":"<div>\n<p><img loading=\"lazy\" decoding=\"async\" width=\"640\" height=\"426\" src=\"https:\/\/linitiative.ca\/International\/wp-content\/uploads\/sites\/23\/2022\/02\/COMMISSION.jpg\" class=\"attachment- size- wp-post-image\" alt=\"\" style=\"float:left; margin:0 15px 15px 0;\" srcset=\"https:\/\/linitiative.ca\/International\/wp-content\/uploads\/sites\/23\/2022\/02\/COMMISSION.jpg 640w, https:\/\/lepays.bf\/wp-content\/uploads\/2022\/02\/COMMISSION-300x200.jpg 300w, https:\/\/lepays.bf\/wp-content\/uploads\/2022\/02\/COMMISSION-128x86.jpg 128w\" sizes=\"auto, (max-width: 640px) 100vw, 640px\">Install\u00e9e le 8 f\u00e9vrier dernier par le pr\u00e9sident du MPSR (Mouvement patriotique pour la sauvegarde et la restauration), la Commission technique d\u2019\u00e9laboration de projets de textes et de l\u2019agenda de la transition, a remis son rapport \u00e0 qui de droit, le 23 f\u00e9vrier dernier. Avant [\u2026]<\/p>\n<p>L\u2019article <a rel=\"nofollow\" href=\"https:\/\/lepays.bf\/propositions-de-la-commission-technique-mise-en-place-par-le-mpsr-cest-la-bonne-foi-qui-comptera-le-plus\/\">PROPOSITIONS DE LA COMMISSION TECHNIQUE MISE EN PLACE PAR LE MPSR : C\u2019est la bonne foi qui comptera le plus<\/a> est apparu en premier sur <a rel=\"nofollow\" href=\"https:\/\/lepays.bf\/\">Editions Le Pays<\/a>.<\/p>\n<\/div>\n<p>Auteur: Editions LEPAYS<br \/>\n<a href=\"https:\/\/lepays.bf\/propositions-de-la-commission-technique-mise-en-place-par-le-mpsr-cest-la-bonne-foi-qui-comptera-le-plus\/\">Cliquez ici pour lire l&rsquo;article depuis sa source.<\/a><\/p>\n","protected":false},"excerpt":{"rendered":"<p>Install\u00e9e le 8 f\u00e9vrier dernier par le pr\u00e9sident du MPSR (Mouvement patriotique pour la sauvegarde et la restauration), la Commission technique d\u2019\u00e9laboration de projets de textes et de l\u2019agenda de la transition, a remis son rapport \u00e0 qui de droit, le 23 f\u00e9vrier dernier. Avant [\u2026] L\u2019article PROPOSITIONS DE LA COMMISSION TECHNIQUE MISE EN PLACE [&hellip;]<\/p>\n","protected":false},"author":1813,"featured_media":0,"comment_status":"closed","ping_status":"closed","sticky":false,"template":"","format":"standard","meta":{"fifu_image_url":"https:\/\/lepays.bf\/wp-content\/uploads\/2022\/02\/COMMISSION.jpg","fifu_image_alt":"PROPOSITIONS DE LA COMMISSION TECHNIQUE MISE EN PLACE PAR LE MPSR : C\u2019est la bonne foi qui comptera le plus","footnotes":""},"categories":[73,81],"tags":[],"class_list":["post-141658","post","type-post","status-publish","format-standard","hentry","category-actualite","category-burkina-faso"],"_links":{"self":[{"href":"https:\/\/linitiative.ca\/International\/wp-json\/wp\/v2\/posts\/141658","targetHints":{"allow":["GET"]}}],"collection":[{"href":"https:\/\/linitiative.ca\/International\/wp-json\/wp\/v2\/posts"}],"about":[{"href":"https:\/\/linitiative.ca\/International\/wp-json\/wp\/v2\/types\/post"}],"author":[{"embeddable":true,"href":"https:\/\/linitiative.ca\/International\/wp-json\/wp\/v2\/users\/1813"}],"replies":[{"embeddable":true,"href":"https:\/\/linitiative.ca\/International\/wp-json\/wp\/v2\/comments?post=141658"}],"version-history":[{"count":0,"href":"https:\/\/linitiative.ca\/International\/wp-json\/wp\/v2\/posts\/141658\/revisions"}],"wp:attachment":[{"href":"https:\/\/linitiative.ca\/International\/wp-json\/wp\/v2\/media?parent=141658"}],"wp:term":[{"taxonomy":"category","embeddable":true,"href":"https:\/\/linitiative.ca\/International\/wp-json\/wp\/v2\/categories?post=141658"},{"taxonomy":"post_tag","embeddable":true,"href":"https:\/\/linitiative.ca\/International\/wp-json\/wp\/v2\/tags?post=141658"}],"curies":[{"name":"wp","href":"https:\/\/api.w.org\/{rel}","templated":true}]}}