{"id":14166,"date":"2019-02-14T04:55:42","date_gmt":"2019-02-14T09:55:42","guid":{"rendered":"https:\/\/linitiative.ca\/International\/ouargla-plus-de-160-tonnes-de-dechets-en-plastique-recuperes-en-2018\/"},"modified":"2019-02-14T04:55:42","modified_gmt":"2019-02-14T09:55:42","slug":"ouargla-plus-de-160-tonnes-de-dechets-en-plastique-recuperes-en-2018","status":"publish","type":"post","link":"https:\/\/linitiative.ca\/International\/ouargla-plus-de-160-tonnes-de-dechets-en-plastique-recuperes-en-2018\/","title":{"rendered":"Ouargla : plus de 160 tonnes de d\u00e9chets en plastique r\u00e9cup\u00e9r\u00e9s en 2018"},"content":{"rendered":"<div>\n<div class=\"K2FeedImage\"><img decoding=\"async\" src=\"http:\/\/www.aps.dz\/media\/k2\/items\/cache\/743f4450c9faa8de04503aff73f0437e_S.jpg\" alt=\"Ouargla : plus de 160 tonnes de d\u00e9chets en plastique r\u00e9cup\u00e9r\u00e9s en 2018\"><\/div>\n<div class=\"K2FeedIntroText\">\n<p>OUARGLA &#8211; Une quantit\u00e9 de plus de 160 tonnes de d\u00e9chets en plastique a \u00e9t\u00e9 r\u00e9cup\u00e9r\u00e9e en 2018 dans la wilaya d\u2019Ouargla \u00e0 des fins de recyclage, a-t-on appris aupr\u00e8s de la direction locale de l\u2019Environnement.<\/p>\n<\/div>\n<div class=\"K2FeedFullText\">\n<p>Ce volume repr\u00e9sente pr\u00e8s de 85% d\u2019une quantit\u00e9 globale de 190 tonnes de d\u00e9chets (cartons, aluminium, d\u00e9chets ferreux ), collect\u00e9es l\u2019ann\u00e9e derni\u00e8re \u00e0 travers la wilaya, a pr\u00e9cis\u00e9 le chef de service de la gestion des d\u00e9chets \u00e0 la direction pr\u00e9cit\u00e9e.<\/p>\n<p>Occupant une surface de 20 hectares, le centre d\u2019enfouissement technique (CET) de Nezla (Touggourt), qui offre une capacit\u00e9 d\u2019accueil annuelle de 30.000 tonnes de d\u00e9chets, a r\u00e9alis\u00e9 une quantit\u00e9 recycl\u00e9e de plus de 100 tonnes de d\u00e9chets en plastique et en carton, a relev\u00e9 M. Redouane Malki.<\/p>\n<p>D\u2019une capacit\u00e9 d\u2019accueil annuelle de 50.000 tonnes de d\u00e9chets, le CET de Ouargla, qui couvre cinq communes, a \u00e9galement r\u00e9cup\u00e9r\u00e9 une quantit\u00e9 de 77 tonnes de d\u00e9chets qui s\u2019ajoutent aux 4,2 tonnes r\u00e9cup\u00e9r\u00e9es par le CET de T\u00e9macine qui couvre deux communes, selon le m\u00eame responsable.<\/p>\n<hr>\n<p><em><strong>Lire aussi:\u00a0<a href=\"http:\/\/www.aps.dz\/economie\/85340-algerie-pays-bas-signature-prochaine-d-une-convention-de-cooperation-pour-la-gestion-des-dechets\">Alg\u00e9rie-Pays Bas: signature prochaine d&rsquo;une convention de coop\u00e9ration pour la gestion des\u00a0<span class=\"highlight\">d\u00e9chets<\/span><\/a><\/strong><\/em><\/p>\n<hr>\n<p>De gros efforts sont fournis actuellement pour l\u2019\u00e9laboration d\u2019une strat\u00e9gie de recyclage et de rentabilisation des d\u00e9chets par la mobilisation de moyens humains et mat\u00e9riels n\u00e9cessaires, ainsi que par l\u2019ancrage de la culture environnementale chez le citoyen sur la collecte, le tri et le recyclage des d\u00e9chets, a-t-il ajout\u00e9.<\/p>\n<p>Dans la wilaya d\u2019Ouargla, des mesures urgentes ont \u00e9t\u00e9 prises pour la pr\u00e9servation de l\u2019environnement et la lutte contre les d\u00e9charges anarchiques d\u00e9figurant le milieu urbain, en plus de l\u2019encouragement des initiatives de jeunes pour l\u2019exploitation, dans le cadre de la gestion int\u00e9gr\u00e9e des d\u00e9chets, de la mati\u00e8re premi\u00e8re susceptible de g\u00e9n\u00e9rer des emplois directs et indirects.<\/p>\n<p>Ces mesures portent aussi sur l\u2019organisation hebdomadaire de campagnes de nettoiement men\u00e9es par les parties concern\u00e9es en coordination avec les acteurs locaux, associations actives, et l\u2019encouragement des initiatives de jeunes par la mobilisation des moyens disponibles pour la lutte contre la prolif\u00e9ration des d\u00e9charges anarchiques, ont indiqu\u00e9 les responsables de la direction de l\u2019Environnement.<\/p>\n<p>Un volume de plus de 450 tonnes\/ jour de d\u00e9chets m\u00e9nagers est collect\u00e9 et transport\u00e9 par les services communaux vers les CET implant\u00e9s \u00e0 travers les da\u00efras d\u2019Ouargla, Nezla et T\u00e9macine, selon la m\u00eame source.<\/p>\n<\/div>\n<\/div>\n<p>Auteur:<br \/>\n<a href=\"http:\/\/www.aps.dz\/regions\/85532-ouargla-plus-de-160-tonnes-de-dechets-en-plastique-recuperes-en-2018\">Cliquez ici pour lire l&rsquo;article depuis sa source.<\/a><\/p>\n","protected":false},"excerpt":{"rendered":"<p>OUARGLA &#8211; Une quantit\u00e9 de plus de 160 tonnes de d\u00e9chets en plastique a \u00e9t\u00e9 r\u00e9cup\u00e9r\u00e9e en 2018 dans la wilaya d\u2019Ouargla \u00e0 des fins de recyclage, a-t-on appris aupr\u00e8s de la direction locale de l\u2019Environnement. Ce volume repr\u00e9sente pr\u00e8s de 85% d\u2019une quantit\u00e9 globale de 190 tonnes de d\u00e9chets (cartons, aluminium, d\u00e9chets ferreux ), [&hellip;]<\/p>\n","protected":false},"author":1790,"featured_media":14171,"comment_status":"closed","ping_status":"closed","sticky":false,"template":"","format":"standard","meta":{"fifu_image_url":"","fifu_image_alt":"","footnotes":""},"categories":[53,76],"tags":[],"class_list":["post-14166","post","type-post","status-publish","format-standard","has-post-thumbnail","hentry","category-algerie","category-regions"],"_links":{"self":[{"href":"https:\/\/linitiative.ca\/International\/wp-json\/wp\/v2\/posts\/14166","targetHints":{"allow":["GET"]}}],"collection":[{"href":"https:\/\/linitiative.ca\/International\/wp-json\/wp\/v2\/posts"}],"about":[{"href":"https:\/\/linitiative.ca\/International\/wp-json\/wp\/v2\/types\/post"}],"author":[{"embeddable":true,"href":"https:\/\/linitiative.ca\/International\/wp-json\/wp\/v2\/users\/1790"}],"replies":[{"embeddable":true,"href":"https:\/\/linitiative.ca\/International\/wp-json\/wp\/v2\/comments?post=14166"}],"version-history":[{"count":0,"href":"https:\/\/linitiative.ca\/International\/wp-json\/wp\/v2\/posts\/14166\/revisions"}],"wp:featuredmedia":[{"embeddable":true,"href":"https:\/\/linitiative.ca\/International\/wp-json\/"}],"wp:attachment":[{"href":"https:\/\/linitiative.ca\/International\/wp-json\/wp\/v2\/media?parent=14166"}],"wp:term":[{"taxonomy":"category","embeddable":true,"href":"https:\/\/linitiative.ca\/International\/wp-json\/wp\/v2\/categories?post=14166"},{"taxonomy":"post_tag","embeddable":true,"href":"https:\/\/linitiative.ca\/International\/wp-json\/wp\/v2\/tags?post=14166"}],"curies":[{"name":"wp","href":"https:\/\/api.w.org\/{rel}","templated":true}]}}