{"id":141662,"date":"2022-02-24T17:29:31","date_gmt":"2022-02-24T22:29:31","guid":{"rendered":"https:\/\/linitiative.ca\/International\/lutte-contre-le-terrorisme-la-clarte-de-la-vision-du-chef-de-letat-saluee\/"},"modified":"2022-02-24T17:29:31","modified_gmt":"2022-02-24T22:29:31","slug":"lutte-contre-le-terrorisme-la-clarte-de-la-vision-du-chef-de-letat-saluee","status":"publish","type":"post","link":"https:\/\/linitiative.ca\/International\/lutte-contre-le-terrorisme-la-clarte-de-la-vision-du-chef-de-letat-saluee\/","title":{"rendered":"Lutte contre le terrorisme : \u00ab La clart\u00e9 de la vision \u00bb du chef de l\u2019Etat salu\u00e9e"},"content":{"rendered":"<div>\n<p><strong>Le Pr\u00e9sident du Faso, le lieutenant-colonel Paul-Henri Sandaogo Damiba, a \u00e9chang\u00e9, le jeudi 24 f\u00e9vrier 2022 \u00e0 Ouagadougou, avec les leaders religieux, coutumiers et les notabilit\u00e9s des r\u00e9gions les plus touch\u00e9es par le terrorisme. <\/strong><\/p>\n<p>Le chef de l\u2019Etat, le lieutenant-colonel Paul-Henri Sandaogo Damiba, poursuit sa s\u00e9rie de concertations avec les diff\u00e9rentes couches sociales de la Nation dans la perspective de la refondation. Il a rencontr\u00e9, le jeudi 24 f\u00e9vrier 2022 \u00e0 Ouagadougou, les leaders religieux, coutumiers et les notabilit\u00e9s des r\u00e9gions les plus affect\u00e9es par le terrorisme. D\u2019entr\u00e9e de jeu, le pr\u00e9sident du Faso est revenu sur la situation nationale marqu\u00e9e par la crise s\u00e9curitaire qui a exacerb\u00e9 les tensions intercommunautaires et aggrav\u00e9 les fractures sociales au Burkina Faso.<\/p>\n<p>\u00ab La rencontre de ce matin est une occasion de partager avec vous notre vision et de recueillir vos diff\u00e9rentes contributions au projet de refondation du Burkina Faso \u00bb, a indiqu\u00e9 le pr\u00e9sident du Faso. Sur les raisons de la d\u00e9gradation de la situation s\u00e9curitaire dans notre pays, le chef de l\u2019Etat a soulign\u00e9 que cela r\u00e9sulte d\u2019une responsabilit\u00e9 collective. Il a \u00e9galement relev\u00e9 que le terrorisme auquel nous sommes confront\u00e9s est principalement endog\u00e8ne car ce sont des Burkinab\u00e8 qui ont pris des armes contre leur pays.<\/p>\n<p>\u00ab S\u2019ils en sont arriv\u00e9s \u00e0 ne trouver pour seul moyen d\u2019expression que la violence, cela signifie qu\u2019il y a quelque chose que nous n\u2019avons pas su faire collectivement \u00bb, a expliqu\u00e9 le pr\u00e9sident du Faso. Convaincu que la solution militaire ne suffira pas \u00e0 elle seule \u00e0 vaincre l\u2019hydre terroriste, le chef de l\u2019Etat a insist\u00e9 sur la n\u00e9cessit\u00e9 de \u00ab miser sur des r\u00e9ponses subtiles, sur d\u2019autres formes de r\u00e9ponses, sur d\u2019autres formes d\u2019actions qui peuvent compl\u00e9ter la r\u00e9ponse militaire \u00bb.<\/p>\n<figure id=\"attachment_46065\" aria-describedby=\"caption-attachment-46065\" style=\"width: 300px\" class=\"wp-caption alignleft\"><img loading=\"lazy\" decoding=\"async\" class=\"size-medium wp-image-46065\" src=\"https:\/\/linitiative.ca\/International\/wp-content\/uploads\/sites\/23\/2022\/02\/terroriste-300x200-1.gif\" alt=\"\" width=\"300\" height=\"200\" srcset=\"https:\/\/linitiative.ca\/International\/wp-content\/uploads\/sites\/23\/2022\/02\/terroriste-300x200-1.gif 300w, https:\/\/www.sidwaya.info\/wp-content\/uploads\/2022\/02\/terroriste-768x512.gif 768w, https:\/\/www.sidwaya.info\/wp-content\/uploads\/2022\/02\/terroriste-150x100.gif 150w, https:\/\/www.sidwaya.info\/wp-content\/uploads\/2022\/02\/terroriste-696x464.gif 696w, https:\/\/www.sidwaya.info\/wp-content\/uploads\/2022\/02\/terroriste-630x420.gif 630w\" sizes=\"auto, (max-width: 300px) 100vw, 300px\"><figcaption id=\"caption-attachment-46065\" class=\"wp-caption-text\">\u2026ses h\u00f4tes \u00e0 jouer pleinement leur r\u00f4le en usant de leur influence.<\/figcaption><\/figure>\n<p>Le pr\u00e9sident du Faso a invit\u00e9 les leaders religieux et coutumiers, d\u00e9positaires de nos valeurs, de nos croyances et de nos traditions, \u00e0 jouer pleinement leur r\u00f4le, en usant de leur influence. \u00ab Votre r\u00f4le est capital, votre r\u00f4le est d\u00e9cisif \u00bb, a indiqu\u00e9 le chef de l\u2019Etat. Le repr\u00e9sentant des leaders religieux, coutumiers et des notabilit\u00e9s des r\u00e9gions les plus touch\u00e9es par le terro-risme, S\u00e9kou Ba, a salu\u00e9 \u00ab la clart\u00e9 de la vision \u00bb du pr\u00e9sident du Faso dans la lutte contre le terrorisme et l\u2019extr\u00e9misme violent.<\/p>\n<p><span style=\"font-family: Verdana, BlinkMacSystemFont, -apple-system, 'Segoe UI', Roboto, Oxygen, Ubuntu, Cantarell, 'Open Sans', 'Helvetica Neue', sans-serif\">Il a r\u00e9affirm\u00e9 leur engagement ferme \u00e0 contribuer pour le retour de la paix. Pour joindre l\u2019acte \u00e0 la parole, les leaders religieux, coutumiers et les notabilit\u00e9s des r\u00e9gions les plus touch\u00e9es par le terro-risme ont remis au chef de l\u2019Etat, un re\u00e7u de 1 million F CFA attestant du d\u00e9p\u00f4t qu\u2019ils ont effectu\u00e9 dans le compte Tr\u00e9sor public, d\u00e9di\u00e9 \u00e0 la mobilisation des financements dans la lutte contre le terrorisme.<\/span><\/p>\n<p>\u00ab Dans les jours \u00e0 venir, nous allons faire des propositions pour apporter notre contribution dans la lutte contre le terrorisme et favoriser le retour du bon vivre-ensemble dans notre pays \u00bb, a soutenu S\u00e9kou Ba.<\/p>\n<p style=\"text-align: right\"><strong>Direction de la communication de la pr\u00e9sidence du Faso <\/strong><\/p>\n<p>L\u2019article <a rel=\"nofollow\" href=\"https:\/\/www.sidwaya.info\/blog\/2022\/02\/24\/lutte-contre-le-terrorisme-la-clarte-de-la-vision-du-chef-de-letat-saluee\/\">Lutte contre le terrorisme : \u00ab La clart\u00e9 de la vision \u00bb du chef de l\u2019Etat salu\u00e9e<\/a> est apparu en premier sur <a rel=\"nofollow\" href=\"https:\/\/www.sidwaya.info\/\">Quotidien Sidwaya<\/a>.<\/p>\n<\/div>\n<p>Auteur: JK. Sidwaya<br \/>\n<a href=\"https:\/\/www.sidwaya.info\/blog\/2022\/02\/24\/lutte-contre-le-terrorisme-la-clarte-de-la-vision-du-chef-de-letat-saluee\/?utm_source=rss&#038;utm_medium=rss&#038;utm_campaign=lutte-contre-le-terrorisme-la-clarte-de-la-vision-du-chef-de-letat-saluee\">Cliquez ici pour lire l&rsquo;article depuis sa source.<\/a><\/p>\n","protected":false},"excerpt":{"rendered":"<p>Le Pr\u00e9sident du Faso, le lieutenant-colonel Paul-Henri Sandaogo Damiba, a \u00e9chang\u00e9, le jeudi 24 f\u00e9vrier 2022 \u00e0 Ouagadougou, avec les leaders religieux, coutumiers et les notabilit\u00e9s des r\u00e9gions les plus touch\u00e9es par le terrorisme. Le chef de l\u2019Etat, le lieutenant-colonel Paul-Henri Sandaogo Damiba, poursuit sa s\u00e9rie de concertations avec les diff\u00e9rentes couches sociales de la [&hellip;]<\/p>\n","protected":false},"author":1816,"featured_media":0,"comment_status":"closed","ping_status":"closed","sticky":false,"template":"","format":"standard","meta":{"fifu_image_url":"https:\/\/www.sidwaya.info\/wp-content\/uploads\/2022\/02\/terroriste-300x200.gif","fifu_image_alt":"Lutte contre le terrorisme : \u00ab La clart\u00e9 de la vision \u00bb du chef de l\u2019Etat salu\u00e9e","footnotes":""},"categories":[73,81],"tags":[],"class_list":["post-141662","post","type-post","status-publish","format-standard","hentry","category-actualite","category-burkina-faso"],"_links":{"self":[{"href":"https:\/\/linitiative.ca\/International\/wp-json\/wp\/v2\/posts\/141662","targetHints":{"allow":["GET"]}}],"collection":[{"href":"https:\/\/linitiative.ca\/International\/wp-json\/wp\/v2\/posts"}],"about":[{"href":"https:\/\/linitiative.ca\/International\/wp-json\/wp\/v2\/types\/post"}],"author":[{"embeddable":true,"href":"https:\/\/linitiative.ca\/International\/wp-json\/wp\/v2\/users\/1816"}],"replies":[{"embeddable":true,"href":"https:\/\/linitiative.ca\/International\/wp-json\/wp\/v2\/comments?post=141662"}],"version-history":[{"count":0,"href":"https:\/\/linitiative.ca\/International\/wp-json\/wp\/v2\/posts\/141662\/revisions"}],"wp:attachment":[{"href":"https:\/\/linitiative.ca\/International\/wp-json\/wp\/v2\/media?parent=141662"}],"wp:term":[{"taxonomy":"category","embeddable":true,"href":"https:\/\/linitiative.ca\/International\/wp-json\/wp\/v2\/categories?post=141662"},{"taxonomy":"post_tag","embeddable":true,"href":"https:\/\/linitiative.ca\/International\/wp-json\/wp\/v2\/tags?post=141662"}],"curies":[{"name":"wp","href":"https:\/\/api.w.org\/{rel}","templated":true}]}}