{"id":141665,"date":"2022-02-24T17:44:22","date_gmt":"2022-02-24T22:44:22","guid":{"rendered":"https:\/\/linitiative.ca\/International\/lookmann-sawadogo-sg-de-lappel-de-manega-lex-president-roch-kabore-etait-lotage-du-pouvoir-et-de-son-cercle\/"},"modified":"2022-02-24T17:44:22","modified_gmt":"2022-02-24T22:44:22","slug":"lookmann-sawadogo-sg-de-lappel-de-manega-lex-president-roch-kabore-etait-lotage-du-pouvoir-et-de-son-cercle","status":"publish","type":"post","link":"https:\/\/linitiative.ca\/International\/lookmann-sawadogo-sg-de-lappel-de-manega-lex-president-roch-kabore-etait-lotage-du-pouvoir-et-de-son-cercle\/","title":{"rendered":"Lookmann Sawadogo, SG de l\u2019Appel de Man\u00e9ga : \u00ab L\u2019ex-pr\u00e9sident Roch Kabor\u00e9 \u00e9tait l\u2019otage  du pouvoir et de son cercle \u00bb"},"content":{"rendered":"<div>\n<p><strong>Une d\u00e9l\u00e9gation de l\u2019Appel de Man\u00e9ga a rendu visite \u00e0 l\u2019ancien pr\u00e9sident Roch Marc Christian Kabor\u00e9. Lookmann Sawadogo, journaliste et \u00e9crivain, secr\u00e9taire g\u00e9n\u00e9ral de l\u2019Appel de Man\u00e9ga, membre de cette d\u00e9l\u00e9gation revient dans cette interview accord\u00e9e \u00e0 Sidwaya sur l\u2019\u00e9tat d\u2019esprit du pr\u00e9sident Kabor\u00e9 et fait le point sur les missions de l\u2019Appel de Man\u00e9ga.<\/strong><\/p>\n<p><strong>S : Une d\u00e9l\u00e9gation de l\u2019Appel de Man\u00e9ga a rencontr\u00e9 l\u2019ancien pr\u00e9sident Roch Kabor\u00e9. Dans quel \u00e9tat d\u2019esprit l\u2019avez-vous trouv\u00e9 ? <\/strong><\/p>\n<p><strong>L.S. :<\/strong> Le pr\u00e9sident Kabor\u00e9 affichait un air de tranquillit\u00e9 et de soulagement. Personnellement, j\u2019ai vu un homme qui \u00e9tait normal et qui ne se lamentait pas ni n\u2019affichait d\u2019amertume. J\u2019ai cependant eu un pincement au c\u0153ur. Car, j\u2019ai eu ce fort sentiment que la charge qu\u2019il venait de d\u00e9poser l\u2019avait us\u00e9 et vid\u00e9 de son \u00e9nergie d\u00e9bordante d\u2019il y a encore 6 ou 7 ans.<\/p>\n<p>Pour \u00eatre sinc\u00e8re, je crois que le pr\u00e9sident Kabor\u00e9 \u00e9tait plut\u00f4t otage du pouvoir et de son cercle restreint les mois pass\u00e9s. Je pense que ceux-l\u00e0 qui demandaient sa d\u00e9mission n\u2019avaient peut-\u00eatre pas totalement tort. Mais je crois que quelque chose aurait peut-\u00eatre pu \u00eatre imagin\u00e9 comme une formule politique par lui-m\u00eame et son syst\u00e8me, pour qu\u2019il laisse ou d\u00e9l\u00e8gue le pouvoir. Cela aurait peut-\u00eatre permis d\u2019\u00e9viter ce qui est arriv\u00e9 par l\u2019intervention militaire. Mais encore une fois, les partisans du pr\u00e9sident Roch ne l\u2019ont pas aid\u00e9 sinc\u00e8rement face \u00e0 l\u2019enlisement \u00e9vident de son pouvoir jusqu\u2019\u00e0 la chute.<\/p>\n<p><strong>S : Vous a-t-il fait part de ses inqui\u00e9tudes ?<\/strong><\/p>\n<p><strong> L.S. :<\/strong> Il a d\u00e9clar\u00e9 \u00eatre bien trait\u00e9 par les militaires et les autorit\u00e9s actuelles sur le plan personnel. Il n\u2019y a pas de restrictions \u00e0 part qu\u2019il est en r\u00e9sidence surveill\u00e9e. Ses proches lui rendent visite et son m\u00e9decin \u00e9galement. Il dit \u00eatre trait\u00e9 avec dignit\u00e9. Ses inqui\u00e9tudes portaient plut\u00f4t sur la situation du pays et les diff\u00e9rents probl\u00e8mes cruciaux qui existent, notamment la s\u00e9curit\u00e9, la coh\u00e9sion sociale et les difficult\u00e9s financi\u00e8res de l\u2019Etat.<\/p>\n<p>Il a surtout fait cas de la n\u00e9cessit\u00e9 pour les Burkinab\u00e8 d\u2019\u00eatre solidaires et de s\u2019unir pour faire face aux d\u00e9fis urgents. Je profite de l\u2019occasion pour remercier le pr\u00e9sident Roch qui a accept\u00e9 de recevoir notre d\u00e9l\u00e9gation. De m\u00eame, je voudrais remercier les autorit\u00e9s militaires en particulier le Pr\u00e9sident du Faso, le lieutenant-colonel Paul-Henri Damiba.<\/p>\n<p>Car il est \u00e9vident que n\u2019e\u00fbt \u00e9t\u00e9 l\u2019ouverture d\u2019esprit et la grande facult\u00e9 de tol\u00e9rance de ce dernier, nous n\u2019aurions pas pu accomplir cette d\u00e9marche qui rel\u00e8ve de l\u2019humanisme et d\u2019un geste devant contribuer \u00e0 l\u2019apaisement social et politique dans un moment assez particulier.<\/p>\n<p><strong>S : Que pensez-vous du coup d\u2019Etat du 24 janvier 2022 qui semble avoir \u00e9t\u00e9 bien accueilli par la majorit\u00e9 des populations ? <\/strong><\/p>\n<p><strong>L.S. :<\/strong> Pour ma part, je remarque que le coup d\u2019Etat, bien qu\u2019il soit interdit en droit, est devenu une chose normale pour les populations. En ce sens qu\u2019il appara\u00eet malheureusement comme la seule issue face \u00e0 la mauvaise gouvernance et la faillite des \u00e9lites politiques qui utilisent le pouvoir contre les aspirations l\u00e9gitimes des populations. Les coups d\u2019Etat cesseront, je le crois, le jour o\u00f9 les dirigeants feront preuve de s\u00e9rieux, de patriotisme et d\u2019une volont\u00e9 de servir les causes justes que de piller et de spolier les peuples. Le coup d\u2019Etat que nous avons v\u00e9cu \u00e9tait appel\u00e9 par la rue et dans l\u2019espace public.<\/p>\n<p><strong>S : Le Mouvement patriotique pour la sauvegarde et la restauration (MPSR) pourra-t-il, selon vous, r\u00e9pondre aux attentes des Burkinab\u00e8 ? <\/strong><\/p>\n<p><strong>L.S. :<\/strong> Je souhaite que le Mouvement puisse efficacement et r\u00e9ellement apporter les r\u00e9ponses aux probl\u00e8mes des Burkinab\u00e8 car le peuple saigne depuis presque 10 ann\u00e9es sans stabilit\u00e9 et sans r\u00e9elle prise en charge de ses pr\u00e9occupations. Si le MPSR n\u2019y arrive pas, ce ne serait dans l\u2019int\u00e9r\u00eat de personne. Je pense que les militaires en sont conscients. Ils savent, je pense bien, qu\u2019ils n\u2019ont pas droit \u00e0 des excuses notamment pour la s\u00e9curit\u00e9. Mais ils demeurent eux aussi des humains et pourraient rencontrer des difficult\u00e9s objectives malgr\u00e9 leur bonne volont\u00e9.<\/p>\n<p>C\u2019est pourquoi j\u2019ajouterai avec insistance qu\u2019une transition n\u2019est pas un pouvoir obtenu par le suffrage ou conf\u00e9r\u00e9 par les citoyens sur la base d\u2019un programme de soci\u00e9t\u00e9 pr\u00e9alablement \u00e9tabli. C\u2019est un accident de parcours li\u00e9 \u00e0 des contingences dans la vie de l\u2019Etat. De ce fait, cela nous appelle \u00e0 ne pas se tromper d\u2019analyse afin de pouvoir contribuer fortement en tant que citoyen. Cela doit \u00eatre un moment de forte intensit\u00e9 citoyenne. Il n\u2019y a pas de couleur politique partisane particuli\u00e8re.<\/p>\n<p>C\u2019est pour dire que si nous croisons les bras ou si nous nous tenons \u00e0 distance pour dire que ce sont les militaires qui doivent diriger et apporter les solutions, cela pourrait desservir la cause nationale. Le sursaut patriotique s\u2019impose \u00e0 mon avis pour la nation et pour le pays sans calcul et sans consid\u00e9ration.<\/p>\n<p><strong>S : La lutte contre le terrorisme est de longue haleine et continue malheureusement de faire des victimes dans notre pays. Votre combat n\u2019est-il pas ardu? <\/strong><\/p>\n<p><strong>L.S.:<\/strong> Le terrorisme est un s\u00e9rieux probl\u00e8me pour la paix et la r\u00e9conciliation nationale. Car les actes terroristes eux-m\u00eames tout comme la guerre contre le terrorisme occasionnent des effets qui impactent n\u00e9gativement la paix, la coh\u00e9sion sociale, etc., notamment le repli identitaire, la stigmatisation et le lourd tribut humanitaire qui en r\u00e9sulte. Avec un grand lot de victimes, le ph\u00e9nom\u00e8ne complique davantage l\u2019action de la pacification sociale. Sidwaya<\/p>\n<p><strong>(S) : Qu\u2019est-ce qui a justifi\u00e9 la cr\u00e9ation de l\u2019Appel de Man\u00e9ga ?<\/strong><\/p>\n<p><strong> Lookmann Sawadogo (L.S.) :<\/strong> L\u2019Appel de Man\u00e9ga est n\u00e9 \u00e0 la suite du constat fait par rapport aux p\u00e9rils et menaces \u00e0 la survie nationale notamment en termes de crise s\u00e9curitaire et de divisions profondes entre les Burkinab\u00e8 devenus en quelque sorte ennemis les uns des autres. Nous avons remarqu\u00e9 que la situation de la nation empirait \u00e0 cause des effets de la haine entre les acteurs et aussi des questions identitaires latentes.<\/p>\n<p>C\u2019est au regard de ce contexte de crise multiforme que nous avons cr\u00e9\u00e9 l\u2019Appel de Man\u00e9ga pour \u0153uvrer \u00e0 la paix sociale, la coh\u00e9sion et la r\u00e9conciliation. Car dans les oppositions fratricides, la haine, la ranc\u0153ur et sans apaisement, il est difficile de faire face aux d\u00e9fis \u00e0 tous les niveaux. Nous avons vu la n\u00e9cessit\u00e9 d\u2019une action collective pour permettre une prise de conscience par rapport \u00e0 la situation.<\/p>\n<p>C\u2019est cela qui a conduit \u00e0 imaginer une formule qui a abouti \u00e0 cette initiative citoyenne de plaidoyer et d\u2019aide \u00e0 la recherche de solutions aux probl\u00e8mes du pays.<\/p>\n<p><strong>S : Quelles sont, entre autres, les activit\u00e9s-phares que vous comptez \u00e0 votre actif ? <\/strong><\/p>\n<p><strong>L.S.:<\/strong> L\u2019activit\u00e9 premi\u00e8re a \u00e9t\u00e9 l\u2019initiation de cet appel qui est un discours fort et de pouvoir faire y adh\u00e9rer des personnalit\u00e9s de tous les horizons, d\u2019ob\u00e9diences sociales et d\u2019exp\u00e9rience de la nation pour porter un seul et m\u00eame projet de soci\u00e9t\u00e9 \u00e0 savoir, la r\u00e9conciliation et la paix. Nous l\u2019avons r\u00e9ussi.<\/p>\n<p>Les cent premi\u00e8res personnalit\u00e9s signataires qui auront permis de lancer l\u2019Appel, le 15 juin 2019, comptent des personnalit\u00e9s de l\u2019opposition, de la majorit\u00e9, de la soci\u00e9t\u00e9 civile, des religieux, des coutumiers, des hauts cadres de l\u2019Etat, des sportifs, des \u00e9tudiants, des paysans, des leaders d\u2019opinion, etc.<\/p>\n<p>La seconde activit\u00e9 importante porte sur l\u2019installation du Panel des anciens pour la paix et la r\u00e9conciliation. C\u2019est-\u00e0-dire ceux que tout le monde appelle \u00ab les sages de Man\u00e9ga \u00bb qui \u00e9taient 11 et aujourd\u2019hui sont 13. Ces anciens sont des personnalit\u00e9s de grande qualit\u00e9 et de haut rang dans notre pays. Ils jouent un r\u00f4le de m\u00e9diateurs sociaux, de facilitateurs et de recours sociaux.<\/p>\n<p>A ce titre, ils ont propos\u00e9 une feuille de route pour la r\u00e9conciliation nationale en f\u00e9vrier 2020. La troisi\u00e8me grande activit\u00e9 c\u2019est la r\u00e9flexion et l\u2019appui technique aux acteurs. C\u2019est ainsi que l\u2019Appel a cr\u00e9\u00e9 un conseil scientifique et technique qui permet de faire de la r\u00e9flexion et de produire des id\u00e9es \u00e0 adresser aux gouvernants et \u00e0 l\u2019ensemble des acteurs de terrain.<\/p>\n<p>L\u2019Appel a aussi mis en place un m\u00e9canisme d\u00e9nomm\u00e9 \u00ab Tuteurs de l\u2019Appel \u00bb. Ce sont des personnes ressources, des l\u00e9gitimit\u00e9s r\u00e9gionales que nous installons comme personnalit\u00e9s et qui repr\u00e9sentent et prolongent l\u2019action de l\u2019Appel au niveau r\u00e9gional. Nous avons des Tuteurs pour le compte des r\u00e9gions des Hauts-Bassins, le Centre-Sud et le Centre-Nord. Tr\u00e8s bient\u00f4t, d\u2019autres seront install\u00e9s.<\/p>\n<p>Enfin, nous avons le prix Man\u00e9ga de la paix qui est \u00e9galement une institution de promotion et de reconnaissance des bonnes pratiques en mati\u00e8re de paix et de r\u00e9conciliation nationale. La distinction est d\u00e9cern\u00e9e aux personnes qui ont eu \u00e0 poser de grands actes ou qui ont mis en place des mod\u00e8les permettant de renforcer la paix et la r\u00e9conciliation dans la communaut\u00e9. Je r\u00e9p\u00e8te que ce n\u2019est pas un \u00ab prix Nobel \u00bb qui prime une personne pour une vie globale.<\/p>\n<p>Dans notre cas, il s\u2019agit d\u2019actes in\u00e9dits et d\u2019actions consolidantes de la paix. Nous avons organis\u00e9 plusieurs sessions de discussions d\u00e9mocratiques et des ateliers techniques. Nous ne pourrons pas citer toutes les activit\u00e9s d\u00e9j\u00e0 men\u00e9es ou qui se conduisent, car ce serait beaucoup long.<\/p>\n<p><strong>S : Cette initiative citoyenne a \u00e9t\u00e9 lanc\u00e9e en 2019. Deux ans apr\u00e8s, quel bilan pouvez-vous dresser en termes d\u2019acquis ?<\/strong><\/p>\n<p><strong> L.S. :<\/strong> Il y a beaucoup d\u2019acquis physiques et moraux. Les plus grands acquis sont l\u2019existence du Panel des anciens qui a un r\u00f4le moral et social tr\u00e8s capital dans une soci\u00e9t\u00e9 en proie aux conflits, diff\u00e9rends et autres contentieux. Le second acquis c\u2019est le lancement du processus de r\u00e9conciliation nationale par l\u2019ex-pr\u00e9sident Roch Kabor\u00e9.<\/p>\n<p>Le plaidoyer de l\u2019Appel avait donc port\u00e9 et atteint l\u2019objectif de faire prendre en compte par les autorit\u00e9s la question de la r\u00e9conciliation nationale. Je m\u2019en tiendrai \u00e0 ces deux qui suffisent amplement \u00e0 d\u00e9montrer le r\u00f4le et la contribution majeurs de l\u2019Appel \u00e0 l\u2019am\u00e9lioration de la vie nationale, \u00e0 la pacification sociale, ces deux derni\u00e8res ann\u00e9es.<\/p>\n<p style=\"text-align: right\"><strong>Interview r\u00e9alis\u00e9e par W. Aubin NANA<\/strong><\/p>\n<p>L\u2019article <a rel=\"nofollow\" href=\"https:\/\/www.sidwaya.info\/blog\/2022\/02\/24\/lookmann-sawadogo-sg-de-lappel-de-manega-lex-president-roch-kabore-etait-lotage-du-pouvoir-et-de-son-cercle\/\">Lookmann Sawadogo, SG de l\u2019Appel de Man\u00e9ga : \u00ab L\u2019ex-pr\u00e9sident Roch Kabor\u00e9 \u00e9tait l\u2019otage  du pouvoir et de son cercle \u00bb<\/a> est apparu en premier sur <a rel=\"nofollow\" href=\"https:\/\/www.sidwaya.info\/\">Quotidien Sidwaya<\/a>.<\/p>\n<\/div>\n<p>Auteur: JK. Sidwaya<br \/>\n<a href=\"https:\/\/www.sidwaya.info\/blog\/2022\/02\/24\/lookmann-sawadogo-sg-de-lappel-de-manega-lex-president-roch-kabore-etait-lotage-du-pouvoir-et-de-son-cercle\/?utm_source=rss&#038;utm_medium=rss&#038;utm_campaign=lookmann-sawadogo-sg-de-lappel-de-manega-lex-president-roch-kabore-etait-lotage-du-pouvoir-et-de-son-cercle\">Cliquez ici pour lire l&rsquo;article depuis sa source.<\/a><\/p>\n","protected":false},"excerpt":{"rendered":"<p>Une d\u00e9l\u00e9gation de l\u2019Appel de Man\u00e9ga a rendu visite \u00e0 l\u2019ancien pr\u00e9sident Roch Marc Christian Kabor\u00e9. Lookmann Sawadogo, journaliste et \u00e9crivain, secr\u00e9taire g\u00e9n\u00e9ral de l\u2019Appel de Man\u00e9ga, membre de cette d\u00e9l\u00e9gation revient dans cette interview accord\u00e9e \u00e0 Sidwaya sur l\u2019\u00e9tat d\u2019esprit du pr\u00e9sident Kabor\u00e9 et fait le point sur les missions de l\u2019Appel de Man\u00e9ga. [&hellip;]<\/p>\n","protected":false},"author":1816,"featured_media":0,"comment_status":"closed","ping_status":"closed","sticky":false,"template":"","format":"standard","meta":{"fifu_image_url":"","fifu_image_alt":"","footnotes":""},"categories":[73,81],"tags":[],"class_list":["post-141665","post","type-post","status-publish","format-standard","hentry","category-actualite","category-burkina-faso"],"_links":{"self":[{"href":"https:\/\/linitiative.ca\/International\/wp-json\/wp\/v2\/posts\/141665","targetHints":{"allow":["GET"]}}],"collection":[{"href":"https:\/\/linitiative.ca\/International\/wp-json\/wp\/v2\/posts"}],"about":[{"href":"https:\/\/linitiative.ca\/International\/wp-json\/wp\/v2\/types\/post"}],"author":[{"embeddable":true,"href":"https:\/\/linitiative.ca\/International\/wp-json\/wp\/v2\/users\/1816"}],"replies":[{"embeddable":true,"href":"https:\/\/linitiative.ca\/International\/wp-json\/wp\/v2\/comments?post=141665"}],"version-history":[{"count":0,"href":"https:\/\/linitiative.ca\/International\/wp-json\/wp\/v2\/posts\/141665\/revisions"}],"wp:attachment":[{"href":"https:\/\/linitiative.ca\/International\/wp-json\/wp\/v2\/media?parent=141665"}],"wp:term":[{"taxonomy":"category","embeddable":true,"href":"https:\/\/linitiative.ca\/International\/wp-json\/wp\/v2\/categories?post=141665"},{"taxonomy":"post_tag","embeddable":true,"href":"https:\/\/linitiative.ca\/International\/wp-json\/wp\/v2\/tags?post=141665"}],"curies":[{"name":"wp","href":"https:\/\/api.w.org\/{rel}","templated":true}]}}