{"id":141666,"date":"2022-02-24T14:18:03","date_gmt":"2022-02-24T19:18:03","guid":{"rendered":"https:\/\/linitiative.ca\/International\/guerre-en-ukraine-lua-appelle-a-un-cessez-le-feu\/"},"modified":"2022-02-24T14:18:03","modified_gmt":"2022-02-24T19:18:03","slug":"guerre-en-ukraine-lua-appelle-a-un-cessez-le-feu","status":"publish","type":"post","link":"https:\/\/linitiative.ca\/International\/guerre-en-ukraine-lua-appelle-a-un-cessez-le-feu\/","title":{"rendered":"Guerre en Ukraine: l\u2019UA appelle \u00e0 un cessez-le-feu"},"content":{"rendered":"<div>\n<p><img decoding=\"async\" width=\"291\" height=\"173\" src=\"https:\/\/linitiative.ca\/International\/wp-content\/uploads\/sites\/23\/2022\/02\/16457302832220.jpg\" class=\"attachment-post-thumbnail size-post-thumbnail wp-post-image\" alt=\"\" loading=\"lazy\"><\/p>\n<p>L&rsquo;Union africaine (UA) a exprim\u00e9 jeudi \u00ab\u00a0son extr\u00eame pr\u00e9occupation face \u00e0 la tr\u00e8s grave et dangereuse situation cr\u00e9\u00e9e en Ukraine\u00a0\u00bb, appelant \u00e0 \u00ab\u00a0un cessez-le-feu \u00a0 et \u00e0 l&rsquo;ouverture sans d\u00e9lai de n\u00e9gociations politiques sous l&rsquo;\u00e9gide des Nations Unies\u00a0\u00bb.Dans une d\u00e9claration conjointe, le pr\u00e9sident en exercice de l&rsquo;Union africaine et pr\u00e9sident du S\u00e9n\u00e9gal, Macky Sall, et le pr\u00e9sident de la Commission de l&rsquo;Union africaine, Moussa Faki Mahamat, ont exprim\u00e9 \u00ab\u00a0leur extr\u00eame pr\u00e9occupation face \u00e0 la tr\u00e8s grave et dangereuse situation cr\u00e9\u00e9e en Ukraine\u00a0\u00bb.<\/p>\n<p>Ils \u00a0\u00ab\u00a0appellent la f\u00e9d\u00e9ration de Russie et tout autre acteur r\u00e9gional ou international au respect imp\u00e9ratif du droit international, de l&rsquo;int\u00e9grit\u00e9 territoriale et de la souverainet\u00e9 nationale de l&rsquo;Ukraine\u00a0\u00bb.<\/p>\n<p>Ils exhortent, par ailleurs, \u00ab\u00a0les deux parties \u00e0 l&rsquo;instauration imm\u00e9diate d&rsquo;un cessez -e-feu et \u00e0 l&rsquo;ouverture sans d\u00e9lai de n\u00e9gociations politiques sous l&rsquo;\u00e9gide des Nations Unies, afin de pr\u00e9server le monde des cons\u00e9quences d&rsquo;un conflit plan\u00e9taire, pour la paix et la stabilit\u00e9 dans les relations internationales au service de tous les peuples du monde\u00a0\u00bb, lit-on dans cette d\u00e9claration.<\/p>\n<p>La Russie a lanc\u00e9 une op\u00e9ration militaire contre l&rsquo;Ukraine dans la nuit de mercredi \u00e0 jeudi. L&rsquo;attaque a \u00e9t\u00e9 d\u00e9nonc\u00e9e par l&rsquo;Union europ\u00e9enne qui a indiqu\u00e9 que de nouvelles sanctions seront inflig\u00e9es \u00e0 Moscou.<\/p>\n<p>Cet article <a rel=\"nofollow\" href=\"https:\/\/www.journalducameroun.com\/guerre-en-ukraine-lua-appelle-a-un-cessez-le-feu\/\">Guerre en Ukraine: l\u2019UA appelle \u00e0 un cessez-le-feu<\/a> est apparu en premier sur <a rel=\"nofollow\" href=\"https:\/\/www.journalducameroun.com\/\">Journal du Cameroun<\/a>.<\/p>\n<\/div>\n<p>Auteur: APA News<br \/>\n<a href=\"https:\/\/www.journalducameroun.com\/guerre-en-ukraine-lua-appelle-a-un-cessez-le-feu\/\">Cliquez ici pour lire l&rsquo;article depuis sa source.<\/a><\/p>\n","protected":false},"excerpt":{"rendered":"<p>L&rsquo;Union africaine (UA) a exprim\u00e9 jeudi \u00ab\u00a0son extr\u00eame pr\u00e9occupation face \u00e0 la tr\u00e8s grave et dangereuse situation cr\u00e9\u00e9e en Ukraine\u00a0\u00bb, appelant \u00e0 \u00ab\u00a0un cessez-le-feu \u00a0 et \u00e0 l&rsquo;ouverture sans d\u00e9lai de n\u00e9gociations politiques sous l&rsquo;\u00e9gide des Nations Unies\u00a0\u00bb.Dans une d\u00e9claration conjointe, le pr\u00e9sident en exercice de l&rsquo;Union africaine et pr\u00e9sident du S\u00e9n\u00e9gal, Macky Sall, et [&hellip;]<\/p>\n","protected":false},"author":1965,"featured_media":0,"comment_status":"closed","ping_status":"closed","sticky":false,"template":"","format":"standard","meta":{"fifu_image_url":"https:\/\/www.journalducameroun.com\/wp-content\/uploads\/2022\/02\/16457302832220.jpg","fifu_image_alt":"Guerre en Ukraine: l\u2019UA appelle \u00e0 un cessez-le-feu","footnotes":""},"categories":[73,82],"tags":[],"class_list":["post-141666","post","type-post","status-publish","format-standard","hentry","category-actualite","category-cameroun"],"_links":{"self":[{"href":"https:\/\/linitiative.ca\/International\/wp-json\/wp\/v2\/posts\/141666","targetHints":{"allow":["GET"]}}],"collection":[{"href":"https:\/\/linitiative.ca\/International\/wp-json\/wp\/v2\/posts"}],"about":[{"href":"https:\/\/linitiative.ca\/International\/wp-json\/wp\/v2\/types\/post"}],"author":[{"embeddable":true,"href":"https:\/\/linitiative.ca\/International\/wp-json\/wp\/v2\/users\/1965"}],"replies":[{"embeddable":true,"href":"https:\/\/linitiative.ca\/International\/wp-json\/wp\/v2\/comments?post=141666"}],"version-history":[{"count":0,"href":"https:\/\/linitiative.ca\/International\/wp-json\/wp\/v2\/posts\/141666\/revisions"}],"wp:attachment":[{"href":"https:\/\/linitiative.ca\/International\/wp-json\/wp\/v2\/media?parent=141666"}],"wp:term":[{"taxonomy":"category","embeddable":true,"href":"https:\/\/linitiative.ca\/International\/wp-json\/wp\/v2\/categories?post=141666"},{"taxonomy":"post_tag","embeddable":true,"href":"https:\/\/linitiative.ca\/International\/wp-json\/wp\/v2\/tags?post=141666"}],"curies":[{"name":"wp","href":"https:\/\/api.w.org\/{rel}","templated":true}]}}