{"id":141668,"date":"2022-02-24T15:18:03","date_gmt":"2022-02-24T20:18:03","guid":{"rendered":"https:\/\/linitiative.ca\/International\/somalie-un-soldat-de-lamisom-tue-dans-lexplosion-dune-bombe\/"},"modified":"2022-02-24T15:18:03","modified_gmt":"2022-02-24T20:18:03","slug":"somalie-un-soldat-de-lamisom-tue-dans-lexplosion-dune-bombe","status":"publish","type":"post","link":"https:\/\/linitiative.ca\/International\/somalie-un-soldat-de-lamisom-tue-dans-lexplosion-dune-bombe\/","title":{"rendered":"Somalie : un soldat de l\u2019Amisom tu\u00e9 dans l\u2019explosion d\u2019une bombe"},"content":{"rendered":"<div>\n<p><img decoding=\"async\" width=\"1080\" height=\"595\" src=\"https:\/\/linitiative.ca\/International\/wp-content\/uploads\/sites\/23\/2022\/02\/16457338838701.jpg\" class=\"attachment-post-thumbnail size-post-thumbnail wp-post-image\" alt=\"\" loading=\"lazy\" srcset=\"https:\/\/linitiative.ca\/International\/wp-content\/uploads\/sites\/23\/2022\/02\/16457338838701.jpg 1080w, https:\/\/www.journalducameroun.com\/wp-content\/uploads\/2022\/02\/16457338838701-300x165.jpg 300w, https:\/\/www.journalducameroun.com\/wp-content\/uploads\/2022\/02\/16457338838701-1024x564.jpg 1024w, https:\/\/www.journalducameroun.com\/wp-content\/uploads\/2022\/02\/16457338838701-768x423.jpg 768w, https:\/\/www.journalducameroun.com\/wp-content\/uploads\/2022\/02\/16457338838701-799x440.jpg 799w, https:\/\/www.journalducameroun.com\/wp-content\/uploads\/2022\/02\/16457338838701-600x331.jpg 600w\" sizes=\"auto, (max-width: 1080px) 100vw, 1080px\"><\/p>\n<p>La Mission de l&rsquo;Union Africaine en Somalie (Amisom), outre la mort d&rsquo;un \u00c9thiopien, d\u00e9plore la blessure de deux autres soldats.Un groupe de soldats \u00e9thiopiens a saut\u00e9, hier mercredi, sur une mine plac\u00e9e pr\u00e8s d&rsquo;un puits \u00e0 Wajid, au Sud-Ouest de la Somalie. Cette voie est fr\u00e9quemment utilis\u00e9e par les forces de la Mission de l&rsquo;Union Africaine en Somalie (Amisom) d&rsquo;apr\u00e8s Adan Isak, le responsable de la s\u00e9curit\u00e9.<\/p>\n<p>L&rsquo;attaque a \u00e9t\u00e9 revendiqu\u00e9e par Al-Shabab. R\u00e9cemment, le groupe islamiste a perdu au moins 60 hommes, dont un haut responsable, lors d&rsquo;une offensive de l&rsquo;arm\u00e9e somalienne.<\/p>\n<p>Cet article <a rel=\"nofollow\" href=\"https:\/\/www.journalducameroun.com\/somalie-un-soldat-de-lamisom-tue-dans-lexplosion-dune-bombe\/\">Somalie : un soldat de l\u2019Amisom tu\u00e9 dans l\u2019explosion d\u2019une bombe<\/a> est apparu en premier sur <a rel=\"nofollow\" href=\"https:\/\/www.journalducameroun.com\/\">Journal du Cameroun<\/a>.<\/p>\n<\/div>\n<p>Auteur: APA News<br \/>\n<a href=\"https:\/\/www.journalducameroun.com\/somalie-un-soldat-de-lamisom-tue-dans-lexplosion-dune-bombe\/\">Cliquez ici pour lire l&rsquo;article depuis sa source.<\/a><\/p>\n","protected":false},"excerpt":{"rendered":"<p>La Mission de l&rsquo;Union Africaine en Somalie (Amisom), outre la mort d&rsquo;un \u00c9thiopien, d\u00e9plore la blessure de deux autres soldats.Un groupe de soldats \u00e9thiopiens a saut\u00e9, hier mercredi, sur une mine plac\u00e9e pr\u00e8s d&rsquo;un puits \u00e0 Wajid, au Sud-Ouest de la Somalie. Cette voie est fr\u00e9quemment utilis\u00e9e par les forces de la Mission de l&rsquo;Union [&hellip;]<\/p>\n","protected":false},"author":1965,"featured_media":0,"comment_status":"closed","ping_status":"closed","sticky":false,"template":"","format":"standard","meta":{"fifu_image_url":"https:\/\/www.journalducameroun.com\/wp-content\/uploads\/2022\/02\/16457338838701.jpg","fifu_image_alt":"Somalie : un soldat de l\u2019Amisom tu\u00e9 dans l\u2019explosion d\u2019une bombe","footnotes":""},"categories":[73,82],"tags":[],"class_list":["post-141668","post","type-post","status-publish","format-standard","hentry","category-actualite","category-cameroun"],"_links":{"self":[{"href":"https:\/\/linitiative.ca\/International\/wp-json\/wp\/v2\/posts\/141668","targetHints":{"allow":["GET"]}}],"collection":[{"href":"https:\/\/linitiative.ca\/International\/wp-json\/wp\/v2\/posts"}],"about":[{"href":"https:\/\/linitiative.ca\/International\/wp-json\/wp\/v2\/types\/post"}],"author":[{"embeddable":true,"href":"https:\/\/linitiative.ca\/International\/wp-json\/wp\/v2\/users\/1965"}],"replies":[{"embeddable":true,"href":"https:\/\/linitiative.ca\/International\/wp-json\/wp\/v2\/comments?post=141668"}],"version-history":[{"count":0,"href":"https:\/\/linitiative.ca\/International\/wp-json\/wp\/v2\/posts\/141668\/revisions"}],"wp:attachment":[{"href":"https:\/\/linitiative.ca\/International\/wp-json\/wp\/v2\/media?parent=141668"}],"wp:term":[{"taxonomy":"category","embeddable":true,"href":"https:\/\/linitiative.ca\/International\/wp-json\/wp\/v2\/categories?post=141668"},{"taxonomy":"post_tag","embeddable":true,"href":"https:\/\/linitiative.ca\/International\/wp-json\/wp\/v2\/tags?post=141668"}],"curies":[{"name":"wp","href":"https:\/\/api.w.org\/{rel}","templated":true}]}}