{"id":141670,"date":"2022-02-24T16:18:03","date_gmt":"2022-02-24T21:18:03","guid":{"rendered":"https:\/\/linitiative.ca\/International\/crise-ukrainienne-pas-dimpact-sur-lapprovisionnement-du-marche-marocain\/"},"modified":"2022-02-24T16:18:03","modified_gmt":"2022-02-24T21:18:03","slug":"crise-ukrainienne-pas-dimpact-sur-lapprovisionnement-du-marche-marocain","status":"publish","type":"post","link":"https:\/\/linitiative.ca\/International\/crise-ukrainienne-pas-dimpact-sur-lapprovisionnement-du-marche-marocain\/","title":{"rendered":"Crise ukrainienne : pas d\u2019impact sur l\u2019approvisionnement du march\u00e9 marocain"},"content":{"rendered":"<div>\n<p><img decoding=\"async\" width=\"920\" height=\"490\" src=\"https:\/\/linitiative.ca\/International\/wp-content\/uploads\/sites\/23\/2022\/02\/16457374841452.jpg\" class=\"attachment-post-thumbnail size-post-thumbnail wp-post-image\" alt=\"\" loading=\"lazy\" srcset=\"https:\/\/linitiative.ca\/International\/wp-content\/uploads\/sites\/23\/2022\/02\/16457374841452.jpg 920w, https:\/\/www.journalducameroun.com\/wp-content\/uploads\/2022\/02\/16457374841452-300x160.jpg 300w, https:\/\/www.journalducameroun.com\/wp-content\/uploads\/2022\/02\/16457374841452-768x409.jpg 768w, https:\/\/www.journalducameroun.com\/wp-content\/uploads\/2022\/02\/16457374841452-826x440.jpg 826w, https:\/\/www.journalducameroun.com\/wp-content\/uploads\/2022\/02\/16457374841452-600x320.jpg 600w\" sizes=\"auto, (max-width: 920px) 100vw, 920px\"><\/p>\n<p>La crise russo-ukrainienne n&rsquo;aura aucun impact sur l&rsquo;approvisionnement du march\u00e9 marocain, a assur\u00e9, jeudi \u00e0 Rabat, le porte-parole du gouvernement, \u00a0Mustapha Baitas.\u00a0\u00bbCe conflit n&rsquo;aura pas d&rsquo;impact sur l&rsquo;approvisionnement du march\u00e9 marocain et la fourniture des denr\u00e9es n\u00e9cessaires\u00a0\u00bb, a-t-il d\u00e9clar\u00e9 lors d&rsquo;un point de presse \u00e0 l&rsquo;issue du Conseil de gouvernement, notant dans ce contexte que le gouvernement a pris l&rsquo;initiative durant les mois de janvier et f\u00e9vrier d&rsquo;importer des quantit\u00e9s importantes de bl\u00e9.<\/p>\n<p>Le responsable a d\u00e9clar\u00e9 que le stock national de bl\u00e9 tendre et dur a \u00e9t\u00e9 renforc\u00e9, ajoutant que le gouvernement prendra les mesures n\u00e9cessaires pour r\u00e9duire l&rsquo;impact de l&rsquo;augmentation des prix de certains produits de consommation.<\/p>\n<p>Concernant la possibilit\u00e9 de promulguer une loi de finances rectificative en lien avec le contexte g\u00e9opolitique international, Baitas a \u00e9cart\u00e9 cette hypoth\u00e8se. \u00ab\u00a0Il n&rsquo;y a pas lieu de modifier la loi de finances, le gouvernement disposant d&rsquo;une marge de man\u0153uvre pour faire face \u00e0 un ensemble de contraintes impos\u00e9es par le contexte international et suivre de pr\u00e8s les prix des denr\u00e9es alimentaires\u00a0\u00bb, a-t-il dit.<\/p>\n<p>L&rsquo;Ukraine a \u00e9t\u00e9 attaqu\u00e9e jeudi par la Russie le long des fronti\u00e8res russe et depuis la p\u00e9ninsule ukrainienne de Crim\u00e9e, annex\u00e9e par Moscou en 2014, selon un communiqu\u00e9 les garde-fronti\u00e8res ukrainiens.<\/p>\n<p>\u00ab\u00a0La fronti\u00e8re d&rsquo;\u00c9tat ukrainienne a \u00e9t\u00e9 attaqu\u00e9e par des troupes russes depuis la Russie et le B\u00e9larus\u00a0\u00bb, a pr\u00e9cis\u00e9 la m\u00eame source.<\/p>\n<p>\u00ab\u00a0Des attaques sur les unit\u00e9s aux fronti\u00e8res et les points de contr\u00f4le se font avec usage d&rsquo;artillerie, d&rsquo;\u00e9quipements lourds et d&rsquo;armes l\u00e9g\u00e8res\u00a0\u00bb, ajoute-t-on.<\/p>\n<p>Cet article <a rel=\"nofollow\" href=\"https:\/\/www.journalducameroun.com\/crise-ukrainienne-pas-dimpact-sur-lapprovisionnement-du-marche-marocain\/\">Crise ukrainienne : pas d\u2019impact sur l\u2019approvisionnement du march\u00e9 marocain<\/a> est apparu en premier sur <a rel=\"nofollow\" href=\"https:\/\/www.journalducameroun.com\/\">Journal du Cameroun<\/a>.<\/p>\n<\/div>\n<p>Auteur: APA News<br \/>\n<a href=\"https:\/\/www.journalducameroun.com\/crise-ukrainienne-pas-dimpact-sur-lapprovisionnement-du-marche-marocain\/\">Cliquez ici pour lire l&rsquo;article depuis sa source.<\/a><\/p>\n","protected":false},"excerpt":{"rendered":"<p>La crise russo-ukrainienne n&rsquo;aura aucun impact sur l&rsquo;approvisionnement du march\u00e9 marocain, a assur\u00e9, jeudi \u00e0 Rabat, le porte-parole du gouvernement, \u00a0Mustapha Baitas.\u00a0\u00bbCe conflit n&rsquo;aura pas d&rsquo;impact sur l&rsquo;approvisionnement du march\u00e9 marocain et la fourniture des denr\u00e9es n\u00e9cessaires\u00a0\u00bb, a-t-il d\u00e9clar\u00e9 lors d&rsquo;un point de presse \u00e0 l&rsquo;issue du Conseil de gouvernement, notant dans ce contexte que [&hellip;]<\/p>\n","protected":false},"author":1965,"featured_media":0,"comment_status":"closed","ping_status":"closed","sticky":false,"template":"","format":"standard","meta":{"fifu_image_url":"https:\/\/www.journalducameroun.com\/wp-content\/uploads\/2022\/02\/16457374841452.jpg","fifu_image_alt":"Crise ukrainienne : pas d\u2019impact sur l\u2019approvisionnement du march\u00e9 marocain","footnotes":""},"categories":[73,82],"tags":[],"class_list":["post-141670","post","type-post","status-publish","format-standard","hentry","category-actualite","category-cameroun"],"_links":{"self":[{"href":"https:\/\/linitiative.ca\/International\/wp-json\/wp\/v2\/posts\/141670","targetHints":{"allow":["GET"]}}],"collection":[{"href":"https:\/\/linitiative.ca\/International\/wp-json\/wp\/v2\/posts"}],"about":[{"href":"https:\/\/linitiative.ca\/International\/wp-json\/wp\/v2\/types\/post"}],"author":[{"embeddable":true,"href":"https:\/\/linitiative.ca\/International\/wp-json\/wp\/v2\/users\/1965"}],"replies":[{"embeddable":true,"href":"https:\/\/linitiative.ca\/International\/wp-json\/wp\/v2\/comments?post=141670"}],"version-history":[{"count":0,"href":"https:\/\/linitiative.ca\/International\/wp-json\/wp\/v2\/posts\/141670\/revisions"}],"wp:attachment":[{"href":"https:\/\/linitiative.ca\/International\/wp-json\/wp\/v2\/media?parent=141670"}],"wp:term":[{"taxonomy":"category","embeddable":true,"href":"https:\/\/linitiative.ca\/International\/wp-json\/wp\/v2\/categories?post=141670"},{"taxonomy":"post_tag","embeddable":true,"href":"https:\/\/linitiative.ca\/International\/wp-json\/wp\/v2\/tags?post=141670"}],"curies":[{"name":"wp","href":"https:\/\/api.w.org\/{rel}","templated":true}]}}