{"id":141672,"date":"2022-02-24T16:18:04","date_gmt":"2022-02-24T21:18:04","guid":{"rendered":"https:\/\/linitiative.ca\/International\/maroc-le-gouvernement-decide-de-rouvrir-les-stades\/"},"modified":"2022-02-24T16:18:04","modified_gmt":"2022-02-24T21:18:04","slug":"maroc-le-gouvernement-decide-de-rouvrir-les-stades","status":"publish","type":"post","link":"https:\/\/linitiative.ca\/International\/maroc-le-gouvernement-decide-de-rouvrir-les-stades\/","title":{"rendered":"Maroc : Le gouvernement d\u00e9cide de rouvrir les stades"},"content":{"rendered":"<div>\n<p><img decoding=\"async\" width=\"290\" height=\"174\" src=\"https:\/\/linitiative.ca\/International\/wp-content\/uploads\/sites\/23\/2022\/02\/16457374848454.jpg\" class=\"attachment-post-thumbnail size-post-thumbnail wp-post-image\" alt=\"\" loading=\"lazy\"><\/p>\n<p>Le gouvernement a d\u00e9cid\u00e9 la r\u00e9ouverture des stades devant le grand public, a annonc\u00e9 un communiqu\u00e9 du d\u00e9partement du chef du gouvernement, Aziz Akhannouch.Ce dernier a re\u00e7u, ce jeudi 24 f\u00e9vrier, le pr\u00e9sident de la F\u00e9d\u00e9ration royale marocaine de football (FRMF), Fouzi Lekjaa, pour discuter de la r\u00e9ouverture des stades devant le public, explique ledit communiqu\u00e9.<\/p>\n<p>La d\u00e9cision a \u00e9t\u00e9 prise conform\u00e9ment aux dispositions juridiques relatives \u00e0 la gestion de l&rsquo;\u00e9tat d&rsquo;urgence sanitaire et suivant les recommandations du comit\u00e9 scientifique et technique tout en prenant en consid\u00e9ration l&rsquo;\u00e9volution positive de la situation \u00e9pid\u00e9miologique dans le Royaume.<\/p>\n<p>Akhannouch a exhort\u00e9 le pr\u00e9sident de la FRMF \u00e0 prendre toutes les dispositions et mesures susceptibles d&rsquo;assurer la mise en \u0153uvre de cette d\u00e9cision.<\/p>\n<p>A cet effet, Fouzi Lekjaa s&rsquo;est r\u00e9uni avec le Comit\u00e9 directeur de la FRMF en pr\u00e9sence des pr\u00e9sidents des clubs et a annonc\u00e9 que le public pourrait revenir d\u00e8s ce weekend pour les matchs de la Ligue des Champions et de la Coupe de la CAF.<\/p>\n<p>Le Raja accueille, ce vendredi, le Horoya Conakry, dans le cadre de la troisi\u00e8me journ\u00e9e de la phase de groupe de la \u00a0C1. Le Wydad re\u00e7oit le Zamalek, pour la m\u00eame comp\u00e9tition, samedi. Et dimanche, la Renaissance de Berkane sera l&rsquo;h\u00f4te de Simba SC (Tanzanie), pour le compte de la 3e journ\u00e9e de la phase de groupes de la C3.<\/p>\n<p>Toutefois, cette option est conditionn\u00e9e \u00e0 l&rsquo;aval de la Conf\u00e9d\u00e9ration africaine de football. Le patron de la FRMF a d\u00e9clar\u00e9 avoir envoy\u00e9 une demande \u00e0 la CAF et qu&rsquo;il attendait la r\u00e9ponse du pr\u00e9sident Patrice Motsepe, ce soir.<\/p>\n<p>Concernant les clubs du championnat marocain, dans ses deux divisions, ils peuvent accueillir leur public respectif d\u00e8s la 18e journ\u00e9e, qui d\u00e9bute vendredi 25 f\u00e9vrier.<\/p>\n<p>Cet article <a rel=\"nofollow\" href=\"https:\/\/www.journalducameroun.com\/maroc-le-gouvernement-decide-de-rouvrir-les-stades\/\">Maroc : Le gouvernement d\u00e9cide de rouvrir les stades<\/a> est apparu en premier sur <a rel=\"nofollow\" href=\"https:\/\/www.journalducameroun.com\/\">Journal du Cameroun<\/a>.<\/p>\n<\/div>\n<p>Auteur: APA News<br \/>\n<a href=\"https:\/\/www.journalducameroun.com\/maroc-le-gouvernement-decide-de-rouvrir-les-stades\/\">Cliquez ici pour lire l&rsquo;article depuis sa source.<\/a><\/p>\n","protected":false},"excerpt":{"rendered":"<p>Le gouvernement a d\u00e9cid\u00e9 la r\u00e9ouverture des stades devant le grand public, a annonc\u00e9 un communiqu\u00e9 du d\u00e9partement du chef du gouvernement, Aziz Akhannouch.Ce dernier a re\u00e7u, ce jeudi 24 f\u00e9vrier, le pr\u00e9sident de la F\u00e9d\u00e9ration royale marocaine de football (FRMF), Fouzi Lekjaa, pour discuter de la r\u00e9ouverture des stades devant le public, explique ledit [&hellip;]<\/p>\n","protected":false},"author":1965,"featured_media":0,"comment_status":"closed","ping_status":"closed","sticky":false,"template":"","format":"standard","meta":{"fifu_image_url":"https:\/\/www.journalducameroun.com\/wp-content\/uploads\/2022\/02\/16457374848454.jpg","fifu_image_alt":"Maroc : Le gouvernement d\u00e9cide de rouvrir les stades","footnotes":""},"categories":[73,82],"tags":[],"class_list":["post-141672","post","type-post","status-publish","format-standard","hentry","category-actualite","category-cameroun"],"_links":{"self":[{"href":"https:\/\/linitiative.ca\/International\/wp-json\/wp\/v2\/posts\/141672","targetHints":{"allow":["GET"]}}],"collection":[{"href":"https:\/\/linitiative.ca\/International\/wp-json\/wp\/v2\/posts"}],"about":[{"href":"https:\/\/linitiative.ca\/International\/wp-json\/wp\/v2\/types\/post"}],"author":[{"embeddable":true,"href":"https:\/\/linitiative.ca\/International\/wp-json\/wp\/v2\/users\/1965"}],"replies":[{"embeddable":true,"href":"https:\/\/linitiative.ca\/International\/wp-json\/wp\/v2\/comments?post=141672"}],"version-history":[{"count":0,"href":"https:\/\/linitiative.ca\/International\/wp-json\/wp\/v2\/posts\/141672\/revisions"}],"wp:attachment":[{"href":"https:\/\/linitiative.ca\/International\/wp-json\/wp\/v2\/media?parent=141672"}],"wp:term":[{"taxonomy":"category","embeddable":true,"href":"https:\/\/linitiative.ca\/International\/wp-json\/wp\/v2\/categories?post=141672"},{"taxonomy":"post_tag","embeddable":true,"href":"https:\/\/linitiative.ca\/International\/wp-json\/wp\/v2\/tags?post=141672"}],"curies":[{"name":"wp","href":"https:\/\/api.w.org\/{rel}","templated":true}]}}