{"id":141674,"date":"2022-02-24T16:18:04","date_gmt":"2022-02-24T21:18:04","guid":{"rendered":"https:\/\/linitiative.ca\/International\/cedeao-la-cour-de-justice-plaide-pour-lharmonisation-des-systemes-judiciaires\/"},"modified":"2022-02-24T16:18:04","modified_gmt":"2022-02-24T21:18:04","slug":"cedeao-la-cour-de-justice-plaide-pour-lharmonisation-des-systemes-judiciaires","status":"publish","type":"post","link":"https:\/\/linitiative.ca\/International\/cedeao-la-cour-de-justice-plaide-pour-lharmonisation-des-systemes-judiciaires\/","title":{"rendered":"C\u00e9d\u00e9ao : la Cour de justice plaide pour l\u2019harmonisation des syst\u00e8mes judiciaires"},"content":{"rendered":"<div>\n<p><img decoding=\"async\" width=\"755\" height=\"449\" src=\"https:\/\/linitiative.ca\/International\/wp-content\/uploads\/sites\/23\/2022\/02\/16457374852074.jpg\" class=\"attachment-post-thumbnail size-post-thumbnail wp-post-image\" alt=\"\" loading=\"lazy\" srcset=\"https:\/\/linitiative.ca\/International\/wp-content\/uploads\/sites\/23\/2022\/02\/16457374852074.jpg 755w, https:\/\/www.journalducameroun.com\/wp-content\/uploads\/2022\/02\/16457374852074-300x178.jpg 300w, https:\/\/www.journalducameroun.com\/wp-content\/uploads\/2022\/02\/16457374852074-740x440.jpg 740w, https:\/\/www.journalducameroun.com\/wp-content\/uploads\/2022\/02\/16457374852074-600x357.jpg 600w\" sizes=\"auto, (max-width: 755px) 100vw, 755px\"><\/p>\n<p>Edward Amoako Asante, le pr\u00e9sident de la juridiction r\u00e9gionale, souhaite davantage que le droit communautaire corresponde aux lois en vigueur dans les \u00c9tats membres.Achever l&rsquo;int\u00e9gration juridique au sein de la Communaut\u00e9 \u00e9conomique des \u00c9tats de l&rsquo;Afrique de l&rsquo;Ouest (C\u00e9d\u00e9ao), c&rsquo;est l&rsquo;objectif d&rsquo;Edward Amoako Asante. Le pr\u00e9sident de la Cour de justice de la C\u00e9d\u00e9ao a d\u00e9clar\u00e9 qu&rsquo; \u00ab il est de la plus haute importance que les \u00c9tats membres transposent dans leur l\u00e9gislation nationale le Trait\u00e9 r\u00e9vis\u00e9 de la C\u00e9d\u00e9ao de 1993<br \/>\n\tainsi que les protocoles et les actes additionnels de la communaut\u00e9\u00a0\u00bb.<\/p>\n<p>Il s&rsquo;exprimait hier mercredi \u00e0 Kwara, dans le Nord du Nigeria, lors d&rsquo;un forum destin\u00e9 aux juges, magistrats et fonctionnaires de la Justice. Cette activit\u00e9 s&rsquo;inscrit dans le cadre d&rsquo;une campagne de sensibilisation de la Cour de justice de la C\u00e9d\u00e9ao.<\/p>\n<p>Dans son propos, Edward Amoako Asante a soulign\u00e9 la n\u00e9cessit\u00e9 \u00ab\u00a0d&rsquo;approfondir les relations entre les juges de la Cour de justice de la C\u00e9d\u00e9ao et les tribunaux nationaux des \u00c9tats membres \u00bb.<\/p>\n<p>Pour lui, c&rsquo;est \u00ab crucial \u00bb dans le processus d&rsquo;int\u00e9gration. Le pr\u00e9sident de la Cour de justice de la C\u00e9d\u00e9ao n&rsquo;a pas manqu\u00e9 de rappeler que sa juridiction n&rsquo;est pas en concurrence avec les tribunaux nationaux. Au contraire, a affirm\u00e9 le juge, leurs r\u00f4les sont \u00ab compl\u00e9mentaires \u00bb.<\/p>\n<p>Cet article <a rel=\"nofollow\" href=\"https:\/\/www.journalducameroun.com\/cedeao-la-cour-de-justice-plaide-pour-lharmonisation-des-systemes-judiciaires\/\">C\u00e9d\u00e9ao : la Cour de justice plaide pour l\u2019harmonisation des syst\u00e8mes judiciaires<\/a> est apparu en premier sur <a rel=\"nofollow\" href=\"https:\/\/www.journalducameroun.com\/\">Journal du Cameroun<\/a>.<\/p>\n<\/div>\n<p>Auteur: APA News<br \/>\n<a href=\"https:\/\/www.journalducameroun.com\/cedeao-la-cour-de-justice-plaide-pour-lharmonisation-des-systemes-judiciaires\/\">Cliquez ici pour lire l&rsquo;article depuis sa source.<\/a><\/p>\n","protected":false},"excerpt":{"rendered":"<p>Edward Amoako Asante, le pr\u00e9sident de la juridiction r\u00e9gionale, souhaite davantage que le droit communautaire corresponde aux lois en vigueur dans les \u00c9tats membres.Achever l&rsquo;int\u00e9gration juridique au sein de la Communaut\u00e9 \u00e9conomique des \u00c9tats de l&rsquo;Afrique de l&rsquo;Ouest (C\u00e9d\u00e9ao), c&rsquo;est l&rsquo;objectif d&rsquo;Edward Amoako Asante. Le pr\u00e9sident de la Cour de justice de la C\u00e9d\u00e9ao a [&hellip;]<\/p>\n","protected":false},"author":1965,"featured_media":0,"comment_status":"closed","ping_status":"closed","sticky":false,"template":"","format":"standard","meta":{"fifu_image_url":"https:\/\/www.journalducameroun.com\/wp-content\/uploads\/2022\/02\/16457374852074.jpg","fifu_image_alt":"C\u00e9d\u00e9ao : la Cour de justice plaide pour l\u2019harmonisation des syst\u00e8mes judiciaires","footnotes":""},"categories":[73,82],"tags":[],"class_list":["post-141674","post","type-post","status-publish","format-standard","hentry","category-actualite","category-cameroun"],"_links":{"self":[{"href":"https:\/\/linitiative.ca\/International\/wp-json\/wp\/v2\/posts\/141674","targetHints":{"allow":["GET"]}}],"collection":[{"href":"https:\/\/linitiative.ca\/International\/wp-json\/wp\/v2\/posts"}],"about":[{"href":"https:\/\/linitiative.ca\/International\/wp-json\/wp\/v2\/types\/post"}],"author":[{"embeddable":true,"href":"https:\/\/linitiative.ca\/International\/wp-json\/wp\/v2\/users\/1965"}],"replies":[{"embeddable":true,"href":"https:\/\/linitiative.ca\/International\/wp-json\/wp\/v2\/comments?post=141674"}],"version-history":[{"count":0,"href":"https:\/\/linitiative.ca\/International\/wp-json\/wp\/v2\/posts\/141674\/revisions"}],"wp:attachment":[{"href":"https:\/\/linitiative.ca\/International\/wp-json\/wp\/v2\/media?parent=141674"}],"wp:term":[{"taxonomy":"category","embeddable":true,"href":"https:\/\/linitiative.ca\/International\/wp-json\/wp\/v2\/categories?post=141674"},{"taxonomy":"post_tag","embeddable":true,"href":"https:\/\/linitiative.ca\/International\/wp-json\/wp\/v2\/tags?post=141674"}],"curies":[{"name":"wp","href":"https:\/\/api.w.org\/{rel}","templated":true}]}}