{"id":141679,"date":"2022-02-24T12:56:04","date_gmt":"2022-02-24T17:56:04","guid":{"rendered":"https:\/\/linitiative.ca\/International\/production-de-riz-le-cameroun-veut-sinspirer-de-la-cote-divoire\/"},"modified":"2022-02-24T12:56:04","modified_gmt":"2022-02-24T17:56:04","slug":"production-de-riz-le-cameroun-veut-sinspirer-de-la-cote-divoire","status":"publish","type":"post","link":"https:\/\/linitiative.ca\/International\/production-de-riz-le-cameroun-veut-sinspirer-de-la-cote-divoire\/","title":{"rendered":"Production de riz: le Cameroun veut s\u2019inspirer de la C\u00f4te d\u2019Ivoire\u00a0"},"content":{"rendered":"<div>\n<p>Une d\u00e9l\u00e9gation de l\u2019Agence ivoirienne de d\u00e9veloppement du riz \u00e9tait au Cameroun (Aderiz) en fin de semaine derni\u00e8re. Conduite par\u00a0 Yacouba Dembele, le pr\u00e9sident d\u2019Aderiz, la pr\u00e9sence\u00a0 des membres de cet \u00e9tablissement public ivoirien sur le sol camerounais, a \u00e9t\u00e9 sollicit\u00e9e par le pr\u00e9sident de la Chambre d\u2019agriculture des p\u00eaches, de l\u2019\u00e9levage et des for\u00eats du Cameroun. Au cours de leur s\u00e9jour, ces derniers ont pu appr\u00e9cier les diff\u00e9rentes initiatives mises sur pied par le Cameroun pour d\u00e9velopper la culture du riz. Subjugu\u00e9e par le potentiel local en termes de richesse (notamment les bas-fonds de pluviom\u00e9trie), de semences de qualit\u00e9, d\u2019\u00e9coles de formations, la d\u00e9l\u00e9gation ivoirienne a surtout remis en cause la vulgarisation de telles ressources, qu\u2019elle trouve minimale. Selon Yacouba Demb\u00e9l\u00e9, le gouvernement gagnerait \u00e0 structurer de mani\u00e8re \u00a0plus optimale la fili\u00e8re du riz en cr\u00e9ant une structure semblable \u00e0 l\u2019Aderiz.\u00a0<em>\u00ab C\u2019est un gros avantage qui permettra \u00e0 tous ceux qui sont int\u00e9ress\u00e9s par la riziculture de se retrouver dans un m\u00eame espace<\/em>\u00a0\u00bb, a-t-il confi\u00e9 au ministre de l\u2019Agriculture, Gabriel Mbairobe, lors de l\u2019audience qui leur a \u00e9t\u00e9 accord\u00e9e.<\/p>\n<p><strong>Lire aussi : <a href=\"https:\/\/ecomatin.net\/en-2022-la-semry-veut-porter-sa-production-de-riz-paddy-a-100-000-tonnes20\/\">En 2022, La Semry veut porter sa production de riz paddy \u00e0 100 000 tonnes(+20%)<\/a><\/strong><\/p>\n<p>Cette exhortation a contraint le membre du gouvernement a d\u00e9voiler une partie de la strat\u00e9gie globale du gouvernement en mati\u00e8re de promotion et de p\u00e9rennisation de la riziculture. A en croire ce dernier, 80\u00a0000 hectares de p\u00e9rim\u00e8tres hydroagricoles (sur les 120\u00a0000 hectares que compte le Cameroun) vont \u00eatre mis \u00e0 disposition pour la riziculture. De plus\u00a0<em>\u00ables solutions appliqu\u00e9es en C\u00f4te D\u2019ivoire seront \u00e9galement appliqu\u00e9es pour le Cas du Cameroun et le contact sera maintenu<\/em>\u00bb, a indiqu\u00e9 le ministre de l\u2019Agriculture. \u00ab<em>l\u2019objectif final \u00e9tant de produire davantage afin de r\u00e9duire les importations qui plombent la balance commerciale<\/em>\u00bb, a-t-il ajout\u00e9.<\/p>\n<p><strong>Lire aussi : <a href=\"https:\/\/ecomatin.net\/pour-anticiper-sur-une-eventuelle-penurie-le-cameroun-exonere-25-000-tonnes-de-riz-de-droits-de-douane\/\">Pour anticiper sur une \u00e9ventuelle p\u00e9nurie, le Cameroun exon\u00e8re 25.000 tonnes de riz de droits de douane<\/a><\/strong><\/p>\n<p>Pour booster la production nationale de riz et assurer l\u2019autosuffisance en cette denr\u00e9e de premi\u00e8re n\u00e9cessit\u00e9, le gouvernement ivoirien s\u2019est dot\u00e9 d\u2019un plan directeur \u00e9tal\u00e9 sur une p\u00e9riode de 10 ans (2020-2030). Cheville ouvri\u00e8re de cette politique de d\u00e9veloppement, l\u2019Agence ivoirienne de d\u00e9veloppement du riz a engag\u00e9 de nombreuses actions pour esp\u00e9rer atteindre les objectifs susmentionn\u00e9s. Il s\u2019agit notamment de l\u2019industrialisation de la fili\u00e8re et l\u2019engagement du secteur priv\u00e9.\u00a0<em>\u00abLe pays a ainsi renforc\u00e9 le parc industriel existant avec 30 usines et 100 mini-usines. Les concessions de ces fabriques ont ensuite \u00e9t\u00e9 attribu\u00e9es \u00e0 des op\u00e9rateurs priv\u00e9s, des transformateurs qui travaillent avec les petits producteurs en amont, et les distributeurs en aval. Le circuit repose sur la contractualisation, un mod\u00e8le o\u00f9 chaque acteur s\u2019engage envers l\u2019autre, sans pr\u00e9sence directe de l\u2019Etat<\/em>\u00bb<\/p>\n<p><strong>Lire aussi : <a href=\"https:\/\/ecomatin.net\/riziculture-le-ceneema-gagne-un-marche-de-labour-de-8000-hectares-a-la-semry\/\">Riziculture : le Ceneema gagne un march\u00e9 de labour de 8000 hectares \u00e0 la Semry<\/a><\/strong><\/p>\n<p>Toutefois, cette strat\u00e9gie est loin d\u2019\u00eatre une r\u00e9ussite. Malgr\u00e9 une production largement au-dessus de celle du Cameroun \u00a0(1,3 million de tonnes par an), celle-ci peine \u00e0 satisfaire la demande nationale qui se situe \u00e0 1,9 millions de tonnes par an. Pour combler le d\u00e9ficit, le gouvernement ivoirien est donc oblig\u00e9 d\u2019importer du riz. D\u2019apr\u00e8s des statistiques fournies par l\u2019Aderiz, \u00a0la C\u00f4te d\u2019Ivoire importe pour 450\u00a0millions d\u2019euros de riz chaque ann\u00e9e, et figure ainsi \u00e0 la cinqui\u00e8me place mondiale des pays importateurs de cette denr\u00e9e et \u00e0 la deuxi\u00e8me place \u00e0 l\u2019\u00e9chelle continentale<\/p>\n<p>En 2020 au Cameroun,\u00a0en 2020, la demande annuelle de riz \u00e9tait \u00e9valu\u00e9e \u00e0 600\u00a0000 tonnes, d\u2019apr\u00e8s les chiffres du minist\u00e8re de l\u2019Agriculture. Compar\u00e9e \u00e0 la production nationale de riz pendant la m\u00eame p\u00e9riode (286\u00a0312 tonnes), cela repr\u00e9sente un gap de plus de 300\u00a0000 tonnes, qui a \u00e9t\u00e9 en totalit\u00e9 combl\u00e9 par les importations.<\/p>\n<p><strong>Lire aussi : <a href=\"https:\/\/ecomatin.net\/filiere-rizicole-le-gouvernement-courtise-le-singapourien-olam-m-pour-la-production-du-riz-fortifie-au-cameroun\/\">Fili\u00e8re rizicole : le Gouvernement courtise le singapourien Olam pour la production du riz fortifi\u00e9 au Cameroun<\/a><\/strong><\/p>\n<p>L\u2019article <a rel=\"nofollow\" href=\"https:\/\/ecomatin.net\/production-de-riz-le-cameroun-veut-sinspirer-de-la-cote-divoire\/\">Production de riz: le Cameroun veut s\u2019inspirer de la C\u00f4te d\u2019Ivoire\u00a0<\/a> est apparu en premier sur <a rel=\"nofollow\" href=\"https:\/\/ecomatin.net\/\">EcoMatin<\/a>.<\/p>\n<\/div>\n<p>Auteur: Paul Tjeg<br \/>\n<a href=\"https:\/\/ecomatin.net\/production-de-riz-le-cameroun-veut-sinspirer-de-la-cote-divoire\/\">Cliquez ici pour lire l&rsquo;article depuis sa source.<\/a><\/p>\n","protected":false},"excerpt":{"rendered":"<p>Une d\u00e9l\u00e9gation de l\u2019Agence ivoirienne de d\u00e9veloppement du riz \u00e9tait au Cameroun (Aderiz) en fin de semaine derni\u00e8re. Conduite par\u00a0 Yacouba Dembele, le pr\u00e9sident d\u2019Aderiz, la pr\u00e9sence\u00a0 des membres de cet \u00e9tablissement public ivoirien sur le sol camerounais, a \u00e9t\u00e9 sollicit\u00e9e par le pr\u00e9sident de la Chambre d\u2019agriculture des p\u00eaches, de l\u2019\u00e9levage et des for\u00eats [&hellip;]<\/p>\n","protected":false},"author":1969,"featured_media":0,"comment_status":"closed","ping_status":"closed","sticky":false,"template":"","format":"standard","meta":{"fifu_image_url":"","fifu_image_alt":"","footnotes":""},"categories":[82,78],"tags":[],"class_list":["post-141679","post","type-post","status-publish","format-standard","hentry","category-cameroun","category-economie"],"_links":{"self":[{"href":"https:\/\/linitiative.ca\/International\/wp-json\/wp\/v2\/posts\/141679","targetHints":{"allow":["GET"]}}],"collection":[{"href":"https:\/\/linitiative.ca\/International\/wp-json\/wp\/v2\/posts"}],"about":[{"href":"https:\/\/linitiative.ca\/International\/wp-json\/wp\/v2\/types\/post"}],"author":[{"embeddable":true,"href":"https:\/\/linitiative.ca\/International\/wp-json\/wp\/v2\/users\/1969"}],"replies":[{"embeddable":true,"href":"https:\/\/linitiative.ca\/International\/wp-json\/wp\/v2\/comments?post=141679"}],"version-history":[{"count":0,"href":"https:\/\/linitiative.ca\/International\/wp-json\/wp\/v2\/posts\/141679\/revisions"}],"wp:attachment":[{"href":"https:\/\/linitiative.ca\/International\/wp-json\/wp\/v2\/media?parent=141679"}],"wp:term":[{"taxonomy":"category","embeddable":true,"href":"https:\/\/linitiative.ca\/International\/wp-json\/wp\/v2\/categories?post=141679"},{"taxonomy":"post_tag","embeddable":true,"href":"https:\/\/linitiative.ca\/International\/wp-json\/wp\/v2\/tags?post=141679"}],"curies":[{"name":"wp","href":"https:\/\/api.w.org\/{rel}","templated":true}]}}