{"id":141680,"date":"2022-02-24T13:01:31","date_gmt":"2022-02-24T18:01:31","guid":{"rendered":"https:\/\/linitiative.ca\/International\/integration-sous-regionale-les-institutions-de-la-cemac-sans-budget\/"},"modified":"2022-02-24T13:01:31","modified_gmt":"2022-02-24T18:01:31","slug":"integration-sous-regionale-les-institutions-de-la-cemac-sans-budget","status":"publish","type":"post","link":"https:\/\/linitiative.ca\/International\/integration-sous-regionale-les-institutions-de-la-cemac-sans-budget\/","title":{"rendered":"Int\u00e9gration sous-r\u00e9gionale\u00a0: les institutions de la Cemac sans budget\u00a0"},"content":{"rendered":"<div>\n<p>Pr\u00e9vu pour ce 21 f\u00e9vrier 2022, le Conseil extraordinaire des ministres de l\u2019\u00e9conomie de l\u2019Ueac (Union \u00e9conomique des \u00c9tats de l\u2019Afrique centrale) n\u2019aura finalement pas lieu. L\u2019annonce est du Pr. Daniel Ona Ondo, le Pr\u00e9sident de la Commission de la Communaut\u00e9 \u00e9conomique et mon\u00e9taire d\u2019Afrique centrale (Cemac), \u00e0 l\u2019occasion de la 1\u00e8re session ordinaire du Parlement communautaire, coupl\u00e9e \u00e0 la conf\u00e9rence des pr\u00e9sidents d\u00e9roul\u00e9e par visioconf\u00e9rence, ce 17 f\u00e9vrier 2022. \u00a0\u00abJe fais appel de plus \u00e0 votre indulgence car c\u2019est in\u00e9dit que nos institutions n\u2019aient toujours pas de budget \u00e0 cette date. Nous avons \u00e9t\u00e9 inform\u00e9s que le Conseil des ministres de l\u2019Ueac se tiendra entre le 25 et le 5 mars prochain. Vous devez donc examiner ce projet de budget dans ces conditions qui, malheureusement, ne d\u00e9pendent pas de notre volont\u00e9 \u00bb, s\u2019est exprim\u00e9 le Pr\u00e9sident de la Commission de la Cemac.\u00a0<\/p>\n<p><strong>Lire aussi : <a href=\"https:\/\/ecomatin.net\/dans-la-cemac-les-personnes-physiques-s-detiennent-pour-51-milliards-de-f-de-titres-publics-en-circulation\/\">Dans la Cemac, les personnes physiques d\u00e9tiennent pour 51 milliards de F de titres publics en circulation<\/a><\/strong><\/p>\n<p>Ce conclave, capital pour le fonctionnement de l\u2019institution d\u2019int\u00e9gration sous-r\u00e9gionale, \u00e9tait tr\u00e8s attendu, compte tenu des points inscrits \u00e0 l\u2019ordre du jour. L\u2019adoption du budget, exercice 2022, notamment. Inscrit \u00e0 l\u2019ordre du jour de la\u00a037\u00e8me session ordinaire du Conseil des ministres de\u00a0l\u2019Ueac du 8 d\u00e9cembre 2021, l\u2019examen de l\u2019enveloppe budg\u00e9taire de la Cemac avait \u00e9t\u00e9 renvoy\u00e9e pour f\u00e9vrier 2022. Des divergences entre le Conseil des ministres et la Commission de la Cemac portant sur les dettes de la Communaut\u00e9 \u00e0 l\u2019endroit des retrait\u00e9s de l\u2019institution et celles dues \u00e0 l\u2019Union Europ\u00e9enne (UE). Le budget de la Cemac avait \u00e9t\u00e9 arr\u00eat\u00e9 en recettes et en d\u00e9penses \u00e0 la somme de 94,2 milliards de FCFA. Soit une hausse de 5,5% par rapport au budget 2021 (89,2 milliards de FCFA).<\/p>\n<p><strong>Lire aussi : <a href=\"https:\/\/ecomatin.net\/cemac-la-beac-prevoit-une-amelioration-des-activites-de-restauration-et-hotellerie-au-1er-trimestre\/\">Cemac\u00a0: la Beac pr\u00e9voit une am\u00e9lioration des activit\u00e9s de restauration et h\u00f4tellerie au 1er trimestre<\/a><\/strong><\/p>\n<p>Autre pr\u00e9occupation pour la Cemac, la tr\u00e9sorerie communautaire, fortement impact\u00e9e par des retards des contributions des \u00c9tats membres : \u00abla situation financi\u00e8re de la communaut\u00e9 est catastrophique. Les pays ne cotisent plus et seulement deux d\u2019entre eux, nous permettent encore de tenir. Je vous encourage donc \u00e0 faire le plaidoyer dans vos pays car si nous mettons la cl\u00e9 sous le paillasson, ce serait un message d\u00e9sastreux aux yeux de la communaut\u00e9 internationale et davantage pour nos populations \u00bb, a indiqu\u00e9 \u00e0 ce propos le Pr. Daniel Ona Ondo. La sonnette d\u2019alarme tir\u00e9e\u00a0par le \u00a0Pr\u00e9sident de la Commission de la Cemac tient, en effet, des importants arri\u00e9r\u00e9s de la Taxe communautaire d\u2019int\u00e9gration (TCI), principale ressource de la Cemac. Au 8 d\u00e9cembre 2021, les arri\u00e9r\u00e9s cumul\u00e9s de cette taxe \u00e9taient \u00e9valu\u00e9s\u00a0\u00e0 99,8 milliards de FCFA (arri\u00e9r\u00e9s 2019, 2020,\u00a0paiements compl\u00e9mentaires non r\u00e9alis\u00e9s etc..).<\/p>\n<p>Malgr\u00e9 cette conjoncture, la TCI est inscrite dans le projet de budget 2022 \u00e0 la somme de 64,4 milliards de FCFA. Le recouvrement des contributions directes compl\u00e9mentaires, et la mobilisation des autres ressources conventionnelles constituent \u00e9galement une pr\u00e9occupation pour le fonctionnement structurel de la Cemac.<\/p>\n<p><strong>Lire aussi : <a href=\"https:\/\/ecomatin.net\/le-cameroun-peine-a-mobiliser-100-milliards-sur-le-marche-des-valeurs-du-tresor-de-la-cemac\/\">Le Cameroun peine \u00e0 mobiliser 100 milliards sur le march\u00e9 des valeurs du Tr\u00e9sor de la Cemac<\/a><\/strong><\/p>\n<p>\u00ab Les services comp\u00e9tents ont travaill\u00e9 pour fournir aux membres de l\u2019UEAC, tous les \u00e9l\u00e9ments \u00e0 ce sujet \u00bb, rassure-t-on \u00e0 la Commission de la Cemac. Dans les couloirs, la date du 28 f\u00e9vrier 2022 est avanc\u00e9e pour la tenue de la session extraordinaire du Conseil des ministres de l\u2019\u00e9conomie de l\u2019UEAC.<\/p>\n<p>L\u2019article <a rel=\"nofollow\" href=\"https:\/\/ecomatin.net\/integration-sous-regionale-les-institutions-de-la-cemac-sans-budget\/\">Int\u00e9gration sous-r\u00e9gionale\u00a0: les institutions de la Cemac sans budget\u00a0<\/a> est apparu en premier sur <a rel=\"nofollow\" href=\"https:\/\/ecomatin.net\/\">EcoMatin<\/a>.<\/p>\n<\/div>\n<p>Auteur: Georges Semey<br \/>\n<a href=\"https:\/\/ecomatin.net\/integration-sous-regionale-les-institutions-de-la-cemac-sans-budget\/\">Cliquez ici pour lire l&rsquo;article depuis sa source.<\/a><\/p>\n","protected":false},"excerpt":{"rendered":"<p>Pr\u00e9vu pour ce 21 f\u00e9vrier 2022, le Conseil extraordinaire des ministres de l\u2019\u00e9conomie de l\u2019Ueac (Union \u00e9conomique des \u00c9tats de l\u2019Afrique centrale) n\u2019aura finalement pas lieu. L\u2019annonce est du Pr. Daniel Ona Ondo, le Pr\u00e9sident de la Commission de la Communaut\u00e9 \u00e9conomique et mon\u00e9taire d\u2019Afrique centrale (Cemac), \u00e0 l\u2019occasion de la 1\u00e8re session ordinaire du [&hellip;]<\/p>\n","protected":false},"author":1969,"featured_media":0,"comment_status":"closed","ping_status":"closed","sticky":false,"template":"","format":"standard","meta":{"fifu_image_url":"","fifu_image_alt":"","footnotes":""},"categories":[82,78],"tags":[],"class_list":["post-141680","post","type-post","status-publish","format-standard","hentry","category-cameroun","category-economie"],"_links":{"self":[{"href":"https:\/\/linitiative.ca\/International\/wp-json\/wp\/v2\/posts\/141680","targetHints":{"allow":["GET"]}}],"collection":[{"href":"https:\/\/linitiative.ca\/International\/wp-json\/wp\/v2\/posts"}],"about":[{"href":"https:\/\/linitiative.ca\/International\/wp-json\/wp\/v2\/types\/post"}],"author":[{"embeddable":true,"href":"https:\/\/linitiative.ca\/International\/wp-json\/wp\/v2\/users\/1969"}],"replies":[{"embeddable":true,"href":"https:\/\/linitiative.ca\/International\/wp-json\/wp\/v2\/comments?post=141680"}],"version-history":[{"count":0,"href":"https:\/\/linitiative.ca\/International\/wp-json\/wp\/v2\/posts\/141680\/revisions"}],"wp:attachment":[{"href":"https:\/\/linitiative.ca\/International\/wp-json\/wp\/v2\/media?parent=141680"}],"wp:term":[{"taxonomy":"category","embeddable":true,"href":"https:\/\/linitiative.ca\/International\/wp-json\/wp\/v2\/categories?post=141680"},{"taxonomy":"post_tag","embeddable":true,"href":"https:\/\/linitiative.ca\/International\/wp-json\/wp\/v2\/tags?post=141680"}],"curies":[{"name":"wp","href":"https:\/\/api.w.org\/{rel}","templated":true}]}}