{"id":141681,"date":"2022-02-25T09:38:41","date_gmt":"2022-02-25T14:38:41","guid":{"rendered":"https:\/\/linitiative.ca\/International\/effondrement-des-colonies-dabeilles-une-interaction-de-facteurs-climatiques-et-environnementaux-selon-m-sadiki\/"},"modified":"2022-02-25T09:38:41","modified_gmt":"2022-02-25T14:38:41","slug":"effondrement-des-colonies-dabeilles-une-interaction-de-facteurs-climatiques-et-environnementaux-selon-m-sadiki","status":"publish","type":"post","link":"https:\/\/linitiative.ca\/International\/effondrement-des-colonies-dabeilles-une-interaction-de-facteurs-climatiques-et-environnementaux-selon-m-sadiki\/","title":{"rendered":"Effondrement des colonies d\u2019abeilles: Une interaction de facteurs climatiques et environnementaux, selon M. Sadiki"},"content":{"rendered":"<div>\n<p><img loading=\"lazy\" decoding=\"async\" width=\"300\" height=\"153\" src=\"https:\/\/linitiative.ca\/International\/wp-content\/uploads\/sites\/23\/2022\/02\/Mohamed-Sadiki-ONSSA-300x153-1.jpg\" class=\"attachment-medium size-medium wp-post-image\" alt=\"\" srcset=\"https:\/\/linitiative.ca\/International\/wp-content\/uploads\/sites\/23\/2022\/02\/Mohamed-Sadiki-ONSSA-300x153-1.jpg 300w, https:\/\/aujourdhui.ma\/wp-content\/uploads\/2022\/02\/Mohamed-Sadiki-ONSSA-274x140.jpg 274w, https:\/\/aujourdhui.ma\/wp-content\/uploads\/2022\/02\/Mohamed-Sadiki-ONSSA.jpg 746w, https:\/\/aujourdhui.ma\/wp-content\/uploads\/2022\/02\/Mohamed-Sadiki-ONSSA-165x84.jpg 165w, https:\/\/aujourdhui.ma\/wp-content\/uploads\/2022\/02\/Mohamed-Sadiki-ONSSA-702x358.jpg 702w\" sizes=\"auto, (max-width: 300px) 100vw, 300px\"><\/p>\n<p><span style=\"font-size: 20px; color: #800000;\"><strong>Les recherches et les \u00e9tudes effectu\u00e9es pour \u00e9lucider le ph\u00e9nom\u00e8ne d\u2019effondrement des colonies d\u2019abeilles, d\u00e9tect\u00e9 r\u00e9cemment dans le Royaume, ont attribu\u00e9 son apparition \u00e0 une interaction de plusieurs facteurs notamment climatiques et environnementaux, a indiqu\u00e9, vendredi \u00e0 Rabat, le ministre de l\u2019Agriculture, de la p\u00eache maritime, du d\u00e9veloppement rural et des eaux et for\u00eats, Mohamed Sadiki.<\/strong><\/span><span id=\"more-400898\"><\/span><\/p>\n<p>\u00ab\u00a0Il s\u2019agit plut\u00f4t d\u2019un ph\u00e9nom\u00e8ne qui est d\u00fb \u00e0 une interaction de plusieurs facteurs, climatiques et environnementaux entre autres, mais pas de maladie sp\u00e9cifique\u00a0\u00bb, a relev\u00e9 M. Sadiki qui intervenait lors d\u2019un colloque scientifique sur le syndrome d\u2019effondrement des colonies d\u2019abeilles, initi\u00e9 par le minist\u00e8re \u00e0 travers l\u2019Office National de S\u00e9curit\u00e9 Sanitaire des produits Alimentaires (ONSSA).<\/p>\n<p>Sp\u00e9cifiquement, ces facteurs sont li\u00e9s aux conditions climatiques telles que l\u2019augmentation de la temp\u00e9rature et le d\u00e9ficit de pr\u00e9cipitations, aux conditions environnementales telles que l\u2019insuffisance des p\u00e2turages en quantit\u00e9 et en qualit\u00e9, aux conditions li\u00e9es \u00e0 l\u2019\u00e9tat sanitaire des ruchers et les moyens de pr\u00e9vention utilis\u00e9s, ainsi qu\u2019aux conditions li\u00e9es aux pratiques et \u00e0 la conduite des \u00e9levages apicoles, a-t-il pr\u00e9cis\u00e9.<\/p>\n<p>Le ministre a, \u00e0 cet effet, relev\u00e9 que le d\u00e9partement de l\u2019agriculture \u00e0 travers l\u2019ONSSA s\u2019est rapidement mobilis\u00e9 avec l\u2019implication de la f\u00e9d\u00e9ration interprofessionnelle marocaine de l\u2019apiculture (FIMAP), rappelant que des investigations de grande ampleur ont \u00e9t\u00e9 aussit\u00f4t engag\u00e9es sur le terrain afin de d\u00e9terminer l\u2019ampleur de ce ph\u00e9nom\u00e8ne et \u00e9lucider les facteurs ayant favoris\u00e9 son apparition.<\/p>\n<p>Il a, \u00e0 ce propos, soulev\u00e9 que les premiers r\u00e9sultats d\u00e9gag\u00e9s ont montr\u00e9 que ce ph\u00e9nom\u00e8ne de disparition des colonies d\u2019abeilles est \u00ab\u00a0un ph\u00e9nom\u00e8ne nouveau\u00a0\u00bb dans le Royaume et concerne \u00ab\u00a0certains apiculteurs dans des zones pr\u00e9cises avec des effets de degr\u00e9s variables\u00a0\u00bb, pr\u00e9cisant que les multiples analyses de laboratoires ont \u00e9cart\u00e9 \u00ab\u00a0toute pr\u00e9sence de maladie connue des abeilles\u00a0\u00bb qui soit la cause de l\u2019apparition de ce ph\u00e9nom\u00e8ne.<\/p>\n<p>Et de poursuivre que les investigations et les recherches se poursuivent dans le cadre d\u2019un comit\u00e9 multidisciplinaire regroupant les diff\u00e9rentes parties prenantes.<\/p>\n<p>Par ailleurs, le d\u00e9partement de l\u2019agriculture a \u00e9labor\u00e9 un plan d\u2019action pour appuyer la fili\u00e8re et r\u00e9duire les effets de ce ph\u00e9nom\u00e8ne, a pr\u00e9cis\u00e9 le ministre, faisant savoir que ce plan comprend plusieurs actions \u00e0 savoir, la r\u00e9alisation d\u2019une compagne nationale de traitement contre la varroase, un parasite bien connu et qui fait l\u2019objet de traitement r\u00e9gulier annuellement, et la mise en \u0153uvre d\u2019un programme de sensibilisation au profit des apiculteurs sur les bonnes pratiques apicoles.<\/p>\n<p>Il s\u2019agit aussi du renforcement du syst\u00e8me national de surveillance et de suivi des mortalit\u00e9s et des disparitions des abeilles, de la conduite des travaux de recherche scientifique en relation avec ce ph\u00e9nom\u00e8ne, l\u2019appui des apiculteurs touch\u00e9s pour le repeuplement des ruches, l\u2019organisation de la transhumance pour une meilleure gestion des parcours et de la mise en place d\u2019une base de donn\u00e9es nationale pour l\u2019enregistrement des apiculteurs et leur tra\u00e7abilit\u00e9, a-t-il indiqu\u00e9.<\/p>\n<p>Le secteur apicole au Maroc, a-t-il dit, a connu \u00ab\u00a0un d\u00e9veloppement sans pr\u00e9c\u00e9dent\u00a0\u00bb sous l\u2019impulsion de la strat\u00e9gie de d\u00e9veloppement agricole le Plan Maroc vert depuis 2008 \u00e0 2020, ajoutant que la nouvelle strat\u00e9gie \u00ab\u00a0G\u00e9n\u00e9ration Green\u00a0\u00bb place cette fili\u00e8re parmi ses priorit\u00e9s pour consolider les acquis et la propulser vers une plus grande performance et une meilleure valorisation.<\/p>\n<p>\u00ab\u00a0La fili\u00e8re apicole a connu une \u00e9volution importante avec une augmentation significative du nombre d\u2019apiculteurs (plus de 36.000) et des ruches (environ 1 million) et de la production de miel qui est de l\u2019ordre de 8000 tonnes, soit une valeur ajout\u00e9e de 822 millions de dirhams (MDH) et 2,45 millions de journ\u00e9es-travail durant la m\u00eame ann\u00e9e, donc une fili\u00e8re g\u00e9n\u00e9ratrice d\u2019emplois\u00a0\u00bb, a soutenu M. Sadiki.<\/p>\n<p>De son c\u00f4t\u00e9, le docteur Abderrahman El Abrak de l\u2019ONSSA a mis en avant le r\u00f4le socio-\u00e9conomique du secteur apicole au Maroc, relevant que \u00ab\u00a0plus de 36.000 apiculteurs (910.000 ruches en 2019) tirent leurs revenus totalement ou partiellement de cette activit\u00e9\u00a0\u00bb.<\/p>\n<p>M. El Abrak a soulign\u00e9 le r\u00f4le essentiel de l\u2019apiculture dans la pollinisation des plantes naturelles et cultiv\u00e9es, mettant en exergue les potentialit\u00e9s importantes du secteur au niveau national en raison de l\u2019existence des ressources mellif\u00e8res tr\u00e8s diversifi\u00e9s (for\u00eats, cultures industrielles, plantes naturelles de montagnes\u2026).<\/p>\n<p>Cette conf\u00e9rence a \u00e9t\u00e9 \u00e9galement une occasion pour M. El Abrak d\u2019exposer les premi\u00e8res investigations entreprises par l\u2019ONSSA sur le terrain, relevant que celles-ci ont mobilis\u00e9 32 \u00e9quipes. \u00ab\u00a0Des enqu\u00eates cibl\u00e9es ont \u00e9t\u00e9 men\u00e9es dans 21 provinces et des pr\u00e9l\u00e8vement et analyses de laboratoire ont \u00e9galement \u00e9t\u00e9 effectu\u00e9es dans le cadre de ces investigations\u00a0\u00bb, a-t-il fait savoir.<\/p>\n<\/div>\n<p>Auteur: ALM<br \/>\n<a href=\"https:\/\/aujourdhui.ma\/economie\/effondrement-des-colonies-dabeilles-une-interaction-de-facteurs-climatiques-et-environnementaux-selon-m-sadiki\">Cliquez ici pour lire l&rsquo;article depuis sa source.<\/a><\/p>\n","protected":false},"excerpt":{"rendered":"<p>Les recherches et les \u00e9tudes effectu\u00e9es pour \u00e9lucider le ph\u00e9nom\u00e8ne d\u2019effondrement des colonies d\u2019abeilles, d\u00e9tect\u00e9 r\u00e9cemment dans le Royaume, ont attribu\u00e9 son apparition \u00e0 une interaction de plusieurs facteurs notamment climatiques et environnementaux, a indiqu\u00e9, vendredi \u00e0 Rabat, le ministre de l\u2019Agriculture, de la p\u00eache maritime, du d\u00e9veloppement rural et des eaux et for\u00eats, Mohamed [&hellip;]<\/p>\n","protected":false},"author":1759,"featured_media":0,"comment_status":"closed","ping_status":"closed","sticky":false,"template":"","format":"standard","meta":{"fifu_image_url":"https:\/\/aujourdhui.ma\/wp-content\/uploads\/2022\/02\/Mohamed-Sadiki-ONSSA-300x153.jpg","fifu_image_alt":"Effondrement des colonies d\u2019abeilles: Une interaction de facteurs climatiques et environnementaux, selon M. Sadiki","footnotes":""},"categories":[73,54],"tags":[],"class_list":["post-141681","post","type-post","status-publish","format-standard","hentry","category-actualite","category-maroc"],"_links":{"self":[{"href":"https:\/\/linitiative.ca\/International\/wp-json\/wp\/v2\/posts\/141681","targetHints":{"allow":["GET"]}}],"collection":[{"href":"https:\/\/linitiative.ca\/International\/wp-json\/wp\/v2\/posts"}],"about":[{"href":"https:\/\/linitiative.ca\/International\/wp-json\/wp\/v2\/types\/post"}],"author":[{"embeddable":true,"href":"https:\/\/linitiative.ca\/International\/wp-json\/wp\/v2\/users\/1759"}],"replies":[{"embeddable":true,"href":"https:\/\/linitiative.ca\/International\/wp-json\/wp\/v2\/comments?post=141681"}],"version-history":[{"count":0,"href":"https:\/\/linitiative.ca\/International\/wp-json\/wp\/v2\/posts\/141681\/revisions"}],"wp:attachment":[{"href":"https:\/\/linitiative.ca\/International\/wp-json\/wp\/v2\/media?parent=141681"}],"wp:term":[{"taxonomy":"category","embeddable":true,"href":"https:\/\/linitiative.ca\/International\/wp-json\/wp\/v2\/categories?post=141681"},{"taxonomy":"post_tag","embeddable":true,"href":"https:\/\/linitiative.ca\/International\/wp-json\/wp\/v2\/tags?post=141681"}],"curies":[{"name":"wp","href":"https:\/\/api.w.org\/{rel}","templated":true}]}}