{"id":141685,"date":"2022-02-25T10:05:32","date_gmt":"2022-02-25T15:05:32","guid":{"rendered":"https:\/\/linitiative.ca\/International\/taroudant-inauguration-de-deux-nouvelles-unites-industrielles-de-copag\/"},"modified":"2022-02-25T10:05:32","modified_gmt":"2022-02-25T15:05:32","slug":"taroudant-inauguration-de-deux-nouvelles-unites-industrielles-de-copag","status":"publish","type":"post","link":"https:\/\/linitiative.ca\/International\/taroudant-inauguration-de-deux-nouvelles-unites-industrielles-de-copag\/","title":{"rendered":"Taroudant: Inauguration de deux nouvelles unit\u00e9s industrielles de Copag"},"content":{"rendered":"<div>\n<p><img loading=\"lazy\" decoding=\"async\" width=\"300\" height=\"153\" src=\"https:\/\/linitiative.ca\/International\/wp-content\/uploads\/sites\/23\/2022\/02\/Ryad-Mezzour-Inauguration-de-deux-nouvelles-uniteCC81s-industrielles-de-Copag-300x153-1.jpg\" class=\"attachment-medium size-medium wp-post-image\" alt=\"\" srcset=\"https:\/\/linitiative.ca\/International\/wp-content\/uploads\/sites\/23\/2022\/02\/Ryad-Mezzour-Inauguration-de-deux-nouvelles-uniteCC81s-industrielles-de-Copag-300x153-1.jpg 300w, https:\/\/aujourdhui.ma\/wp-content\/uploads\/2022\/02\/Ryad-Mezzour-Inauguration-de-deux-nouvelles-unite\u0301s-industrielles-de-Copag-274x140.jpg 274w, https:\/\/aujourdhui.ma\/wp-content\/uploads\/2022\/02\/Ryad-Mezzour-Inauguration-de-deux-nouvelles-unite\u0301s-industrielles-de-Copag.jpg 746w, https:\/\/aujourdhui.ma\/wp-content\/uploads\/2022\/02\/Ryad-Mezzour-Inauguration-de-deux-nouvelles-unite\u0301s-industrielles-de-Copag-165x84.jpg 165w, https:\/\/aujourdhui.ma\/wp-content\/uploads\/2022\/02\/Ryad-Mezzour-Inauguration-de-deux-nouvelles-unite\u0301s-industrielles-de-Copag-702x358.jpg 702w\" sizes=\"auto, (max-width: 300px) 100vw, 300px\"><\/p>\n<p><span style=\"font-size: 20px; color: #800000;\"><strong>Le ministre de l\u2019Industrie et du commerce, Ryad Mezzour, le Wali de la R\u00e9gion Souss-Massa, gouverneur de la pr\u00e9fecture d\u2019Agadir-Ida Outanane, Ahmed Hajji et le gouverneur de la province de Taroudant, Lahoucine Amzal, ont pr\u00e9sid\u00e9, vendredi \u00e0 Taroudant, la c\u00e9r\u00e9monie d\u2019inauguration de deux projets d\u2019investissement du groupe Copag.<\/strong><\/span><span id=\"more-400902\"><\/span><\/p>\n<p>D\u2019un montant global de pr\u00e8s de 197 millions de dirham (MDH), ces projets, soutenus par le Fonds de D\u00e9veloppement Industriel (FDI), s\u2019inscrivent dans le cadre de la mise en \u0153uvre de la convention relative \u00e0 la d\u00e9clinaison r\u00e9gionale de la strat\u00e9gie de d\u00e9veloppement des industries agroalimentaires de la r\u00e9gion Souss-Massa, sign\u00e9e devant Sa Majest\u00e9 le Roi Mohammed VI, le 28 janvier 2018 \u00e0 Agadir, indique un communiqu\u00e9 conjoint du minist\u00e8re de l\u2019Industrie et du commerce et groupe Copag.<\/p>\n<p>Ces projets, qui permettront la cr\u00e9ation de 380 emplois directs et plus de 2.200 emplois indirects, concernent la nouvelle unit\u00e9 industrielle de fabrication de fromages fondus et la nouvelle unit\u00e9 d\u2019\u00e9crasement d\u2019agrumes pour la production de jus, fait savoir la m\u00eame source.<\/p>\n<p>R\u00e9pondant \u00e0 la demande croissante du march\u00e9 des fromages et des jus, ces projets ambitionnent non seulement de satisfaire le besoin au niveau du march\u00e9 local et \u00e0 l\u2019export, mais aussi \u00e0 contribuer \u00e0 la valorisation et la transformation de la production agricole locale et \u00e0 la substitution des importations \u00e0 travers le d\u00e9veloppement de produits locaux \u00e0 haute valeur ajout\u00e9e.<\/p>\n<p>\u00ab\u00a0Ces projets sont un exemple \u00e9loquent de la dynamique que connaissent les industries du lait et de la transformation des agrumes au Maroc en termes d\u2019investissement et de cr\u00e9ation d\u2019emploi et de l\u2019engouement que suscite le Made in Morocco aupr\u00e8s de nos industriels agroalimentaires,\u00a0\u00bb a soulign\u00e9 M. Mezzour, cit\u00e9 par le communiqu\u00e9.<\/p>\n<p>Il a, en outre, relev\u00e9 qu\u2019au diapason des priorit\u00e9s du d\u00e9veloppement du secteur, ces investissements sont de nature \u00e0 renforcer l\u2019int\u00e9gration entre l\u2019amont agricole et l\u2019aval de transformation, ainsi que les cha\u00eenes de valeurs, ce qui contribue davantage, a-t-il dit, \u00ab\u00a0\u00e0 la s\u00e9curit\u00e9 alimentaire et \u00e0 la souverainet\u00e9 industrielle du pays, conform\u00e9ment aux Hautes Orientations Royales\u00a0\u00bb.<\/p>\n<p>Et de souligner que le gisement d\u2019opportunit\u00e9s d\u2019investissement dans l\u2019agroalimentaire laisse pr\u00e9sager \u00ab\u00a0un avenir des plus prometteurs\u00a0\u00bb pour le secteur. \u00ab\u00a0Nous continuerons \u00e0 apporter notre soutien et \u00e0 accompagner les op\u00e9rateurs et leurs investissements visant \u00e0 promouvoir une production locale encore plus comp\u00e9titive, diversifi\u00e9e et \u00e0 forte valeur, en mesure de r\u00e9pondre aux besoins et exigences du consommateur marocain et de s\u2019imposer sur le march\u00e9 de l\u2019export\u00a0\u00bb, a-t-il soutenu.<\/p>\n<p>Dans le cadre de cette vision, un protocole d\u2019accord a \u00e9t\u00e9 sign\u00e9 entre le minist\u00e8re et Copag pour la r\u00e9alisation d\u2019un nouveau projet industriel destin\u00e9 \u00e0 la valorisation et \u00e0 la transformation des viandes blanches, a fait savoir la m\u00eame source.<\/p>\n<p>Ce projet, dont le montant global s\u2019\u00e9l\u00e8ve \u00e0 environ 108 MDH, permettra la cr\u00e9ation de plus de 200 emplois directs et 300 emplois indirects. Il contribuera \u00e0 la valorisation de la viande locale \u00e0 travers le d\u00e9veloppement et la fabrication de produits \u00e0 forte valeur ajout\u00e9e ainsi qu\u2019\u00e0 la substitution aux importations, conclut le communiqu\u00e9.<\/p>\n<\/div>\n<p>Auteur: ALM<br \/>\n<a href=\"https:\/\/aujourdhui.ma\/economie\/taroudant-inauguration-de-deux-nouvelles-unites-industrielles-de-copag\">Cliquez ici pour lire l&rsquo;article depuis sa source.<\/a><\/p>\n","protected":false},"excerpt":{"rendered":"<p>Le ministre de l\u2019Industrie et du commerce, Ryad Mezzour, le Wali de la R\u00e9gion Souss-Massa, gouverneur de la pr\u00e9fecture d\u2019Agadir-Ida Outanane, Ahmed Hajji et le gouverneur de la province de Taroudant, Lahoucine Amzal, ont pr\u00e9sid\u00e9, vendredi \u00e0 Taroudant, la c\u00e9r\u00e9monie d\u2019inauguration de deux projets d\u2019investissement du groupe Copag. D\u2019un montant global de pr\u00e8s de 197 [&hellip;]<\/p>\n","protected":false},"author":1759,"featured_media":0,"comment_status":"closed","ping_status":"closed","sticky":false,"template":"","format":"standard","meta":{"fifu_image_url":"https:\/\/aujourdhui.ma\/wp-content\/uploads\/2022\/02\/Ryad-Mezzour-Inauguration-de-deux-nouvelles-unite\u0301s-industrielles-de-Copag-300x153.jpg","fifu_image_alt":"Taroudant: Inauguration de deux nouvelles unit\u00e9s industrielles de Copag","footnotes":""},"categories":[73,54],"tags":[],"class_list":["post-141685","post","type-post","status-publish","format-standard","hentry","category-actualite","category-maroc"],"_links":{"self":[{"href":"https:\/\/linitiative.ca\/International\/wp-json\/wp\/v2\/posts\/141685","targetHints":{"allow":["GET"]}}],"collection":[{"href":"https:\/\/linitiative.ca\/International\/wp-json\/wp\/v2\/posts"}],"about":[{"href":"https:\/\/linitiative.ca\/International\/wp-json\/wp\/v2\/types\/post"}],"author":[{"embeddable":true,"href":"https:\/\/linitiative.ca\/International\/wp-json\/wp\/v2\/users\/1759"}],"replies":[{"embeddable":true,"href":"https:\/\/linitiative.ca\/International\/wp-json\/wp\/v2\/comments?post=141685"}],"version-history":[{"count":0,"href":"https:\/\/linitiative.ca\/International\/wp-json\/wp\/v2\/posts\/141685\/revisions"}],"wp:attachment":[{"href":"https:\/\/linitiative.ca\/International\/wp-json\/wp\/v2\/media?parent=141685"}],"wp:term":[{"taxonomy":"category","embeddable":true,"href":"https:\/\/linitiative.ca\/International\/wp-json\/wp\/v2\/categories?post=141685"},{"taxonomy":"post_tag","embeddable":true,"href":"https:\/\/linitiative.ca\/International\/wp-json\/wp\/v2\/tags?post=141685"}],"curies":[{"name":"wp","href":"https:\/\/api.w.org\/{rel}","templated":true}]}}