{"id":141693,"date":"2022-02-25T10:50:33","date_gmt":"2022-02-25T15:50:33","guid":{"rendered":"https:\/\/linitiative.ca\/International\/agadir-le-rni-attentif-aux-revendications-des-citoyens\/"},"modified":"2022-02-25T10:50:33","modified_gmt":"2022-02-25T15:50:33","slug":"agadir-le-rni-attentif-aux-revendications-des-citoyens","status":"publish","type":"post","link":"https:\/\/linitiative.ca\/International\/agadir-le-rni-attentif-aux-revendications-des-citoyens\/","title":{"rendered":"Agadir : Le RNI attentif aux revendications des citoyens"},"content":{"rendered":"<div>\n<p><img loading=\"lazy\" decoding=\"async\" width=\"300\" height=\"153\" src=\"https:\/\/linitiative.ca\/International\/wp-content\/uploads\/sites\/23\/2022\/02\/RNI-Agadir-300x153-1.jpg\" class=\"attachment-medium size-medium wp-post-image\" alt=\"\" srcset=\"https:\/\/linitiative.ca\/International\/wp-content\/uploads\/sites\/23\/2022\/02\/RNI-Agadir-300x153-1.jpg 300w, https:\/\/aujourdhui.ma\/wp-content\/uploads\/2022\/02\/RNI-Agadir-274x140.jpg 274w, https:\/\/aujourdhui.ma\/wp-content\/uploads\/2022\/02\/RNI-Agadir.jpg 746w, https:\/\/aujourdhui.ma\/wp-content\/uploads\/2022\/02\/RNI-Agadir-165x84.jpg 165w, https:\/\/aujourdhui.ma\/wp-content\/uploads\/2022\/02\/RNI-Agadir-702x358.jpg 702w\" sizes=\"auto, (max-width: 300px) 100vw, 300px\"><\/p>\n<p><span style=\"font-size: 20px; color: #800000;\"><strong>Les mesures prises par le gouvernement pour relever les diff\u00e9rents d\u00e9fis \u00e9conomiques et faire face \u00e0 la conjoncture internationale marqu\u00e9e par les effets de la crise de la Covid-19 ont \u00e9t\u00e9 au centre d\u2019une rencontre de communication tenue \u00e0 Agadir \u00e0 l\u2019initiative de la Coordination d\u2019Agadir du Rassemblement National des Ind\u00e9pendants (RNI).<\/strong><\/span><span id=\"more-400914\"><\/span><\/p>\n<p>D\u00e9roul\u00e9 en pr\u00e9sence du Coordinateur r\u00e9gional du parti, les parlementaires, les pr\u00e9sidents des Chambres professionnelles de la r\u00e9gion Souss-Massa, ainsi que les \u00e9lus du parti de la Colombe, cet \u00e9v\u00e8nement a r\u00e9uni les militants du RNI qui ont pass\u00e9 en revue devant les repr\u00e9sentants des m\u00e9dias locaux et nationaux la s\u00e9rie de mesures prises par le Gouvernement pour faire \u00e0 face au contexte \u00e9conomique mondial difficile.<\/p>\n<p>Dans une allocation par l\u2019occasion, Karim Achengli le coordinateur provincial du RNI, a mis l\u2019accent sur l\u2019importance de cette rencontre de communication avec la presse locale qui repr\u00e9sente un partenaire privil\u00e9gi\u00e9, vu son r\u00f4le d\u2019\u00e9claireur de l\u2019opinion publique \u00e0 la lumi\u00e8re de la propagation de diverses formes de d\u00e9sinformation et de falsification des faits.<\/p>\n<p>\u00ab Le monde conna\u00eet aujourd\u2019hui des circonstances exceptionnelles et une conjoncture \u00e9conomique difficile li\u00e9e aux r\u00e9percussions de la Covid-19 qui a fortement marqu\u00e9 l\u2019\u00e9conomie mondiale. A cela s\u2019ajoute les retomb\u00e9es n\u00e9fastes du d\u00e9r\u00e8glement climatique et des changements g\u00e9ostrat\u00e9giques, et qui ont provoqu\u00e9 une stagnation compl\u00e8te \u00e0 tous les niveaux\u00bb, a soulign\u00e9 M Achengli.<\/p>\n<p><img loading=\"lazy\" decoding=\"async\" class=\"aligncenter size-full wp-image-400916\" src=\"https:\/\/linitiative.ca\/International\/wp-content\/uploads\/sites\/23\/2022\/02\/RNI-Karim-Achengli.jpg\" alt=\"\" width=\"746\" height=\"380\" srcset=\"https:\/\/linitiative.ca\/International\/wp-content\/uploads\/sites\/23\/2022\/02\/RNI-Karim-Achengli.jpg 746w, https:\/\/aujourdhui.ma\/wp-content\/uploads\/2022\/02\/RNI-Karim-Achengli-300x153.jpg 300w, https:\/\/aujourdhui.ma\/wp-content\/uploads\/2022\/02\/RNI-Karim-Achengli-274x140.jpg 274w, https:\/\/aujourdhui.ma\/wp-content\/uploads\/2022\/02\/RNI-Karim-Achengli-165x84.jpg 165w, https:\/\/aujourdhui.ma\/wp-content\/uploads\/2022\/02\/RNI-Karim-Achengli-702x358.jpg 702w\" sizes=\"auto, (max-width: 746px) 100vw, 746px\"><\/p>\n<p>D\u2019apr\u00e8s lui, \u00able gouvernement marocain dirig\u00e9 par le Rassemblement National des Ind\u00e9pendants et en ex\u00e9cution des hautes orientations royales a d\u00e9j\u00e0 pris un ensemble de mesures urgentes et il a allou\u00e9 les fonds financiers afin d\u2019att\u00e9nuer les effets de la s\u00e9cheresse et am\u00e9liorer les conditions de vie des marocains d\u2019une mani\u00e8re qui leur garantisse une vie d\u00e9cente\u00bb.<\/p>\n<p>Les autres intervenants lors de cette rencontre ont soulign\u00e9 que \u00ables ministres du RNI ont fait preuve de comp\u00e9tence \u00e0 plusieurs reprises, et ont toujours \u00e9t\u00e9 \u00e0 la hauteur des attentes et sont aujourd\u2019hui en mesure de relever tous les d\u00e9fis impos\u00e9s par la conjoncture \u00e9conomique mondiale. Ils sont aussi fiers du bilan d\u2019Aziz Akhannouch \u00e0 la t\u00eate du RNI depuis cinq ans, et qui a pu restructurer cette formation politique arriv\u00e9e premi\u00e8re lors des derni\u00e8res \u00e9ch\u00e9ances \u00e9lectorales. Il travaille aujourd\u2019hui avec les autres composantes de la majorit\u00e9 gouvernementale afin de combler les lacunes et mener les r\u00e9formes n\u00e9cessaires pour la relance\u00bb.<\/p>\n<p>Pour sa part, Lahcen Saadi, pr\u00e9sident de la F\u00e9d\u00e9ration nationale des jeunes du RNI, a soulign\u00e9 \u00abque le RNI se d\u00e9marque par sa capacit\u00e9 d\u2019\u00eatre toujours \u00e0 l\u2019\u00e9coute des citoyens et fait preuve d\u2019une approche proactive qui se base sur la proximit\u00e9 pour trouver des solutions propices aux diff\u00e9rentes probl\u00e9matiques dont la flamb\u00e9e des prix, alors que la pr\u00e9servation du pouvoir d\u2019achat du citoyen demeure l\u2019une des priorit\u00e9s absolues du gouvernement\u00bb.<\/p>\n<p>Et de poursuivre que celui-si a lanc\u00e9 un certain nombre de chantiers qui vont am\u00e9liorer les conditions de vie des marocains.<\/p>\n<\/div>\n<p>Auteur: Mohamed Laabid<br \/>\n<a href=\"https:\/\/aujourdhui.ma\/politique\/agadir-le-rni-attentif-aux-revendications-des-citoyens\">Cliquez ici pour lire l&rsquo;article depuis sa source.<\/a><\/p>\n","protected":false},"excerpt":{"rendered":"<p>Les mesures prises par le gouvernement pour relever les diff\u00e9rents d\u00e9fis \u00e9conomiques et faire face \u00e0 la conjoncture internationale marqu\u00e9e par les effets de la crise de la Covid-19 ont \u00e9t\u00e9 au centre d\u2019une rencontre de communication tenue \u00e0 Agadir \u00e0 l\u2019initiative de la Coordination d\u2019Agadir du Rassemblement National des Ind\u00e9pendants (RNI). D\u00e9roul\u00e9 en pr\u00e9sence [&hellip;]<\/p>\n","protected":false},"author":1759,"featured_media":0,"comment_status":"closed","ping_status":"closed","sticky":false,"template":"","format":"standard","meta":{"fifu_image_url":"https:\/\/aujourdhui.ma\/wp-content\/uploads\/2022\/02\/RNI-Agadir-300x153.jpg","fifu_image_alt":"Agadir : Le RNI attentif aux revendications des citoyens","footnotes":""},"categories":[73,54],"tags":[],"class_list":["post-141693","post","type-post","status-publish","format-standard","hentry","category-actualite","category-maroc"],"_links":{"self":[{"href":"https:\/\/linitiative.ca\/International\/wp-json\/wp\/v2\/posts\/141693","targetHints":{"allow":["GET"]}}],"collection":[{"href":"https:\/\/linitiative.ca\/International\/wp-json\/wp\/v2\/posts"}],"about":[{"href":"https:\/\/linitiative.ca\/International\/wp-json\/wp\/v2\/types\/post"}],"author":[{"embeddable":true,"href":"https:\/\/linitiative.ca\/International\/wp-json\/wp\/v2\/users\/1759"}],"replies":[{"embeddable":true,"href":"https:\/\/linitiative.ca\/International\/wp-json\/wp\/v2\/comments?post=141693"}],"version-history":[{"count":0,"href":"https:\/\/linitiative.ca\/International\/wp-json\/wp\/v2\/posts\/141693\/revisions"}],"wp:attachment":[{"href":"https:\/\/linitiative.ca\/International\/wp-json\/wp\/v2\/media?parent=141693"}],"wp:term":[{"taxonomy":"category","embeddable":true,"href":"https:\/\/linitiative.ca\/International\/wp-json\/wp\/v2\/categories?post=141693"},{"taxonomy":"post_tag","embeddable":true,"href":"https:\/\/linitiative.ca\/International\/wp-json\/wp\/v2\/tags?post=141693"}],"curies":[{"name":"wp","href":"https:\/\/api.w.org\/{rel}","templated":true}]}}