{"id":141697,"date":"2022-02-24T13:00:00","date_gmt":"2022-02-24T18:00:00","guid":{"rendered":"https:\/\/linitiative.ca\/International\/couleurs-et-sensualite-cinq-choses-a-retenir\/"},"modified":"2022-02-24T13:00:00","modified_gmt":"2022-02-24T18:00:00","slug":"couleurs-et-sensualite-cinq-choses-a-retenir","status":"publish","type":"post","link":"https:\/\/linitiative.ca\/International\/couleurs-et-sensualite-cinq-choses-a-retenir\/","title":{"rendered":"Couleurs et sensualit\u00e9: cinq choses \u00e0 retenir"},"content":{"rendered":"<div>\n<p class=\"has-text-align-center has-vivid-cyan-blue-color has-text-color\"><strong>Fashion Week de Londres<\/strong><\/p>\n<p class=\"has-black-color has-text-color\"><strong>A l\u2019image d\u2019une industrie de la mode optimiste sur une sortie de pand\u00e9mie, la Fashion Week de Londres consacr\u00e9e aux collections automne\/hiver 2022-2023 qui s\u2019est achev\u00e9e mardi a \u00e9t\u00e9 marqu\u00e9e par des d\u00e9fil\u00e9s empreints de couleur et de sensualit\u00e9<br \/>Voici cinq choses qui se sont d\u00e9marqu\u00e9es lors des cinq jours de d\u00e9fil\u00e9s, en personne ou virtuels.<\/strong><\/p>\n<p class=\"has-black-color has-text-color\">Dans une ville r\u00e9put\u00e9e pour ses \u00e9coles de mode, la London Fashion Week constitue une importante vitrine pour de jeunes cr\u00e9ateurs, qui ont occup\u00e9 le devant de la sc\u00e8ne cette ann\u00e9e en l\u2019absence de noms bien \u00e9tablis comme Victoria Beckham et Burberry, tandis que l\u2019ic\u00f4ne de mode punk Vivienne Westwood a opt\u00e9 pour une courte pr\u00e9sentation vid\u00e9o.<br \/>Victoria Beckham, qui s\u2019est plainte dans une interview du co\u00fbt de l\u2019organisation des d\u00e9fil\u00e9s, a fait une apparition surprise au premier rang du d\u00e9fil\u00e9 Supriya Lele, connue pour ses cr\u00e9ations sensuelles tout en transparence.<br \/>Les collections pr\u00e9sent\u00e9es n\u2019ont pas manqu\u00e9 de sex appeal, les cr\u00e9ateurs adoptant la tendance actuelle pour la mini-jupe, du tartan punk de Westwood aux fausses fourrures pastel du tr\u00e8s prometteur designer am\u00e9ricain d\u2019origine asiatique, Chet Lo.<\/p>\n<p class=\"has-black-color has-text-color\">La marque britannique Poster Girl, connue pour ses robes ultra-r\u00e9v\u00e9latrices port\u00e9es par des c\u00e9l\u00e9brit\u00e9s comme Kylie Jenner et Dua Lipa, a fait son premier d\u00e9fil\u00e9 sur le th\u00e8me de l\u2019apr\u00e8s-ski, avec des pi\u00e8ces couleur n\u00e9on, comme des manteaux bouffants orn\u00e9s de fausse fourrure.<br \/>Encore plus minimaliste, la jeune cr\u00e9atrice albanaise Nensi Dojaka s\u2019est fait remarquer pour ses robes \u00e0 ficelles \u00e9voquant des pi\u00e8ces de lingerie.<br \/>D\u2019autres cr\u00e9ateurs ont fait eux le choix d\u2019ornements \u00e9labor\u00e9s \u2013 franges, appliques fleurs, cristaux Swarovski et sequins.<br \/>Chez Yuhan Wang, styliste d\u2019origine chinoise, les mannequins portaient de faux cils \u00e9th\u00e9r\u00e9s accord\u00e9s \u00e0 leurs tenues. L\u2019une d\u2019elles, couverte d\u2019un manteau en fausse fourrure, c\u00e2linait dans ses bras un vrai chat aux longs poils, parce que \u00ab\u00a0les femmes sont comme des chats\u00a0\u00bb, a expliqu\u00e9 Yuhan Wang: \u00ab\u00a0Nous pouvons parfois \u00eatre tr\u00e8s mignonnes, mais parfois on mord\u00a0\u00bb.<\/p>\n<p class=\"has-black-color has-text-color\">Certains se sont inspir\u00e9s de l\u2019histoire, comme l\u2019Irlandaise Simone Rocha pour ses robes volumineuses \u00e9voquant l\u2019\u00e9poque victorienne.<br \/>L\u2019\u00e9toile montante S.S. Daley, diminutif de Steven Stokey-Daley, qualifi\u00e9 par le magazine GQ comme \u00ab\u00a0l\u2019une des voix les plus excitantes de la mode britannique masculine\u00a0\u00bb, a mis en sc\u00e8ne un show \u00e9voquant le d\u00e9but du 20e si\u00e8cle, avec pantalons aux jambes amples et d\u00e9bardeurs en tricot, reflet de ses pr\u00e9occupations sur la soci\u00e9t\u00e9 de classe britannique.<br \/>La diversit\u00e9 s\u2019est davantage affich\u00e9e, avec des mannequins blancs, noirs ou asiatiques participant aux d\u00e9fil\u00e9s.<br \/>Ozwald Boateng, ancien directeur de la cr\u00e9ation de Givenchy homme, premier designer noir \u00e0 ce poste dans une maison de luxe, a c\u00e9l\u00e9br\u00e9 dans un d\u00e9fil\u00e9 \u00e0 l\u2019h\u00f4tel Savoy \u00ab\u00a0l\u2019influence de la culture noire au Royaume-Uni au cours des 40 derni\u00e8res ann\u00e9es\u00a0\u00bb.<\/p>\n<p class=\"has-black-color has-text-color\">N\u00e9s de parents ghan\u00e9ens, Boateng a reconnu qu\u2019il avait eu, dans le pass\u00e9, l\u2019habitude de nier \u00eatre confront\u00e9 au racisme lors d\u2019interviews.<br \/>Mais le meurtre de \u00ab\u00a0George Floyd a un eu un impact sur moi et je pense que nous sommes maintenant \u00e0 un moment o\u00f9 on peut finalement vraiment dire ce qui compte\u00a0\u00bb, a soulign\u00e9 aupr\u00e8s de l\u2019AFP ce grand nom de la mode britannique, connu pour ses cr\u00e9ations vives.<br \/>Le jeune cr\u00e9ateur britannique Saul Nash a lui explor\u00e9 la culture afro-carib\u00e9enne de son pays, r\u00e9flexion sur son h\u00e9ritage guyanien.<\/p>\n<p class=\"has-black-color has-text-color\">D\u2019autres, comme Poster Girl, Nensi Dojaka, Supriya Lele et Yuhan Wang, ont tent\u00e9 de d\u00e9monter les tabous autour du poids en recourant \u00e0 des mannequins plus enrob\u00e9s.<br \/>\u00ab\u00a0A chaque saison, j\u2019en apprends davantage, et comment habiller toutes les formes\u00a0\u00bb, a confi\u00e9 Dojaka au Times. \u00ab\u00a0Pour moi, le pouvoir vient de la diversit\u00e9\u00a0\u00bb, estime Wang.<br \/>La mode durable a \u00e9galement \u00e9t\u00e9 \u00e0 l\u2019honneur de cette Fashion Week. La styliste irlandaise Robyn Lynch s\u2019est r\u00e9appropri\u00e9 des invendus de la marque am\u00e9ricaine de v\u00eatements de sports et de loisirs Columbia. Le jeune designer Matty Bovan a retravaill\u00e9 des v\u00eatements existants d\u2019autres stylistes.<\/p>\n<p>L\u2019article <a rel=\"nofollow\" href=\"http:\/\/albayane.press.ma\/couleurs-et-sensualite-cinq-choses-a-retenir.html\">Couleurs et sensualit\u00e9: cinq choses \u00e0 retenir<\/a> est apparu en premier sur <a rel=\"nofollow\" href=\"http:\/\/albayane.press.ma\/\">ALBAYANE<\/a>.<\/p>\n<\/div>\n<p>Auteur: M&rsquo;hammed rahal<br \/>\n<a href=\"http:\/\/albayane.press.ma\/couleurs-et-sensualite-cinq-choses-a-retenir.html\">Cliquez ici pour lire l&rsquo;article depuis sa source.<\/a><\/p>\n","protected":false},"excerpt":{"rendered":"<p>Fashion Week de Londres A l\u2019image d\u2019une industrie de la mode optimiste sur une sortie de pand\u00e9mie, la Fashion Week de Londres consacr\u00e9e aux collections automne\/hiver 2022-2023 qui s\u2019est achev\u00e9e mardi a \u00e9t\u00e9 marqu\u00e9e par des d\u00e9fil\u00e9s empreints de couleur et de sensualit\u00e9Voici cinq choses qui se sont d\u00e9marqu\u00e9es lors des cinq jours de d\u00e9fil\u00e9s, [&hellip;]<\/p>\n","protected":false},"author":1760,"featured_media":0,"comment_status":"closed","ping_status":"closed","sticky":false,"template":"","format":"standard","meta":{"fifu_image_url":"","fifu_image_alt":"","footnotes":""},"categories":[73,54],"tags":[],"class_list":["post-141697","post","type-post","status-publish","format-standard","hentry","category-actualite","category-maroc"],"_links":{"self":[{"href":"https:\/\/linitiative.ca\/International\/wp-json\/wp\/v2\/posts\/141697","targetHints":{"allow":["GET"]}}],"collection":[{"href":"https:\/\/linitiative.ca\/International\/wp-json\/wp\/v2\/posts"}],"about":[{"href":"https:\/\/linitiative.ca\/International\/wp-json\/wp\/v2\/types\/post"}],"author":[{"embeddable":true,"href":"https:\/\/linitiative.ca\/International\/wp-json\/wp\/v2\/users\/1760"}],"replies":[{"embeddable":true,"href":"https:\/\/linitiative.ca\/International\/wp-json\/wp\/v2\/comments?post=141697"}],"version-history":[{"count":0,"href":"https:\/\/linitiative.ca\/International\/wp-json\/wp\/v2\/posts\/141697\/revisions"}],"wp:attachment":[{"href":"https:\/\/linitiative.ca\/International\/wp-json\/wp\/v2\/media?parent=141697"}],"wp:term":[{"taxonomy":"category","embeddable":true,"href":"https:\/\/linitiative.ca\/International\/wp-json\/wp\/v2\/categories?post=141697"},{"taxonomy":"post_tag","embeddable":true,"href":"https:\/\/linitiative.ca\/International\/wp-json\/wp\/v2\/tags?post=141697"}],"curies":[{"name":"wp","href":"https:\/\/api.w.org\/{rel}","templated":true}]}}