{"id":141698,"date":"2022-02-24T13:00:00","date_gmt":"2022-02-24T18:00:00","guid":{"rendered":"https:\/\/linitiative.ca\/International\/vague-de-condamnations-occidentales\/"},"modified":"2022-02-24T13:00:00","modified_gmt":"2022-02-24T18:00:00","slug":"vague-de-condamnations-occidentales","status":"publish","type":"post","link":"https:\/\/linitiative.ca\/International\/vague-de-condamnations-occidentales\/","title":{"rendered":"Vague de condamnations occidentales"},"content":{"rendered":"<div>\n<p class=\"has-text-align-center has-vivid-cyan-blue-color has-text-color\"><strong>Apr\u00e8s l\u2019invasion russe en Ukraine<\/strong><\/p>\n<p class=\"has-black-color has-text-color\"><strong>L\u2019invasion de l\u2019Ukraine d\u00e9clench\u00e9e jeudi par le pr\u00e9sident russe Vladimir suscite une vague de condamnations, notamment en Occident, dont voici les plus importantes r\u00e9actions \u2026<\/strong><\/p>\n<p class=\"has-vivid-red-color has-text-color\"><strong>Joe Biden, pr\u00e9sident des Etats-Unis\u00a0: \u00ab\u00a0Poutine a choisi une \u00a0guerre pr\u00e9m\u00e9dit\u00e9e\u00a0\u00bb<\/strong><\/p>\n<div class=\"wp-block-image\">\n<figure class=\"alignright size-large is-resized\"><img decoding=\"async\" loading=\"lazy\" src=\"https:\/\/linitiative.ca\/International\/wp-content\/uploads\/sites\/23\/2022\/02\/1-172-640x360-1.jpg\" alt=\"\" class=\"wp-image-133129\" width=\"250\" height=\"150\"><\/figure>\n<\/div>\n<p class=\"has-black-color has-text-color\">Le pr\u00e9sident am\u00e9ricain Joe Biden a d\u00e9nonc\u00e9 mercredi soir \u00ab\u00a0l\u2019attaque injustifi\u00e9e\u00a0\u00bb de la Russie contre l\u2019Ukraine, apr\u00e8s que son homologue russe Vladimir Poutine a annonc\u00e9 une \u00ab\u00a0op\u00e9ration militaire\u00a0\u00bb pour d\u00e9fendre les s\u00e9paratistes de l\u2019est du pays.<\/p>\n<p class=\"has-black-color has-text-color\">\u00ab\u00a0Le pr\u00e9sident Poutine a choisi (de lancer) une guerre pr\u00e9m\u00e9dit\u00e9e qui entra\u00eenera des souffrances et pertes humaines catastrophiques\u00a0\u00bb, a dit M. Biden dans un communiqu\u00e9. \u00ab\u00a0La Russie, seule, est responsable de la mort et de la destruction que cette attaque provoquera\u00a0\u00bb, a-t-il insist\u00e9. Plusieurs \u00e9lus am\u00e9ricains des deux bords ont fustig\u00e9 la d\u00e9cision de M. Poutine.<\/p>\n<p class=\"has-black-color has-text-color\">Le s\u00e9nateur d\u00e9mocrate Mark Warner, chef de la commission du Renseignement, a exhort\u00e9 les Etats-Unis et l\u2019Otan \u00e0 se montrer \u00ab\u00a0unis\u00a0\u00bb pour faire face aux tentatives de \u00ab\u00a0Poutine de raviver l\u2019empire russe aux d\u00e9pens du peuple ukrainien\u00a0\u00bb.<\/p>\n<p class=\"has-vivid-red-color has-text-color\"><strong>Wang Yi, ministre chinois des affaires \u00e9trang\u00e8res : \u00ab\u00a0Nous comprenons les pr\u00e9occupations raisonnables de la Russie\u00a0\u00bb<\/strong><\/p>\n<div class=\"wp-block-image\">\n<figure class=\"alignright size-large is-resized\"><img decoding=\"async\" loading=\"lazy\" src=\"https:\/\/linitiative.ca\/International\/wp-content\/uploads\/sites\/23\/2022\/02\/2-118.jpg\" alt=\"\" class=\"wp-image-133130\" width=\"250\" height=\"150\"><\/figure>\n<\/div>\n<p class=\"has-black-color has-text-color\">La Chine \u00ab\u00a0comprend les pr\u00e9occupations raisonnables de la Russie en mati\u00e8re de s\u00e9curit\u00e9\u00a0\u00bb, a d\u00e9clar\u00e9 jeudi le ministre chinois des Affaires \u00e9trang\u00e8res, Wang Yi, \u00e0 son homologue russe Sergue\u00ef Lavrov, alors que Moscou a attaqu\u00e9 l\u2019Ukraine.<\/p>\n<p class=\"has-black-color has-text-color\">\u00ab\u00a0La Chine a toujours respect\u00e9 la souverainet\u00e9 et l\u2019int\u00e9grit\u00e9 territoriale de tous les pays\u00a0\u00bb, a d\u00e9clar\u00e9 M. Wang, selon un compte-rendu de l\u2019entretien t\u00e9l\u00e9phonique diffus\u00e9 par son minist\u00e8re. \u00ab\u00a0En m\u00eame temps, nous avons aussi constat\u00e9 que la question ukrainienne relevait d\u2019une histoire particuli\u00e8re et compliqu\u00e9e. Nous comprenons les pr\u00e9occupations raisonnables de la Russie en mati\u00e8re de s\u00e9curit\u00e9\u00a0\u00bb, a-t-il dit.<\/p>\n<p class=\"has-vivid-red-color has-text-color\"><strong>Olaf Scholz, chancelier allemand: \u00abPoutine a commis une grave erreur\u00bb<\/strong><\/p>\n<div class=\"wp-block-image\">\n<figure class=\"alignright size-large is-resized\"><img decoding=\"async\" loading=\"lazy\" src=\"https:\/\/linitiative.ca\/International\/wp-content\/uploads\/sites\/23\/2022\/02\/3-94-640x360-1.jpg\" alt=\"\" class=\"wp-image-133131\" width=\"250\" height=\"150\"><\/figure>\n<\/div>\n<p class=\"has-black-color has-text-color\">L\u2019invasion russe de l\u2019Ukraine \u00ab\u00a0met en danger la vie d\u2019innombrables innocents\u00a0\u00bb et \u00ab\u00a0remet en cause la paix\u00a0\u00bb en Europe, a estim\u00e9 jeudi Olaf Scholz.<\/p>\n<p class=\"has-black-color has-text-color\">\u00ab\u00a0Le pr\u00e9sident russe enfreint une fois de plus de mani\u00e8re flagrante le droit international\u00a0\u00bb, a d\u00e9nonc\u00e9 dans une d\u00e9claration \u00e0 la presse le chancelier allemand, pour qui \u00ab\u00a0rien ne peut justifier tout cela\u00a0\u00bb.<\/p>\n<p class=\"has-black-color has-text-color\">\u00ab\u00a0C\u2019est la guerre de Poutine\u00a0\u00bb, a martel\u00e9 le dirigeant allemand qui a convoqu\u00e9 les d\u00e9put\u00e9s allemands en session extraordinaire dimanche.<\/p>\n<p class=\"has-black-color has-text-color\">\u00ab\u00a0Poutine apporte ainsi la souffrance et la destruction \u00e0 ses voisins directs, il viole la souverainet\u00e9 et les fronti\u00e8res de l\u2019Ukraine, il met en danger la vie d\u2019innombrables innocents en Ukraine et en fin de compte, il remet en cause la paix sur notre continent\u00a0\u00bb, a fustig\u00e9 le successeur d\u2019Angela Merkel.<\/p>\n<p class=\"has-black-color has-text-color\">\u00ab\u00a0En tant que pr\u00e9sident du G7, je m\u2019engagerai cet apr\u00e8s-midi, lors d\u2019une vid\u00e9oconf\u00e9rence des chefs d\u2019Etat et de gouvernement du G7, en faveur d\u2019une r\u00e9action uniforme et claire\u00a0\u00bb, a-t-il pr\u00e9venu, promettant de \u00ab\u00a0nouvelles sanctions s\u00e9v\u00e8res\u00a0\u00bb contre Moscou.<\/p>\n<p class=\"has-black-color has-text-color\">\u00ab\u00a0Nous verrons que Poutine a commis une grave erreur avec sa guerre\u00a0\u00bb, a-t-il ass\u00e9n\u00e9, demandant \u00e0 la Russie de \u00ab\u00a0stopper imm\u00e9diatement l\u2019attaque militaire et le bain de sang\u00a0\u00bb.<\/p>\n<p class=\"has-vivid-red-color has-text-color\"><strong>Emmanuel Macron, pr\u00e9sident de la France : \u00ab mettre imm\u00e9diatement fin \u00e0 ses op\u00e9rations militaires \u00bb<\/strong><\/p>\n<div class=\"wp-block-image\">\n<figure class=\"alignright size-large is-resized\"><img decoding=\"async\" loading=\"lazy\" src=\"https:\/\/linitiative.ca\/International\/wp-content\/uploads\/sites\/23\/2022\/02\/4-72-640x360-1.jpg\" alt=\"\" class=\"wp-image-133132\" width=\"250\" height=\"150\"><\/figure>\n<\/div>\n<p class=\"has-black-color has-text-color\">\u00ab\u00a0La France condamne fermement la d\u00e9cision de la Russie de faire la guerre \u00e0 l\u2019Ukraine\u00a0\u00bb, a r\u00e9agi jeudi matin le pr\u00e9sident Emmanuel Macron, qui a convoqu\u00e9 un conseil de d\u00e9fense avant des r\u00e9unions de crise pr\u00e9vues avec le G7 et l\u2019Union europ\u00e9enne.<\/p>\n<p class=\"has-black-color has-text-color\">Le chef de l\u2019Etat a exhort\u00e9 Moscou \u00e0 \u00ab\u00a0mettre imm\u00e9diatement fin \u00e0 ses op\u00e9rations militaires\u00a0\u00bb.<\/p>\n<p class=\"has-black-color has-text-color\">\u00ab\u00a0La France est solidaire de l\u2019Ukraine. Elle se tient aux c\u00f4t\u00e9s des Ukrainiens et agit avec ses partenaires et alli\u00e9s pour que cesse la guerre\u00a0\u00bb, a-t-il ajout\u00e9 dans deux tweets.<\/p>\n<p class=\"has-black-color has-text-color\">Emmanuel Macron a \u00e9galement affirm\u00e9 \u00ab\u00a0tout le soutien et la solidarit\u00e9 de la France\u00a0\u00bb en appelant le pr\u00e9sident ukrainien Volodymyr Zelensky, qu\u2019il a eu \u00ab\u00a0sur son portable\u00a0\u00bb, selon l\u2019Elys\u00e9e.<\/p>\n<p class=\"has-black-color has-text-color\">Ce dernier lui a \u00ab\u00a0demand\u00e9 des interventions multiples pour soutenir l\u2019Ukraine\u00a0\u00bb et de \u00ab\u00a0faire unit\u00e9 en Europ\u00e9ens\u00a0\u00bb, a pr\u00e9cis\u00e9 la pr\u00e9sidence.<\/p>\n<p class=\"has-black-color has-text-color\">Le pr\u00e9sident russe Vladimir Poutine a annonc\u00e9 \u00e0 l\u2019aube une \u00ab\u00a0op\u00e9ration militaire\u00a0\u00bb en Ukraine, o\u00f9 de puissantes explosions ont retenti dans plusieurs villes du pays, Kiev affirmant qu\u2019une \u00ab\u00a0invasion de grande ampleur\u00a0\u00bb \u00e9tait en cours.<\/p>\n<p class=\"has-black-color has-text-color\">Face \u00e0 cette situation, \u00ab\u00a0la concertation entre partenaires et alli\u00e9s va \u00eatre intense toute la journ\u00e9e\u00a0\u00bb, a soulign\u00e9 l\u2019Elys\u00e9e.<\/p>\n<p class=\"has-vivid-red-color has-text-color\"><strong>Tayyip Erdogan, pr\u00e9sident de la Turquie : \u00ab un coup dur port\u00e9 \u00e0 la paix \u00bb<\/strong><\/p>\n<div class=\"wp-block-image\">\n<figure class=\"alignright size-large is-resized\"><img decoding=\"async\" loading=\"lazy\" src=\"https:\/\/linitiative.ca\/International\/wp-content\/uploads\/sites\/23\/2022\/02\/5-44-640x360-1.jpg\" alt=\"\" class=\"wp-image-133133\" width=\"250\" height=\"150\"><\/figure>\n<\/div>\n<p class=\"has-black-color has-text-color\">Le pr\u00e9sident turc Recep Tayyip Erdogan a d\u00e9nonc\u00e9 jeudi \u00ab\u00a0un coup dur port\u00e9 \u00e0 la paix et \u00e0 la stabilit\u00e9 r\u00e9gionale\u00a0\u00bb apr\u00e8s l\u2019invasion de l\u2019Ukraine par l\u2019arm\u00e9e russe, lors d\u2019une allocution au si\u00e8ge de la pr\u00e9sidence retranmise \u00e0 la t\u00e9l\u00e9vision.<\/p>\n<p class=\"has-black-color has-text-color\">\u00ab\u00a0Nous rejetons cette op\u00e9ration inacceptable\u00a0\u00bb, a poursuivi le chef de l\u2019Etat renouvelant ses appels \u00e0 r\u00e9soudre les probl\u00e8mes \u00ab\u00a0par le dialogue\u00a0\u00bb.<\/p>\n<p class=\"has-black-color has-text-color\">Le pr\u00e9sident turc Recep Tayyip Erdogan a pr\u00e9venu mercredi par t\u00e9l\u00e9phone son homologue russe Vladimir Poutine que \u00ab\u00a0la Turquie ne reconna\u00eetra aucune mesure affectant l\u2019int\u00e9grit\u00e9 territoriale de l\u2019Ukraine\u00a0\u00bb, a rapport\u00e9 la pr\u00e9sidence turque.<\/p>\n<p class=\"has-black-color has-text-color\">Le chef de l\u2019Etat turc a \u00e9galement annonc\u00e9 qu\u2019il entendait poursuivre l\u2019exploration des voies diplomatiques et soulign\u00e9 \u00ab\u00a0qu\u2019un conflit militaire n\u2019apportera rien \u00e0 personne\u00a0\u00bb, selon la pr\u00e9sidence qui n\u2019a pas pr\u00e9cis\u00e9 la dur\u00e9e de la conversation entre les deux dirigeants.<\/p>\n<p class=\"has-vivid-red-color has-text-color\"><strong>Boris Johnson, premier ministre britannique : \u00abcette entreprise atroce et barbare doit se solder par un \u00e9chec\u00bb<\/strong><\/p>\n<div class=\"wp-block-image\">\n<figure class=\"alignright size-large is-resized\"><img decoding=\"async\" loading=\"lazy\" src=\"https:\/\/linitiative.ca\/International\/wp-content\/uploads\/sites\/23\/2022\/02\/6-25-640x360-1.jpg\" alt=\"\" class=\"wp-image-133134\" width=\"250\" height=\"150\"><\/figure>\n<\/div>\n<p class=\"has-black-color has-text-color\">Le Premier ministre britannique Boris Johnson a averti jeudi que les Occidentaux imposeraient des sanctions \u00ab\u00a0massives\u00a0\u00bb visant l\u2019\u00e9conomie russe en r\u00e9action \u00e0 l\u2019invasion de l\u2019Ukraine, qualifiant Vladimir Poutine de \u00ab\u00a0dictateur\u00a0\u00bb.<\/p>\n<p class=\"has-black-color has-text-color\">\u00ab\u00a0Diplomatiquement, politiquement, \u00e9conomiquement, et en fin de compte militairement, cette entreprise atroce et barbare de Vladimir Poutine doit se solder par un \u00e9chec\u00a0\u00bb, a d\u00e9clar\u00e9 le chef du gouvernement britannique dans une adresse t\u00e9l\u00e9vis\u00e9e aux Britanniques.<\/p>\n<p class=\"has-black-color has-text-color\">Boris Johnson a qualifi\u00e9 l\u2019invasion russe de l\u2019Ukraine de \u00ab\u00a0catastrophe pour le continent\u00a0\u00bb europ\u00e9en.<\/p>\n<p class=\"has-black-color has-text-color\">Le Premier ministre britannique a pr\u00e9sid\u00e9 en matin\u00e9e de jeudi\u00a0 une r\u00e9union de crise \u00e0 Downing Street et promis une r\u00e9ponse \u00ab\u00a0d\u00e9cisive\u00a0\u00bb \u00e0 l\u2019invasion lanc\u00e9e par l\u2019arm\u00e9e russe. \u00ab\u00a0C\u2019est une catastrophe pour notre continent\u00a0\u00bb, a-t-il tweet\u00e9.<\/p>\n<p class=\"has-black-color has-text-color\">M. Johnson a assur\u00e9 sur Twitter que le Royaume-Uni et ses alli\u00e9s r\u00e9pondraient \u00ab\u00a0de mani\u00e8re d\u00e9cisive\u00a0\u00bb, \u00e0 la suite d\u2019un entretien avec le pr\u00e9sident ukrainien Volodymyr Zelensky.<\/p>\n<p class=\"has-black-color has-text-color\">\u00ab\u00a0Le Royaume-Uni va, en accord \u00e9troit avec nos partenaires internationaux, pr\u00e9senter des sanctions d\u2019un niveau sans pr\u00e9c\u00e9dent pour punir cette agression\u00a0\u00bb, a d\u00e9clar\u00e9 le secr\u00e9taire d\u2019Etat aux Affaires \u00e9trang\u00e8res, James Cleverly, sur Sky News.<\/p>\n<p class=\"has-vivid-red-color has-text-color\"><strong>Justin Trudeau, Premier ministre canadien : \u00ab des actes qui ne resteront pas impunis \u00bb<\/strong><\/p>\n<div class=\"wp-block-image\">\n<figure class=\"alignright size-large is-resized\"><img decoding=\"async\" loading=\"lazy\" src=\"https:\/\/linitiative.ca\/International\/wp-content\/uploads\/sites\/23\/2022\/02\/7-13-640x360-1.jpg\" alt=\"\" class=\"wp-image-133135\" width=\"250\" height=\"150\"><\/figure>\n<\/div>\n<p class=\"has-black-color has-text-color\">Le Canada a d\u00e9nonc\u00e9 dans la nuit de mercredi \u00e0 jeudi les \u00ab\u00a0actes r\u00e9voltants\u00a0\u00bb de la Russie en Ukraine, assurant qu\u2019ils \u00ab\u00a0ne resteront pas impunis\u00a0\u00bb, a fait savoir le Premier ministre canadien Justin Trudeau dans un communiqu\u00e9.<\/p>\n<p class=\"has-black-color has-text-color\">\u00ab\u00a0Le Canada condamne dans les termes les plus fermes qui soient l\u2019attaque injustifiable de la Russie contre l\u2019Ukraine\u00a0\u00bb, note M. Trudeau, invoquant une \u00ab\u00a0violation flagrante de la souverainet\u00e9 et de l\u2019int\u00e9grit\u00e9 territoriale\u00a0\u00bb de Kiev.<\/p>\n<p class=\"has-black-color has-text-color\">Le Premier ministre canadien \u00ab\u00a0exhorte la Russie \u00e0 mettre fin imm\u00e9diatement \u00e0 toute action hostile et provocatrice contre l\u2019Ukraine\u00a0\u00bb, \u00e0 retirer ses troupes du pays et \u00e0 respecter \u00ab\u00a0la souverainet\u00e9 et l\u2019int\u00e9grit\u00e9 territoriale de l\u2019Ukraine.\u00a0\u00bb<\/p>\n<p class=\"has-black-color has-text-color\">Les actions d\u00e9cid\u00e9es par le pr\u00e9sident russe Vladimir Poutine \u00ab\u00a0auront de lourdes cons\u00e9quences\u00a0\u00bb, poursuit Justin Trudeau, qui va s\u2019entretenir avec les pays du G7 et de l\u2019Otan pour \u00ab\u00a0apporter une r\u00e9ponse collective \u00e0 ces actes irresponsables et dangereux, notamment par l\u2019imposition d\u2019importantes sanctions\u00a0\u00bb suppl\u00e9mentaires.<\/p>\n<p class=\"has-black-color has-text-color\">Mardi, son gouvernement avait d\u00e9j\u00e0 annonc\u00e9, dans la foul\u00e9e des Occidentaux, une \u00ab\u00a0s\u00e9rie de sanctions\u00a0\u00bb \u00e9conomiques contre la Russie: interdiction des transactions avec les territoires s\u00e9paratistes prorusses, sanctions contre des parlementaires et banques russes et interdiction aux Canadiens d\u2019acheter de la dette russe.<\/p>\n<p class=\"has-vivid-red-color has-text-color\"><strong>Volodymyr Zelensky, pr\u00e9sident ukrainien\u00a0: \u00ab\u00a0la Russie a attaqu\u00e9 l\u2019Ukraine de fa\u00e7on l\u00e2che\u2026\u00bb<\/strong><\/p>\n<div class=\"wp-block-image\">\n<figure class=\"alignright size-large is-resized\"><img decoding=\"async\" loading=\"lazy\" src=\"https:\/\/linitiative.ca\/International\/wp-content\/uploads\/sites\/23\/2022\/02\/8-3-640x360-1.jpg\" alt=\"\" class=\"wp-image-133136\" width=\"250\" height=\"150\"><\/figure>\n<\/div>\n<p class=\"has-black-color has-text-color\">Le pr\u00e9sident ukrainien Volodymyr Zelensky a compar\u00e9 jeudi l\u2019invasion russe de l\u2019Ukraine aux agissements de \u00ab\u00a0l\u2019Allemagne nazie\u00a0\u00bb pendant la Deuxi\u00e8me guerre mondiale.<\/p>\n<p class=\"has-black-color has-text-color\">\u00ab\u00a0La Russie a attaqu\u00e9 l\u2019Ukraine de fa\u00e7on l\u00e2che et suicidaire comme le faisait l\u2019Allemagne nazie pendant la Deuxi\u00e8me guerre mondiale\u00a0\u00bb, a d\u00e9clar\u00e9 M. Zelensky au cours d\u2019un briefing retransmis sur Facebook.<\/p>\n<p class=\"has-black-color has-text-color\">Il a \u00e9galement appel\u00e9 les Russes \u00e0 \u00ab\u00a0sortir\u00a0\u00bb dans la rue pour \u00ab\u00a0protester contre cette guerre\u00a0\u00bb.<\/p>\n<p class=\"has-black-color has-text-color\">M. Zelensky a en outre exhort\u00e9 les Ukrainiens \u00e0 rejoindre les unit\u00e9s de d\u00e9fense territoriale.<\/p>\n<p class=\"has-black-color has-text-color\">\u00ab\u00a0Ceux qui ont une exp\u00e9rience de combat et sont aptes \u00e0 rejoindre la d\u00e9fense de l\u2019Ukraine doivent se pr\u00e9senter aux centres de recrutement du minist\u00e8re de l\u2019Int\u00e9rieur\u00a0\u00bb, a-t-il poursuivi.<\/p>\n<p>L\u2019article <a rel=\"nofollow\" href=\"http:\/\/albayane.press.ma\/vague-de-condamnations-occidentales.html\">Vague de condamnations occidentales<\/a> est apparu en premier sur <a rel=\"nofollow\" href=\"http:\/\/albayane.press.ma\/\">ALBAYANE<\/a>.<\/p>\n<\/div>\n<p>Auteur: M&rsquo;hammed rahal<br \/>\n<a href=\"http:\/\/albayane.press.ma\/vague-de-condamnations-occidentales.html\">Cliquez ici pour lire l&rsquo;article depuis sa source.<\/a><\/p>\n","protected":false},"excerpt":{"rendered":"<p>Apr\u00e8s l\u2019invasion russe en Ukraine L\u2019invasion de l\u2019Ukraine d\u00e9clench\u00e9e jeudi par le pr\u00e9sident russe Vladimir suscite une vague de condamnations, notamment en Occident, dont voici les plus importantes r\u00e9actions \u2026 Joe Biden, pr\u00e9sident des Etats-Unis\u00a0: \u00ab\u00a0Poutine a choisi une \u00a0guerre pr\u00e9m\u00e9dit\u00e9e\u00a0\u00bb Le pr\u00e9sident am\u00e9ricain Joe Biden a d\u00e9nonc\u00e9 mercredi soir \u00ab\u00a0l\u2019attaque injustifi\u00e9e\u00a0\u00bb de la Russie [&hellip;]<\/p>\n","protected":false},"author":1760,"featured_media":0,"comment_status":"closed","ping_status":"closed","sticky":false,"template":"","format":"standard","meta":{"fifu_image_url":"http:\/\/albayane.press.ma\/wp-content\/uploads\/1-172-640x360.jpg","fifu_image_alt":"Vague de condamnations occidentales","footnotes":""},"categories":[73,54],"tags":[],"class_list":["post-141698","post","type-post","status-publish","format-standard","hentry","category-actualite","category-maroc"],"_links":{"self":[{"href":"https:\/\/linitiative.ca\/International\/wp-json\/wp\/v2\/posts\/141698","targetHints":{"allow":["GET"]}}],"collection":[{"href":"https:\/\/linitiative.ca\/International\/wp-json\/wp\/v2\/posts"}],"about":[{"href":"https:\/\/linitiative.ca\/International\/wp-json\/wp\/v2\/types\/post"}],"author":[{"embeddable":true,"href":"https:\/\/linitiative.ca\/International\/wp-json\/wp\/v2\/users\/1760"}],"replies":[{"embeddable":true,"href":"https:\/\/linitiative.ca\/International\/wp-json\/wp\/v2\/comments?post=141698"}],"version-history":[{"count":0,"href":"https:\/\/linitiative.ca\/International\/wp-json\/wp\/v2\/posts\/141698\/revisions"}],"wp:attachment":[{"href":"https:\/\/linitiative.ca\/International\/wp-json\/wp\/v2\/media?parent=141698"}],"wp:term":[{"taxonomy":"category","embeddable":true,"href":"https:\/\/linitiative.ca\/International\/wp-json\/wp\/v2\/categories?post=141698"},{"taxonomy":"post_tag","embeddable":true,"href":"https:\/\/linitiative.ca\/International\/wp-json\/wp\/v2\/tags?post=141698"}],"curies":[{"name":"wp","href":"https:\/\/api.w.org\/{rel}","templated":true}]}}