{"id":14170,"date":"2019-02-14T08:04:38","date_gmt":"2019-02-14T13:04:38","guid":{"rendered":"https:\/\/linitiative.ca\/International\/porte-par-la-fondation-hem-les-jeunes-du-sud-beneficient-du-programme-raed-generation-leaders-citoyens\/"},"modified":"2019-02-14T08:04:38","modified_gmt":"2019-02-14T13:04:38","slug":"porte-par-la-fondation-hem-les-jeunes-du-sud-beneficient-du-programme-raed-generation-leaders-citoyens","status":"publish","type":"post","link":"https:\/\/linitiative.ca\/International\/porte-par-la-fondation-hem-les-jeunes-du-sud-beneficient-du-programme-raed-generation-leaders-citoyens\/","title":{"rendered":"Port\u00e9 par la fondation HEM : Les jeunes du Sud b\u00e9n\u00e9ficient du programme Ra\u2019ed \u00abG\u00e9n\u00e9ration Leaders Citoyens\u00bb"},"content":{"rendered":"<p><img decoding=\"async\" class=\"post_layout_5_img\" src=\"http:\/\/aujourdhui.ma\/wp-content\/uploads\/2019\/02\/formation-Etudiant.jpg?x29840\" alt=\"Port\u00e9 par la fondation HEM : Les jeunes du Sud b\u00e9n\u00e9ficient du programme Ra\u2019ed \u00abG\u00e9n\u00e9ration Leaders Citoyens\u00bb\"\/><\/p>\n<p class=\"p1\"><span class=\"c4\"><strong><em>La formation englobe plusieurs th\u00e8mes, \u00e0 savoir : le leadership \u00e9thique, l\u2019\u00e9cologie, la d\u00e9mocratie participative, techniques de plaidoyer, la citoyennet\u00e9\u2026 Le choix m\u00e9thodologique de ces ateliers repose sur une logique d\u2019\u00e9change, d\u2019appropriation, de d\u00e9lib\u00e9ration et de projection, \u00e0 travers\u00a0des mises en situation.<\/em><\/strong><\/span><span id=\"more-305544\"\/><\/p>\n<p class=\"p1\"><span class=\"s1\">En partenariat avec l\u2019association Les Citoyens et la fondation allemande Heinrich-B\u00f6ll-Stiftung, la fondation HEM lance un appel \u00e0 candidature au programme Ra\u2019ed \u00abG\u00e9n\u00e9ration Leaders Citoyens\u00bb destin\u00e9 cette fois aux jeunes du Sud. Ce programme s\u2019adresse aux leaders cr\u00e9atifs et innovants, conscients de leur contexte local du d\u00e9veloppement durable, sensibles aux changements et capables de d\u00e9velopper des perspectives pour contribuer efficacement \u00e0 la transformation d\u00e9mocratique de la soci\u00e9t\u00e9.<\/span><\/p>\n<p class=\"p1\"><span class=\"s1\">Le projet Ra\u2019ed vient pour concr\u00e9tiser les orientations de l\u2019\u00e9tude men\u00e9e par Economia, centre de recherche de HEM, sur le leadership dans les organisations marocaines. Ce projet consiste \u00e0 accompagner des jeunes marocains dans les r\u00e9gions vis\u00e9es \u00e0 travers une formation riche en activit\u00e9s.<\/span><\/p>\n<p class=\"p1\"><span class=\"s1\">La formation englobe plusieurs th\u00e8mes, \u00e0 savoir : le leadership \u00e9thique, l\u2019\u00e9cologie, la d\u00e9mocratie participative, techniques de plaidoyer, la citoyennet\u00e9\u2026 Le choix m\u00e9thodologique de ces ateliers repose sur une logique d\u2019\u00e9change, d\u2019appropriation, de d\u00e9lib\u00e9ration et de projection, \u00e0 travers des mises en situation, des d\u00e9bats et des cas d\u2019\u00e9tudes. Ainsi ce programme s\u2019assigne pour objectifs de d\u00e9velopper des leaders efficaces aptes \u00e0 mobiliser des \u00e9quipes, \u00e0 \u00eatre cr\u00e9atifs et innovants, \u00e0 r\u00e9gler des conflits, \u00e0 affronter le changement avec comp\u00e9tence et \u00e0 relever les d\u00e9fis auxquels leur propre organisation est confront\u00e9e, et amener ces leaders \u00e0 mettre en valeur des pratiques durables et \u00e0 trouver des solutions qui r\u00e9pondent aux d\u00e9fis soci\u00e9taux et socio-\u00e9conomiques.<\/span><\/p>\n<p class=\"p1\"><span class=\"s1\">Quatre ateliers de formation seront organis\u00e9s \u00e0 raison de deux week-ends par zone lors de cette troisi\u00e8me \u00e9tape du programme. Ils concernent les r\u00e9gions de Souss-Massa, Guelmim-Oued Noun, La\u00e2youne-Sakia El Hamra, Dakhla-Oued Eddahab et Marrakech-Safi. Ces jeunes devront d\u00e9velopper par la suite un projet \u00e0 caract\u00e8re soci\u00e9tal, social ou entrepreneurial, sous l\u2019encadrement des \u00e9quipes de la fondation HEM et de l\u2019association Les Citoyens.<\/span><\/p>\n<p class=\"p1\"><span class=\"s1\">D\u2019apr\u00e8s les organisateurs, <em>\u00abces ateliers Ra\u2019ed visent \u00e0 traduire des savoirs en actes profitables pour les leaders et leurs communaut\u00e9s, pour un d\u00e9veloppement durable et eco-friendly. Chaque atelier donnera lieu \u00e0 la production de livrables \u00e0 restituer et \u00e0 repr\u00e9senter l\u2019atelier suivant, dans la perspective d\u2019assurer une continuit\u00e9 dans la formation\u00bb.<\/em><\/span><\/p>\n<p class=\"p1\"><span class=\"s1\">Cr\u00e9\u00e9e en 2012, la fondation HEM a regroup\u00e9 l\u2019ensemble des activit\u00e9s citoyennes et de partage du Groupe HEM, et a pour mission d\u2019impacter les cercles acad\u00e9miques, entrepreneuriaux et soci\u00e9taux \u00e0 travers des actions citoyennes, de recherche et d\u2019innovation \u00e0 forte valeur ajout\u00e9e. La Fondation vise \u00e0 d\u00e9velopper chez les jeunes marocains une culture de l\u2019entrepreneuriat et du leadership \u00e9thique favorable au changement, \u00e0 accompagner les projets novateurs et leur donner leurs chances de cro\u00eetre et ce, \u00e0 travers plusieurs projets, dont le projet de formation Ra\u2019ed.<\/span><\/p>\n<p>Auteur: Mohamed Laabid<br \/>\n<a href=\"http:\/\/aujourdhui.ma\/emploi\/formation\/porte-par-la-fondation-hem-les-jeunes-du-sud-beneficient-du-programme-raed-generation-leaders-citoyens\">Cliquez ici pour lire l&rsquo;article depuis sa source.<\/a><\/p>\n","protected":false},"excerpt":{"rendered":"<p>La formation englobe plusieurs th\u00e8mes, \u00e0 savoir : le leadership \u00e9thique, l\u2019\u00e9cologie, la d\u00e9mocratie participative, techniques de plaidoyer, la citoyennet\u00e9\u2026 Le choix m\u00e9thodologique de ces ateliers repose sur une logique d\u2019\u00e9change, d\u2019appropriation, de d\u00e9lib\u00e9ration et de projection, \u00e0 travers\u00a0des mises en situation. En partenariat avec l\u2019association Les Citoyens et la fondation allemande Heinrich-B\u00f6ll-Stiftung, la fondation [&hellip;]<\/p>\n","protected":false},"author":1759,"featured_media":0,"comment_status":"closed","ping_status":"closed","sticky":false,"template":"","format":"standard","meta":{"fifu_image_url":"","fifu_image_alt":"","footnotes":""},"categories":[73,54],"tags":[],"class_list":["post-14170","post","type-post","status-publish","format-standard","hentry","category-actualite","category-maroc"],"_links":{"self":[{"href":"https:\/\/linitiative.ca\/International\/wp-json\/wp\/v2\/posts\/14170","targetHints":{"allow":["GET"]}}],"collection":[{"href":"https:\/\/linitiative.ca\/International\/wp-json\/wp\/v2\/posts"}],"about":[{"href":"https:\/\/linitiative.ca\/International\/wp-json\/wp\/v2\/types\/post"}],"author":[{"embeddable":true,"href":"https:\/\/linitiative.ca\/International\/wp-json\/wp\/v2\/users\/1759"}],"replies":[{"embeddable":true,"href":"https:\/\/linitiative.ca\/International\/wp-json\/wp\/v2\/comments?post=14170"}],"version-history":[{"count":0,"href":"https:\/\/linitiative.ca\/International\/wp-json\/wp\/v2\/posts\/14170\/revisions"}],"wp:attachment":[{"href":"https:\/\/linitiative.ca\/International\/wp-json\/wp\/v2\/media?parent=14170"}],"wp:term":[{"taxonomy":"category","embeddable":true,"href":"https:\/\/linitiative.ca\/International\/wp-json\/wp\/v2\/categories?post=14170"},{"taxonomy":"post_tag","embeddable":true,"href":"https:\/\/linitiative.ca\/International\/wp-json\/wp\/v2\/tags?post=14170"}],"curies":[{"name":"wp","href":"https:\/\/api.w.org\/{rel}","templated":true}]}}