{"id":141707,"date":"2022-02-24T13:00:00","date_gmt":"2022-02-24T18:00:00","guid":{"rendered":"https:\/\/linitiative.ca\/International\/les-pays-voisins-se-preparent-a-accueillir-une-vague-de-refugies\/"},"modified":"2022-02-24T13:00:00","modified_gmt":"2022-02-24T18:00:00","slug":"les-pays-voisins-se-preparent-a-accueillir-une-vague-de-refugies","status":"publish","type":"post","link":"https:\/\/linitiative.ca\/International\/les-pays-voisins-se-preparent-a-accueillir-une-vague-de-refugies\/","title":{"rendered":"Les pays voisins se pr\u00e9parent \u00e0 accueillir une vague de r\u00e9fugi\u00e9s"},"content":{"rendered":"<div>\n<p class=\"has-text-align-center has-vivid-cyan-blue-color has-text-color\"><strong>Crise ukrainiene<\/strong><\/p>\n<p class=\"has-black-color has-text-color\"><strong>Au moment o\u00f9 l\u2019Ukraine se cuirasse contre une invasion russe redout\u00e9e, ses voisins membres de l\u2019Union europ\u00e9enne se pr\u00e9parent \u00e0 un possible afflux de milliers, voire de millions de r\u00e9fugi\u00e9s fuyant les op\u00e9rations militaires.<\/strong><\/p>\n<p class=\"has-black-color has-text-color\">La Pologne, qui a une longue fronti\u00e8re avec l\u2019Ukraine et qui abrite d\u00e9j\u00e0 environ 1,5 million de ses ressortissants, a exprim\u00e9 son soutien au grand voisin de l\u2019est et sa volont\u00e9 de l\u2019aider.<br \/>\u00ab\u00a0La Pologne se pr\u00e9pare \u00e0 diff\u00e9rents sc\u00e9narios li\u00e9s \u00e0 la situation tendue\u00a0\u00bb, a d\u00e9clar\u00e9 mercredi \u00e0 l\u2019AFP le minist\u00e8re de l\u2019Int\u00e9rieur.<\/p>\n<p class=\"has-black-color has-text-color\">Il a pr\u00e9cis\u00e9 que des plans d\u2019urgence pour une crise humanitaire potentielle y \u00e9taient \u00e0 l\u2019\u00e9tude avant m\u00eame que la Russie n\u2019ait reconnu l\u2019ind\u00e9pendance des zones contr\u00f4l\u00e9es par les rebelles dans l\u2019est de l\u2019Ukraine et avant la riposte occidentale par des sanctions.<br \/>\u00ab\u00a0Le minist\u00e8re de l\u2019Int\u00e9rieur prend depuis un certain temps des mesures pour nous pr\u00e9parer \u00e0 une vague allant m\u00eame jusqu\u2019\u00e0 un million de personnes\u00a0\u00bb, a dit le mois dernier le vice-ministre polonais de l\u2019Int\u00e9rieur, Maciej Wasik.<br \/>Le Premier ministre Mateusz Morawiecki a depuis cr\u00e9\u00e9 un groupe de travail charg\u00e9 de d\u00e9finir les besoins en mati\u00e8re de logistique, de transport, de soins m\u00e9dicaux et d\u2019\u00e9ducation, n\u00e9cessaires pour recevoir des r\u00e9fugi\u00e9s ukrainiens.<br \/>\u00ab\u00a0Nous sommes pr\u00eats \u00e0 accueillir des enfants et des jeunes dans les \u00e9coles et des \u00e9tudiants dans les universit\u00e9s polonaises\u00a0\u00bb, a d\u00e9clar\u00e9 mercredi le ministre de l\u2019\u00c9ducation, Przemyslaw Czarnek.<\/p>\n<p class=\"has-black-color has-text-color\">A l\u2019issue de ses entretiens \u00e0 Varsovie, mardi, la commissaire europ\u00e9enne aux Affaires int\u00e9rieures, Ylva Johansson, a soulign\u00e9 aupr\u00e8s de l\u2019AFP que la Pologne \u00e9tait \u00ab\u00a0assez bien pr\u00e9par\u00e9e pour accueillir un grand nombre d\u2019Ukrainiens\u00a0\u00bb.<br \/>Selon elle, la Commission europ\u00e9enne \u00e9tait pr\u00eate \u00e0 apporter \u00e0 ce pays un soutien \u00e9conomique si n\u00e9cessaire, ainsi que l\u2019aide de l\u2019Agence europ\u00e9enne pour l\u2019asile, d\u2019Europol et de l\u2019Agence europ\u00e9enne des fronti\u00e8res, Frontex.<br \/>La Slovaquie, qui partage sa fronti\u00e8re orientale avec l\u2019Ukraine, assure aussi qu\u2019elle est pr\u00eate \u00e0 lui tendre la main.<br \/>\u00ab\u00a0Nous avons des plans tout pr\u00eats pour une \u00e9ventuelle pression des r\u00e9fugi\u00e9s\u00a0\u00bb, a dit mardi le ministre de la D\u00e9fense Jaroslav Nad.<\/p>\n<p class=\"has-black-color has-text-color\">Le ministre de l\u2019Int\u00e9rieur, Roman Mikulec, a pr\u00e9cis\u00e9 aux journalistes qu\u2019il existait quatre camps de r\u00e9fugi\u00e9s pouvant accueillir des demandeurs d\u2019asile ukrainiens.<br \/>\u00ab\u00a0Si la situation l\u2019exige, nous pouvons aussi utiliser les installations d\u2019h\u00e9bergement existantes du minist\u00e8re de l\u2019Int\u00e9rieur et d\u2019autres minist\u00e8res\u00a0\u00bb, a-t-il ajout\u00e9.<br \/>La Roumanie, qui compte parmi les pays les plus pauvres d\u2019Europe, a fait savoir qu\u2019elle ne s\u2019attendait pas \u00e0 ce que beaucoup d\u2019Ukrainiens fuient vers son territoire, mais qu\u2019elle \u00e9tait pr\u00eate \u00e0 en accueillir un demi-million.<br \/>\u00ab\u00a0C\u2019est le chiffre pour lequel nous sommes pr\u00e9par\u00e9s\u00a0\u00bb, a d\u00e9clar\u00e9 mardi le ministre de la D\u00e9fense, Vasile Dancu.<br \/>La Roumanie pourrait mettre en place des centres d\u2019accueil, notamment dans les grandes villes le long des 650 kilom\u00e8tres de sa fronti\u00e8re avec l\u2019Ukraine, a-t-il dit.<\/p>\n<p class=\"has-black-color has-text-color\">\u00ab\u00a0Tentes, lits, couvertures, appareils de chauffage \u2013 tout peut \u00eatre rassembl\u00e9 et install\u00e9 en moins de douze heures\u00a0\u00bb, a affirm\u00e9 Alexandru Moldovan, le pr\u00e9fet de Suceava, dans le nord.<br \/>M\u00eame la Hongrie, dont le Premier ministre Viktor Orban est connu pour ses prises de position dures sur la migration, semblait pr\u00eate \u00e0 accueillir des r\u00e9fugi\u00e9s.<br \/>\u00ab\u00a0En cas de guerre, des centaines de milliers, voire des millions, de r\u00e9fugi\u00e9s arriveraient d\u2019Ukraine et redessineraient fondamentalement la situation politique et \u00e9conomique de la Hongrie\u00a0\u00bb, a-t-il r\u00e9cemment convenu.<br \/>\u00ab\u00a0Nous travaillons pour la paix, mais bien s\u00fbr, les organismes d\u2019\u00c9tat d\u00e9sign\u00e9s ont commenc\u00e9 les pr\u00e9paratifs\u00a0\u00bb, a assur\u00e9 M. Orban.<\/p>\n<p class=\"has-black-color has-text-color\">Mardi, la Hongrie a annonc\u00e9 qu\u2019elle allait d\u00e9ployer ses troupes \u00e0 la fronti\u00e8re avec l\u2019Ukraine, \u00e0 des fins de s\u00e9curit\u00e9 et d\u2019aide humanitaire.<br \/>\u00ab\u00a0(\u2026) Si des r\u00e9fugi\u00e9s arrivent, ils doivent \u00eatre h\u00e9berg\u00e9s et b\u00e9n\u00e9ficier de soins\u00a0\u00bb, a relev\u00e9 mercredi le ministre de la D\u00e9fense Tibor Benko.<\/p>\n<p class=\"has-black-color has-text-color\">L\u2019Agence onusienne pour les r\u00e9fugi\u00e9s (HCR) note n\u2019avoir pas constat\u00e9 de mouvements de populations en dehors des r\u00e9gions orientales de l\u2019Ukraine, mais \u00ab\u00a0la situation reste impr\u00e9visible\u00a0\u00bb.<br \/>Le conflit d\u00e9clench\u00e9 par la Russie avec l\u2019Ukraine pourrait toutefois se traduire par \u00ab\u00a0une nouvelle crise de r\u00e9fugi\u00e9s\u00a0\u00bb avec \u00ab\u00a0jusqu\u2019\u00e0 cinq millions de personnes suppl\u00e9mentaires d\u00e9plac\u00e9es\u00a0\u00bb, a averti mercredi l\u2019ambassadrice am\u00e9ricaine \u00e0 l\u2019ONU, Linda Thomas-Greenfield, devant l\u2019Assembl\u00e9e g\u00e9n\u00e9rale des Nations unies.<br \/>Le Conseil norv\u00e9gien pour les r\u00e9fugi\u00e9s, une importante organisation, a \u00e0 cet \u00e9gard pr\u00e9venu au d\u00e9but du mois que si des millions de personnes \u00e9taient ainsi contraintes \u00e0 quitter leur lieu de r\u00e9sidence, les groupes humanitaires auraient du mal \u00e0 r\u00e9pondre ne serait-ce qu\u2019\u00e0 une fraction de leurs besoins.<\/p>\n<p>L\u2019article <a rel=\"nofollow\" href=\"http:\/\/albayane.press.ma\/les-pays-voisins-se-preparent-a-accueillir-une-vague-de-refugies.html\">Les pays voisins se pr\u00e9parent \u00e0 accueillir une vague de r\u00e9fugi\u00e9s<\/a> est apparu en premier sur <a rel=\"nofollow\" href=\"http:\/\/albayane.press.ma\/\">ALBAYANE<\/a>.<\/p>\n<\/div>\n<p>Auteur: M&rsquo;hammed rahal<br \/>\n<a href=\"http:\/\/albayane.press.ma\/les-pays-voisins-se-preparent-a-accueillir-une-vague-de-refugies.html\">Cliquez ici pour lire l&rsquo;article depuis sa source.<\/a><\/p>\n","protected":false},"excerpt":{"rendered":"<p>Crise ukrainiene Au moment o\u00f9 l\u2019Ukraine se cuirasse contre une invasion russe redout\u00e9e, ses voisins membres de l\u2019Union europ\u00e9enne se pr\u00e9parent \u00e0 un possible afflux de milliers, voire de millions de r\u00e9fugi\u00e9s fuyant les op\u00e9rations militaires. La Pologne, qui a une longue fronti\u00e8re avec l\u2019Ukraine et qui abrite d\u00e9j\u00e0 environ 1,5 million de ses ressortissants, [&hellip;]<\/p>\n","protected":false},"author":1760,"featured_media":0,"comment_status":"closed","ping_status":"closed","sticky":false,"template":"","format":"standard","meta":{"fifu_image_url":"","fifu_image_alt":"","footnotes":""},"categories":[73,54],"tags":[],"class_list":["post-141707","post","type-post","status-publish","format-standard","hentry","category-actualite","category-maroc"],"_links":{"self":[{"href":"https:\/\/linitiative.ca\/International\/wp-json\/wp\/v2\/posts\/141707","targetHints":{"allow":["GET"]}}],"collection":[{"href":"https:\/\/linitiative.ca\/International\/wp-json\/wp\/v2\/posts"}],"about":[{"href":"https:\/\/linitiative.ca\/International\/wp-json\/wp\/v2\/types\/post"}],"author":[{"embeddable":true,"href":"https:\/\/linitiative.ca\/International\/wp-json\/wp\/v2\/users\/1760"}],"replies":[{"embeddable":true,"href":"https:\/\/linitiative.ca\/International\/wp-json\/wp\/v2\/comments?post=141707"}],"version-history":[{"count":0,"href":"https:\/\/linitiative.ca\/International\/wp-json\/wp\/v2\/posts\/141707\/revisions"}],"wp:attachment":[{"href":"https:\/\/linitiative.ca\/International\/wp-json\/wp\/v2\/media?parent=141707"}],"wp:term":[{"taxonomy":"category","embeddable":true,"href":"https:\/\/linitiative.ca\/International\/wp-json\/wp\/v2\/categories?post=141707"},{"taxonomy":"post_tag","embeddable":true,"href":"https:\/\/linitiative.ca\/International\/wp-json\/wp\/v2\/tags?post=141707"}],"curies":[{"name":"wp","href":"https:\/\/api.w.org\/{rel}","templated":true}]}}