{"id":141708,"date":"2022-02-24T13:00:00","date_gmt":"2022-02-24T18:00:00","guid":{"rendered":"https:\/\/linitiative.ca\/International\/tivi5-monde-une-chaine-pour-enfants-qui-sadapte-aux-codes-socioculturels-locaux\/"},"modified":"2022-02-24T13:00:00","modified_gmt":"2022-02-24T18:00:00","slug":"tivi5-monde-une-chaine-pour-enfants-qui-sadapte-aux-codes-socioculturels-locaux","status":"publish","type":"post","link":"https:\/\/linitiative.ca\/International\/tivi5-monde-une-chaine-pour-enfants-qui-sadapte-aux-codes-socioculturels-locaux\/","title":{"rendered":"TiVi5 Monde, une cha\u00eene pour enfants qui s\u2019adapte aux codes socioculturels locaux"},"content":{"rendered":"<div>\n<p class=\"has-text-align-center has-text-color\" style=\"color:#de2222\"><strong>D\u00e9sormais disponible au Maghreb et au Moyen-Orient<\/strong><\/p>\n<p class=\"has-text-align-right has-black-color has-text-color\"><strong>A\u00efmen Bouzoggaghe<\/strong><\/p>\n<p class=\"has-black-color has-text-color\"><strong>Lanc\u00e9e pour la premi\u00e8re fois en 2012 aux Etats-Unis, Tivi5 Monde, cha\u00eene de t\u00e9l\u00e9vision ludo-\u00e9ducative destin\u00e9e aux 4-14 ans, appartenant \u00e0 TV5 Monde SAS, est enfin disponible dans la r\u00e9gion du Maghreb et du Moyen-Orient.<\/strong><\/p>\n<p class=\"has-black-color has-text-color\">A l\u2019occasion de son lancement au Maroc, Yves Bigot, Directeur G\u00e9n\u00e9ral de TV5 Monde, a tenu mercredi \u00e0 Casablanca, un point de presse afin de pr\u00e9senter la cha\u00eene, ses ambitions et ses objectifs.<\/p>\n<p class=\"has-black-color has-text-color\">Proposant des programmes vari\u00e9s issus de la production francophone, dessins anim\u00e9s, programmes \u00e9ducatifs, s\u00e9ries, magazines et longs m\u00e9trages d\u2019animation, TiVi5 Monde ambitionne de devenir la cha\u00eene pr\u00e9f\u00e9r\u00e9e des enfants de la r\u00e9gion comme c\u2019est d\u00e9j\u00e0 le cas aux Etats-Unis et dans 30 pays d\u2019Afrique o\u00f9 elle conna\u00eet un vif succ\u00e8s depuis plusieurs ann\u00e9es. Dans ce sens, Yves Bigot a expliqu\u00e9 que le retard de l\u2019introduction de la cha\u00eene dans la r\u00e9gion Maghr\u00e9bine \u00e9tait seulement d\u00fb \u00e0 des raisons purement budg\u00e9taires.<\/p>\n<p class=\"has-black-color has-text-color\">\u00ab\u00a0Nous allons au cours de notre s\u00e9jour au Maroc essayer de rencontrer un certain nombre de producteurs et de cr\u00e9ateurs de contenu marocains avec lesquels nous esp\u00e9rons pouvoir trouver des accords de collaboration\u00a0\u00bb, a d\u00e9clar\u00e9 Yves Bigot, \u00ab\u00a0 Nous voulons \u00e0 travers ces collaborations avec les cr\u00e9ateurs locaux \u00e0 ce que nos t\u00e9l\u00e9spectateurs marocains se reconnaissent aussi bien physiquement que culturellement dans les programmes que nous diffusons\u00a0\u00bb, a-t-il ajout\u00e9.<\/p>\n<p class=\"has-black-color has-text-color\">De plus, le Directeur G\u00e9n\u00e9ral de TV5 Monde consid\u00e8re que la production locale donnera une visibilit\u00e9 plan\u00e9taire au Maroc, \u00e0 sa culture et \u00e0 son patrimoine, et contribuera par cons\u00e9quent \u00e0 renforcer l\u2019attractivit\u00e9 touristique du pays.<\/p>\n<p class=\"has-black-color has-text-color\">Par ailleurs, il est \u00e0 noter que TiVi5 Monde est disponible depuis le 28 janvier en HD et SD, 24h\/24, 7jours sur 7, en clair et gratuite sur le satellite ARABSAT Badr 26\u00b0 Est qui en d\u00e9tient l\u2019exclusivit\u00e9 dans la zone.<strong> <\/strong>La cha\u00eene jeunesse vient compl\u00e9ter l\u2019offre de TV5 Monde d\u00e9j\u00e0 pr\u00e9sente sur ce m\u00eame satellite, la cha\u00eene g\u00e9n\u00e9raliste culturelle francophone, TV5 Monde Maghreb-Orient et la cha\u00eene th\u00e9matique \u00ab Art de vivre \u00bb TV5 Monde Style HD.<\/p>\n<p class=\"has-black-color has-text-color\">Un site internet (enseigner.tv5monde.com) a \u00e9t\u00e9 \u00e9galement lanc\u00e9 pour mettre \u00e0 la disposition des enseignants et enseignantes de fran\u00e7ais du mat\u00e9riel p\u00e9dagogique pour utiliser les programmes de Tivi5 Monde dans leurs cours.<\/p>\n<p>L\u2019article <a rel=\"nofollow\" href=\"http:\/\/albayane.press.ma\/tivi5-monde-une-chaine-pour-enfants-qui-sadapte-aux-codes-socioculturels-locaux.html\">TiVi5 Monde, une cha\u00eene pour enfants qui s\u2019adapte aux codes socioculturels locaux<\/a> est apparu en premier sur <a rel=\"nofollow\" href=\"http:\/\/albayane.press.ma\/\">ALBAYANE<\/a>.<\/p>\n<\/div>\n<p>Auteur: M&rsquo;hammed rahal<br \/>\n<a href=\"http:\/\/albayane.press.ma\/tivi5-monde-une-chaine-pour-enfants-qui-sadapte-aux-codes-socioculturels-locaux.html\">Cliquez ici pour lire l&rsquo;article depuis sa source.<\/a><\/p>\n","protected":false},"excerpt":{"rendered":"<p>D\u00e9sormais disponible au Maghreb et au Moyen-Orient A\u00efmen Bouzoggaghe Lanc\u00e9e pour la premi\u00e8re fois en 2012 aux Etats-Unis, Tivi5 Monde, cha\u00eene de t\u00e9l\u00e9vision ludo-\u00e9ducative destin\u00e9e aux 4-14 ans, appartenant \u00e0 TV5 Monde SAS, est enfin disponible dans la r\u00e9gion du Maghreb et du Moyen-Orient. A l\u2019occasion de son lancement au Maroc, Yves Bigot, Directeur G\u00e9n\u00e9ral [&hellip;]<\/p>\n","protected":false},"author":1760,"featured_media":0,"comment_status":"closed","ping_status":"closed","sticky":false,"template":"","format":"standard","meta":{"fifu_image_url":"","fifu_image_alt":"","footnotes":""},"categories":[73,54],"tags":[],"class_list":["post-141708","post","type-post","status-publish","format-standard","hentry","category-actualite","category-maroc"],"_links":{"self":[{"href":"https:\/\/linitiative.ca\/International\/wp-json\/wp\/v2\/posts\/141708","targetHints":{"allow":["GET"]}}],"collection":[{"href":"https:\/\/linitiative.ca\/International\/wp-json\/wp\/v2\/posts"}],"about":[{"href":"https:\/\/linitiative.ca\/International\/wp-json\/wp\/v2\/types\/post"}],"author":[{"embeddable":true,"href":"https:\/\/linitiative.ca\/International\/wp-json\/wp\/v2\/users\/1760"}],"replies":[{"embeddable":true,"href":"https:\/\/linitiative.ca\/International\/wp-json\/wp\/v2\/comments?post=141708"}],"version-history":[{"count":0,"href":"https:\/\/linitiative.ca\/International\/wp-json\/wp\/v2\/posts\/141708\/revisions"}],"wp:attachment":[{"href":"https:\/\/linitiative.ca\/International\/wp-json\/wp\/v2\/media?parent=141708"}],"wp:term":[{"taxonomy":"category","embeddable":true,"href":"https:\/\/linitiative.ca\/International\/wp-json\/wp\/v2\/categories?post=141708"},{"taxonomy":"post_tag","embeddable":true,"href":"https:\/\/linitiative.ca\/International\/wp-json\/wp\/v2\/tags?post=141708"}],"curies":[{"name":"wp","href":"https:\/\/api.w.org\/{rel}","templated":true}]}}