{"id":141720,"date":"2022-02-25T09:46:11","date_gmt":"2022-02-25T14:46:11","guid":{"rendered":"https:\/\/linitiative.ca\/International\/coupe-de-la-caf-les-supporters-autorises-a-assister-aux-matchs-de-la-rsb\/"},"modified":"2022-02-25T09:46:11","modified_gmt":"2022-02-25T14:46:11","slug":"coupe-de-la-caf-les-supporters-autorises-a-assister-aux-matchs-de-la-rsb","status":"publish","type":"post","link":"https:\/\/linitiative.ca\/International\/coupe-de-la-caf-les-supporters-autorises-a-assister-aux-matchs-de-la-rsb\/","title":{"rendered":"Coupe de la CAF: les supporters autoris\u00e9s \u00e0 assister aux matchs de la RSB"},"content":{"rendered":"<div>\n<div style=\"margin-bottom:20px;\"><img loading=\"lazy\" decoding=\"async\" width=\"750\" height=\"430\" src=\"https:\/\/linitiative.ca\/International\/wp-content\/uploads\/sites\/23\/2022\/02\/public-berkannais-stade-match-750C397430-MAP.jpg\" class=\"attachment-post-thumbnail size-post-thumbnail wp-post-image\" alt=\"\" srcset=\"https:\/\/linitiative.ca\/International\/wp-content\/uploads\/sites\/23\/2022\/02\/public-berkannais-stade-match-750C397430-MAP.jpg 750w, https:\/\/www.mapoujda.ma\/map\/uploads\/2022\/02\/public-berkannais-stade-match-750\u00d7430-MAP-300x172.jpg 300w\" sizes=\"auto, (max-width: 750px) 100vw, 750px\"><\/div>\n<p style=\"text-align: justify;\">La F\u00e9d\u00e9ration royale marocaine de football (FRMF) a annonc\u00e9 jeudi que les supporters des clubs marocains en lice aux comp\u00e9titions africaines seront autoris\u00e9s \u00e0 assister aux matchs du Raja et du Wydad de Casablanca en Ligue des champions d\u2019Afrique et de la Renaissance de Berkane en Coupe de la CAF.<\/p>\n<p style=\"text-align: justify;\">\u00ab\u00a0Suite aux intenses contacts effectu\u00e9s par le pr\u00e9sident de la FRMF, Fouzi Lekjaa avec les responsables de la Conf\u00e9d\u00e9ration Africaine de Football (CAF), les supporters des clubs marocains en lice aux comp\u00e9titions africaines seront autoris\u00e9s \u00e0 assister aux matchs du Raja Club Athletic (RCA), du Wydad Athletique Club (WAC) en Ligue des champions d\u2019Afrique et de la Renaissance Sportive de Berkane (RSB) en Coupe de la CAF\u00a0\u00bb, a soulign\u00e9 l\u2019instance f\u00e9d\u00e9rale dans un communiqu\u00e9.<\/p>\n<p style=\"text-align: justify;\">Le Raja de Casablanca croisera le fer avec Horoya Conakry vendredi au Complexe sportif Mohammed V de Casablanca \u00e0 partir de 20h00, tandis que le Wydad affrontera les Egyptiens du Zamalek samedi (20h00).<\/p>\n<p style=\"text-align: justify;\">La Renaissance de Berkane accueillera sur sa pelouse le Simba Tanzanie dimanche prochain \u00e0 20h00.<\/p>\n<p>L\u2019article <a rel=\"nofollow\" href=\"https:\/\/www.mapoujda.ma\/fr\/competitions-africaines-les-supporters-autorises-a-assister-aux-matchs-de-la-rsb\/\">Coupe de la CAF: les supporters autoris\u00e9s \u00e0 assister aux matchs de la RSB<\/a> est apparu en premier sur <a rel=\"nofollow\" href=\"https:\/\/www.mapoujda.ma\/fr\">MapOujda<\/a>.<\/p>\n<\/div>\n<p>Auteur: Soufiane ELAHMAR<br \/>\n<a href=\"https:\/\/www.mapoujda.ma\/fr\/competitions-africaines-les-supporters-autorises-a-assister-aux-matchs-de-la-rsb\/\">Cliquez ici pour lire l&rsquo;article depuis sa source.<\/a><\/p>\n","protected":false},"excerpt":{"rendered":"<p>La F\u00e9d\u00e9ration royale marocaine de football (FRMF) a annonc\u00e9 jeudi que les supporters des clubs marocains en lice aux comp\u00e9titions africaines seront autoris\u00e9s \u00e0 assister aux matchs du Raja et du Wydad de Casablanca en Ligue des champions d\u2019Afrique et de la Renaissance de Berkane en Coupe de la CAF. \u00ab\u00a0Suite aux intenses contacts effectu\u00e9s [&hellip;]<\/p>\n","protected":false},"author":1788,"featured_media":0,"comment_status":"closed","ping_status":"closed","sticky":false,"template":"","format":"standard","meta":{"fifu_image_url":"https:\/\/www.mapoujda.ma\/map\/uploads\/2022\/02\/public-berkannais-stade-match-750\u00d7430-MAP.jpg","fifu_image_alt":"Coupe de la CAF: les supporters autoris\u00e9s \u00e0 assister aux matchs de la RSB","footnotes":""},"categories":[54,76],"tags":[],"class_list":["post-141720","post","type-post","status-publish","format-standard","hentry","category-maroc","category-regions"],"_links":{"self":[{"href":"https:\/\/linitiative.ca\/International\/wp-json\/wp\/v2\/posts\/141720","targetHints":{"allow":["GET"]}}],"collection":[{"href":"https:\/\/linitiative.ca\/International\/wp-json\/wp\/v2\/posts"}],"about":[{"href":"https:\/\/linitiative.ca\/International\/wp-json\/wp\/v2\/types\/post"}],"author":[{"embeddable":true,"href":"https:\/\/linitiative.ca\/International\/wp-json\/wp\/v2\/users\/1788"}],"replies":[{"embeddable":true,"href":"https:\/\/linitiative.ca\/International\/wp-json\/wp\/v2\/comments?post=141720"}],"version-history":[{"count":0,"href":"https:\/\/linitiative.ca\/International\/wp-json\/wp\/v2\/posts\/141720\/revisions"}],"wp:attachment":[{"href":"https:\/\/linitiative.ca\/International\/wp-json\/wp\/v2\/media?parent=141720"}],"wp:term":[{"taxonomy":"category","embeddable":true,"href":"https:\/\/linitiative.ca\/International\/wp-json\/wp\/v2\/categories?post=141720"},{"taxonomy":"post_tag","embeddable":true,"href":"https:\/\/linitiative.ca\/International\/wp-json\/wp\/v2\/tags?post=141720"}],"curies":[{"name":"wp","href":"https:\/\/api.w.org\/{rel}","templated":true}]}}