{"id":141722,"date":"2022-02-25T09:51:50","date_gmt":"2022-02-25T14:51:50","guid":{"rendered":"https:\/\/linitiative.ca\/International\/lever-de-rideau-sur-la-6eme-edition-du-festival-de-cinema-de-saidia\/"},"modified":"2022-02-25T09:51:50","modified_gmt":"2022-02-25T14:51:50","slug":"lever-de-rideau-sur-la-6eme-edition-du-festival-de-cinema-de-saidia","status":"publish","type":"post","link":"https:\/\/linitiative.ca\/International\/lever-de-rideau-sur-la-6eme-edition-du-festival-de-cinema-de-saidia\/","title":{"rendered":"Lever de rideau sur la 6\u00e8me \u00e9dition du Festival de cin\u00e9ma de Saidia"},"content":{"rendered":"<div>\n<div style=\"margin-bottom:20px;\"><img loading=\"lazy\" decoding=\"async\" width=\"750\" height=\"430\" src=\"https:\/\/linitiative.ca\/International\/wp-content\/uploads\/sites\/23\/2022\/02\/Ouverture-du-Festival-de-SaC3AFdia-CinC3A9ma-sans-frontiC3A8res-M750C397430.jpg\" class=\"attachment-post-thumbnail size-post-thumbnail wp-post-image\" alt=\"\" srcset=\"https:\/\/linitiative.ca\/International\/wp-content\/uploads\/sites\/23\/2022\/02\/Ouverture-du-Festival-de-SaC3AFdia-CinC3A9ma-sans-frontiC3A8res-M750C397430.jpg 750w, https:\/\/www.mapoujda.ma\/map\/uploads\/2022\/02\/Ouverture-du-Festival-de-Sa\u00efdia-Cin\u00e9ma-sans-fronti\u00e8res-M750\u00d7430-300x172.jpg 300w\" sizes=\"auto, (max-width: 750px) 100vw, 750px\"><\/div>\n<div>\n<p style=\"text-align: justify;\">La 6\u00e8me \u00e9dition du Festival de cin\u00e9ma de Saidia \u00abCin\u00e9ma sans fronti\u00e8res\u00bb s\u2019est ouverte jeudi soir, sous le th\u00e8me \u00abLe cin\u00e9ma pour esp\u00e9rer un avenir meilleur\u00bb.<\/p>\n<p style=\"text-align: justify;\">Cet \u00e9v\u00e9nement, organis\u00e9 jusqu\u2019au 26 f\u00e9vrier courant par l\u2019Association Al Amal pour la cohabitation et le d\u00e9veloppement, connait la participation de 14 films (7 longs m\u00e9trages et 7 courts m\u00e9trages) repr\u00e9sentant le Maroc, la Tunisie, l\u2019Egypte, l\u2019Alg\u00e9rie, la Palestine, la France, l\u2019Espagne, la Mac\u00e9doine du Nord et les Etats-Unis d\u2019Am\u00e9rique.<\/p>\n<p style=\"text-align: justify;\">Dans une allocution lors de la c\u00e9r\u00e9monie d\u2019ouverture de cette \u00e9dition, le directeur du festival, Benyounes Bahkani, a affirm\u00e9 que cette \u00e9dition exceptionnelle, qui a \u00e9t\u00e9 report\u00e9e par deux fois en raison de la pand\u00e9mie de la Covid-19, constitue une occasion pour faire connaitre la production marocaine et internationale en mati\u00e8re de cr\u00e9ation cin\u00e9matographique.<\/p>\n<p style=\"text-align: justify;\">L\u2019association organisatrice \u0153uvre, depuis la premi\u00e8re \u00e9dition de cette manifestation culturelle, pour contribuer au rayonnement culturel, artistique et touristique de Saidia, la \u00abPerle Bleue\u00bb qui aspire \u00e0 devenir un p\u00f4le touristique et culturel important de la r\u00e9gion de l\u2019Oriental, a-t-il ajout\u00e9.<\/p>\n<p style=\"text-align: justify;\">La c\u00e9r\u00e9monie d\u2019ouverture a \u00e9t\u00e9 ponctu\u00e9e de prestations musicales de l\u2019artiste palestinien Zaid Taym, et a \u00e9t\u00e9 marqu\u00e9 par un hommage rendu au r\u00e9alisateur Naoufel Berraoui pour ses contributions distingu\u00e9es dans le cin\u00e9ma et la t\u00e9l\u00e9vision, ainsi qu\u2019\u00e0 plusieurs anciens champions de la boxe de la r\u00e9gion de l\u2019Oriental.<\/p>\n<p style=\"text-align: justify;\">Les films de la comp\u00e9tition officielle des longs et courts m\u00e9trages, projet\u00e9s au si\u00e8ge de la Commune de Saidia, sont en lice pour plusieurs prix, notamment le Grand Prix \u00abLa Perle Bleue\u00bb du long m\u00e9trage et le \u00abPrix de l\u2019Orange\u00bb du court m\u00e9trage.<\/p>\n<p style=\"text-align: justify;\">Le jury de cette \u00e9dition est pr\u00e9sid\u00e9 par l\u2019actrice Touria Alaoui et compte pour membres le critique de cin\u00e9ma Azzedine El Ouafi, le r\u00e9alisateur Naoufel Berraoui, la r\u00e9alisatrice Meriem Ait Belhoussain et le po\u00e8te Mohamed El Mehdaoui.<\/p>\n<p style=\"text-align: justify;\">Le programme de cette \u00e9dition pr\u00e9voit des conf\u00e9rences, des tables rondes et des ateliers, des c\u00e9r\u00e9monies de signature d\u2019ouvrages de la po\u00e9tesse Fatiha Nouhou, de Meriem Ait Belhoussain et d\u2019Azzedine El Ouafi, en plus de visites au centre de formation de la Renaissance sportive de Berkane et aux grottes du Chameau et des Pigeons \u00e0 Zegzel (province de Berkane).<\/p>\n<p style=\"text-align: justify;\">Le festival est organis\u00e9 avec le soutien du minist\u00e8re de la Jeunesse, de la culture et de la communication, du Centre cin\u00e9matographique marocain, de la pr\u00e9fecture de la province de Berkane et des autorit\u00e9s locales et de la Commune de Saidia.<\/p>\n<\/div>\n<p>L\u2019article <a rel=\"nofollow\" href=\"https:\/\/www.mapoujda.ma\/fr\/lever-de-rideau-sur-la-6eme-edition-du-festival-de-cinema-de-saidia\/\">Lever de rideau sur la 6\u00e8me \u00e9dition du Festival de cin\u00e9ma de Saidia<\/a> est apparu en premier sur <a rel=\"nofollow\" href=\"https:\/\/www.mapoujda.ma\/fr\">MapOujda<\/a>.<\/p>\n<\/div>\n<p>Auteur: Soufiane ELAHMAR<br \/>\n<a href=\"https:\/\/www.mapoujda.ma\/fr\/lever-de-rideau-sur-la-6eme-edition-du-festival-de-cinema-de-saidia\/\">Cliquez ici pour lire l&rsquo;article depuis sa source.<\/a><\/p>\n","protected":false},"excerpt":{"rendered":"<p>La 6\u00e8me \u00e9dition du Festival de cin\u00e9ma de Saidia \u00abCin\u00e9ma sans fronti\u00e8res\u00bb s\u2019est ouverte jeudi soir, sous le th\u00e8me \u00abLe cin\u00e9ma pour esp\u00e9rer un avenir meilleur\u00bb. Cet \u00e9v\u00e9nement, organis\u00e9 jusqu\u2019au 26 f\u00e9vrier courant par l\u2019Association Al Amal pour la cohabitation et le d\u00e9veloppement, connait la participation de 14 films (7 longs m\u00e9trages et 7 courts [&hellip;]<\/p>\n","protected":false},"author":1788,"featured_media":0,"comment_status":"closed","ping_status":"closed","sticky":false,"template":"","format":"standard","meta":{"fifu_image_url":"https:\/\/www.mapoujda.ma\/map\/uploads\/2022\/02\/Ouverture-du-Festival-de-Sa\u00efdia-Cin\u00e9ma-sans-fronti\u00e8res-M750\u00d7430.jpg","fifu_image_alt":"Lever de rideau sur la 6\u00e8me \u00e9dition du Festival de cin\u00e9ma de Saidia","footnotes":""},"categories":[54,76],"tags":[],"class_list":["post-141722","post","type-post","status-publish","format-standard","hentry","category-maroc","category-regions"],"_links":{"self":[{"href":"https:\/\/linitiative.ca\/International\/wp-json\/wp\/v2\/posts\/141722","targetHints":{"allow":["GET"]}}],"collection":[{"href":"https:\/\/linitiative.ca\/International\/wp-json\/wp\/v2\/posts"}],"about":[{"href":"https:\/\/linitiative.ca\/International\/wp-json\/wp\/v2\/types\/post"}],"author":[{"embeddable":true,"href":"https:\/\/linitiative.ca\/International\/wp-json\/wp\/v2\/users\/1788"}],"replies":[{"embeddable":true,"href":"https:\/\/linitiative.ca\/International\/wp-json\/wp\/v2\/comments?post=141722"}],"version-history":[{"count":0,"href":"https:\/\/linitiative.ca\/International\/wp-json\/wp\/v2\/posts\/141722\/revisions"}],"wp:attachment":[{"href":"https:\/\/linitiative.ca\/International\/wp-json\/wp\/v2\/media?parent=141722"}],"wp:term":[{"taxonomy":"category","embeddable":true,"href":"https:\/\/linitiative.ca\/International\/wp-json\/wp\/v2\/categories?post=141722"},{"taxonomy":"post_tag","embeddable":true,"href":"https:\/\/linitiative.ca\/International\/wp-json\/wp\/v2\/tags?post=141722"}],"curies":[{"name":"wp","href":"https:\/\/api.w.org\/{rel}","templated":true}]}}