{"id":141724,"date":"2022-02-25T10:07:06","date_gmt":"2022-02-25T15:07:06","guid":{"rendered":"https:\/\/linitiative.ca\/International\/hauteur-de-pluie\/"},"modified":"2022-02-25T10:07:06","modified_gmt":"2022-02-25T15:07:06","slug":"hauteur-de-pluie","status":"publish","type":"post","link":"https:\/\/linitiative.ca\/International\/hauteur-de-pluie\/","title":{"rendered":"Hauteur de pluie"},"content":{"rendered":"<div>\n<div style=\"margin-bottom:20px;\"><img loading=\"lazy\" decoding=\"async\" width=\"750\" height=\"430\" src=\"https:\/\/linitiative.ca\/International\/wp-content\/uploads\/sites\/23\/2022\/02\/pluies-EPA-750C397430.jpg\" class=\"attachment-post-thumbnail size-post-thumbnail wp-post-image\" alt=\"\" srcset=\"https:\/\/linitiative.ca\/International\/wp-content\/uploads\/sites\/23\/2022\/02\/pluies-EPA-750C397430.jpg 750w, https:\/\/www.mapoujda.ma\/map\/uploads\/2022\/02\/pluies-EPA-750\u00d7430-300x172.jpg 300w\" sizes=\"auto, (max-width: 750px) 100vw, 750px\"><\/div>\n<p style=\"text-align: justify;\">Voici les hauteurs de pluie relev\u00e9es en millim\u00e8tres de 06H00 du vendredi 25 f\u00e9vrier 2022 \u00e0 06H00 du samedi 26 f\u00e9vrier 2022, \u00e9tablies par la Direction g\u00e9n\u00e9rale de la m\u00e9t\u00e9orologie:<\/p>\n<p style=\"text-align: justify;\">\u2013 Ifrane : 12<\/p>\n<p style=\"text-align: justify;\">\u2013 Settat : 11<\/p>\n<p style=\"text-align: justify;\">\u2013 F\u00e8s et Taza : 07<\/p>\n<p style=\"text-align: justify;\">\u2013 Chechaouen, El Jadida et Essaouira (A\u00e9roport)\u00a0 : 06<\/p>\n<p style=\"text-align: justify;\">\u2013 Nouaceur et Mekn\u00e8s: 05<\/p>\n<p style=\"text-align: justify;\">\u2013 Bensliman : 4,6<\/p>\n<p style=\"text-align: justify;\">\u2013 T\u00e9touan, Tanger, Casablanca, Khouribga et Tit Mellil : 04<\/p>\n<p style=\"text-align: justify;\">\u2013 Rabat-Sal\u00e9 et Safi : 03<\/p>\n<p style=\"text-align: justify;\">\u2013 Al Hoceima, Larache, Mohammedia et Rabat (ville) : 02<\/p>\n<p style=\"text-align: justify;\">\u2013 Nador et Essaouira (port) : 01<\/p>\n<p style=\"text-align: justify;\">\u2013 K\u00e9nitra, Ouarzazate, Agadir-Inezgane, Sidi Ifni, Taroudant et Benguerir : moins d\u2019un millim\u00e8tre.<\/p>\n<p>L\u2019article <a rel=\"nofollow\" href=\"https:\/\/www.mapoujda.ma\/fr\/hauteur-de-pluie\/\">Hauteur de pluie<\/a> est apparu en premier sur <a rel=\"nofollow\" href=\"https:\/\/www.mapoujda.ma\/fr\">MapOujda<\/a>.<\/p>\n<\/div>\n<p>Auteur: Soufiane ELAHMAR<br \/>\n<a href=\"https:\/\/www.mapoujda.ma\/fr\/hauteur-de-pluie\/\">Cliquez ici pour lire l&rsquo;article depuis sa source.<\/a><\/p>\n","protected":false},"excerpt":{"rendered":"<p>Voici les hauteurs de pluie relev\u00e9es en millim\u00e8tres de 06H00 du vendredi 25 f\u00e9vrier 2022 \u00e0 06H00 du samedi 26 f\u00e9vrier 2022, \u00e9tablies par la Direction g\u00e9n\u00e9rale de la m\u00e9t\u00e9orologie: \u2013 Ifrane : 12 \u2013 Settat : 11 \u2013 F\u00e8s et Taza : 07 \u2013 Chechaouen, El Jadida et Essaouira (A\u00e9roport)\u00a0 : 06 \u2013 Nouaceur [&hellip;]<\/p>\n","protected":false},"author":1788,"featured_media":0,"comment_status":"closed","ping_status":"closed","sticky":false,"template":"","format":"standard","meta":{"fifu_image_url":"https:\/\/www.mapoujda.ma\/map\/uploads\/2022\/02\/pluies-EPA-750\u00d7430.jpg","fifu_image_alt":"Hauteur de pluie","footnotes":""},"categories":[54,76],"tags":[],"class_list":["post-141724","post","type-post","status-publish","format-standard","hentry","category-maroc","category-regions"],"_links":{"self":[{"href":"https:\/\/linitiative.ca\/International\/wp-json\/wp\/v2\/posts\/141724","targetHints":{"allow":["GET"]}}],"collection":[{"href":"https:\/\/linitiative.ca\/International\/wp-json\/wp\/v2\/posts"}],"about":[{"href":"https:\/\/linitiative.ca\/International\/wp-json\/wp\/v2\/types\/post"}],"author":[{"embeddable":true,"href":"https:\/\/linitiative.ca\/International\/wp-json\/wp\/v2\/users\/1788"}],"replies":[{"embeddable":true,"href":"https:\/\/linitiative.ca\/International\/wp-json\/wp\/v2\/comments?post=141724"}],"version-history":[{"count":0,"href":"https:\/\/linitiative.ca\/International\/wp-json\/wp\/v2\/posts\/141724\/revisions"}],"wp:attachment":[{"href":"https:\/\/linitiative.ca\/International\/wp-json\/wp\/v2\/media?parent=141724"}],"wp:term":[{"taxonomy":"category","embeddable":true,"href":"https:\/\/linitiative.ca\/International\/wp-json\/wp\/v2\/categories?post=141724"},{"taxonomy":"post_tag","embeddable":true,"href":"https:\/\/linitiative.ca\/International\/wp-json\/wp\/v2\/tags?post=141724"}],"curies":[{"name":"wp","href":"https:\/\/api.w.org\/{rel}","templated":true}]}}