{"id":141726,"date":"2022-02-25T08:16:53","date_gmt":"2022-02-25T13:16:53","guid":{"rendered":"https:\/\/linitiative.ca\/International\/sidi-kacem-les-infrastructures-hospitalieres-se-renforcent\/"},"modified":"2022-02-25T08:16:53","modified_gmt":"2022-02-25T13:16:53","slug":"sidi-kacem-les-infrastructures-hospitalieres-se-renforcent","status":"publish","type":"post","link":"https:\/\/linitiative.ca\/International\/sidi-kacem-les-infrastructures-hospitalieres-se-renforcent\/","title":{"rendered":"Sidi Kacem : Les infrastructures hospitali\u00e8res se renforcent"},"content":{"rendered":"<div>\n<div class=\"field field-name-body field-type-text-with-summary field-label-hidden\">\n<div class=\"field-items\">\n<div class=\"field-item even\" property=\"content:encoded\">\n<p class=\"rtejustify\">Les infrastructures hospitali\u00e8res de proximit\u00e9 au niveau de la province de Sidi Kacem se renforcent par la mise en service de deux nouveaux \u00e9tablissements.<\/p>\n<\/div>\n<\/div>\n<\/div>\n<\/div>\n<p>Auteur: mbasraoui<br \/>\n<a href=\"https:\/\/www.leconomiste.com\/flash-infos\/sidi-kacem-les-infrastructures-hospitalieres-se-renforcent\">Cliquez ici pour lire l&rsquo;article depuis sa source.<\/a><\/p>\n","protected":false},"excerpt":{"rendered":"<p>Les infrastructures hospitali\u00e8res de proximit\u00e9 au niveau de la province de Sidi Kacem se renforcent par la mise en service de deux nouveaux \u00e9tablissements. Auteur: mbasraoui Cliquez ici pour lire l&rsquo;article depuis sa source.<\/p>\n","protected":false},"author":1763,"featured_media":0,"comment_status":"closed","ping_status":"closed","sticky":false,"template":"","format":"standard","meta":{"fifu_image_url":"","fifu_image_alt":"","footnotes":""},"categories":[78,54],"tags":[],"class_list":["post-141726","post","type-post","status-publish","format-standard","hentry","category-economie","category-maroc"],"_links":{"self":[{"href":"https:\/\/linitiative.ca\/International\/wp-json\/wp\/v2\/posts\/141726","targetHints":{"allow":["GET"]}}],"collection":[{"href":"https:\/\/linitiative.ca\/International\/wp-json\/wp\/v2\/posts"}],"about":[{"href":"https:\/\/linitiative.ca\/International\/wp-json\/wp\/v2\/types\/post"}],"author":[{"embeddable":true,"href":"https:\/\/linitiative.ca\/International\/wp-json\/wp\/v2\/users\/1763"}],"replies":[{"embeddable":true,"href":"https:\/\/linitiative.ca\/International\/wp-json\/wp\/v2\/comments?post=141726"}],"version-history":[{"count":0,"href":"https:\/\/linitiative.ca\/International\/wp-json\/wp\/v2\/posts\/141726\/revisions"}],"wp:attachment":[{"href":"https:\/\/linitiative.ca\/International\/wp-json\/wp\/v2\/media?parent=141726"}],"wp:term":[{"taxonomy":"category","embeddable":true,"href":"https:\/\/linitiative.ca\/International\/wp-json\/wp\/v2\/categories?post=141726"},{"taxonomy":"post_tag","embeddable":true,"href":"https:\/\/linitiative.ca\/International\/wp-json\/wp\/v2\/tags?post=141726"}],"curies":[{"name":"wp","href":"https:\/\/api.w.org\/{rel}","templated":true}]}}